{"id":472238,"date":"2025-10-18T10:24:21","date_gmt":"2025-10-18T10:24:21","guid":{"rendered":"https:\/\/www.europesays.com\/fr\/472238\/"},"modified":"2025-10-18T10:24:21","modified_gmt":"2025-10-18T10:24:21","slug":"il-ny-a-rien-a-faire-pour-le-client-les-heures-creuses-vont-bouger-etes-vous-concerne","status":"publish","type":"post","link":"https:\/\/www.europesays.com\/fr\/472238\/","title":{"rendered":"\u00ab\u00a0Il n\u2019y a rien \u00e0 faire pour le client\u00a0\u00bb\u2026 Les heures creuses vont bouger, \u00eates-vous concern\u00e9\u00a0?"},"content":{"rendered":"<p>C\u2019est un syst\u00e8me qui a plus de soixante ans. Cr\u00e9\u00e9 pour tenter d\u2019\u00e9cluser la production nucl\u00e9aire pendant les heures de nuit, <a href=\"https:\/\/www.20minutes.fr\/economie\/4071038-20240122-electricite-perce-mystere-heures-creuses-heures-pleines\" class=\"c-link c-link--is-underlined\" rel=\"nofollow noopener\" target=\"_blank\">le contrat d\u2019heures creuses et d\u2019heures pleines<\/a> va bient\u00f4t conna\u00eetre sa plus grande r\u00e9volution. Somm\u00e9 de s\u2019adapter aux nouveaux usages et aux nouvelles productions d\u2019\u00e9lectricit\u00e9 par la Commission de r\u00e9gulation de l\u2019\u00e9nergie (CRE), Enedis va conna\u00eetre la plus grande r\u00e9forme de ses contrats clients. Cons\u00e9quence\u00a0: \u00e0 compter du 1er\u00a0novembre, des centaines de milliers de foyers vont voir le placement de ces heures creuses \u00e9voluer. Un changement majeur qui sera impos\u00e9. Vous n\u2019aurez rien \u00e0 faire pour l\u2019enclencher. Mais vous ne pourrez pas non plus vous y opposer. Explications.<\/p>\n<p>Quand le changement va-t-il \u00eatre op\u00e9r\u00e9\u00a0et qui est concern\u00e9\u00a0?<\/p>\n<p>La r\u00e9forme des horaires va d\u00e9marrer le 1er\u00a0novembre. Pour cette premi\u00e8re phase qui doit durer un an, 1,7\u00a0million de foyers sont concern\u00e9s. \u00ab\u00a0Nous allons modifier les heures creuses d\u2019environ 300.000 foyers par mois, soit une moyenne de 10.000 clients par jour\u00a0\u00bb, pr\u00e9cise Thierry Vachon, directeur clients chez Enedis. Tous ceux qui verront leurs heures creuses changer au 1er\u00a0novembre ont normalement d\u00fb \u00eatre pr\u00e9venus par leur fournisseur d\u2019\u00e9lectricit\u00e9, qui doit obligatoirement vous pr\u00e9venir un mois avant votre changement. Rappelons que le tarif des heures creuses est plus faible pour les clients. A terme, <a href=\"https:\/\/www.20minutes.fr\/societe\/4137559-20250206-electricite-va-bientot-changer-tarification-heures-creuses-pleines-11-millions-foyer\" class=\"c-link c-link--is-underlined\" rel=\"nofollow noopener\" target=\"_blank\">11\u00a0millions de familles seront concern\u00e9es<\/a>.<\/p>\n<\/p>\n<p>Les premiers foyers qui sont concern\u00e9s sont ceux qui avaient les heures les plus \u00ab\u00a0avantageuses\u00a0\u00bb pour eux. C\u2019est-\u00e0-dire les personnes b\u00e9n\u00e9ficiant d\u2019heures creuses situ\u00e9es entre 7 heures et 11 heures du matin et entre 17 heures et 23 heures. Ces tranches horaires ont \u00e9t\u00e9 identifi\u00e9es comme des p\u00e9riodes de forte consommation par<a href=\"https:\/\/www.cre.fr\/\" rel=\"nofollow noopener\" target=\"_blank\" class=\"c-link c-link--is-underlined\"> la Commission de r\u00e9gulation de l\u2019\u00e9nergie<\/a>.<\/p>\n<p>O\u00f9 retrouver mes nouvelles heures creuses\u00a0? Et quoi faire\u00a0?<\/p>\n<p>Pour conna\u00eetre vos heures creuses, il faut vous r\u00e9f\u00e9rer \u00e0 votre facture o\u00f9 votre fournisseur d\u2019\u00e9nergie a l\u2019obligation de les mentionner. C\u2019est lui qui vous pr\u00e9viendra de nouveaux horaires. Notez que vos nouvelles heures creuses seront propos\u00e9es en journ\u00e9e, notamment entre 11 heures et 17 heures, mais aussi la nuit. Elles forment un total de huit heures (contre seize heures pour les heures pleines) <a href=\"https:\/\/maison.20minutes.fr\/mm85698-heures-creuses-ce-qui-va-vraiment-changer-sur-votre-facture-delectricite-des-novembre-2025-et-comment-en-profiter-au-maximum\/\" class=\"c-link c-link--is-underlined\" rel=\"nofollow noopener\" target=\"_blank\">avec au minimum cinq heures d\u2019affil\u00e9e la nuit<\/a>. Une n\u00e9cessit\u00e9 pour tous ceux qui veulent recharger leur voiture \u00e9lectrique. \u00ab\u00a0Il n\u2019y a rien \u00e0 faire pour le client\u00a0\u00bb, assure Enedis, qui s\u2019occupera de modifier les horaires \u00e0 distance, via le compteur Linky. Seuls les programmateurs manuels devront \u00eatre modifi\u00e9s.<\/p>\n<p>Pourquoi un tel changement\u00a0?<\/p>\n<p>\u00ab\u00a0Pour inciter \u00e0 consommer au bon moment <a href=\"https:\/\/www.20minutes.fr\/economie\/4131417-20241230-electricite-2025-heures-creuses-changent-heure\" class=\"c-link c-link--is-underlined\" rel=\"nofollow noopener\" target=\"_blank\">et profiter de p\u00e9riodes moins ch\u00e8res\u00a0en journ\u00e9e<\/a>\u00a0\u00bb, d\u00e9taille Timoth\u00e9e Furois, directeur technique chez Enedis. L\u2019id\u00e9e est de mieux coller \u00e0 l\u2019\u00e9volution des usages, notamment au t\u00e9l\u00e9travail et au d\u00e9veloppement des appareils programmables. Avoir des heures creuses en journ\u00e9e, c\u2019est la possibilit\u00e9 de lancer une machine \u00e0 laver, un s\u00e8che-linge ou de mettre son chauffage \u00e0 moindre co\u00fbt.<\/p>\n<p><img decoding=\"async\" alt=\"La France produit de plus en plus d'\u00e9lectricit\u00e9 en journ\u00e9e, notamment gr\u00e2ce aux installations solaires.\" class=\"c-img\" loading=\"lazy\" fetchpriority=\"auto\" width=\"718\"  src=\"https:\/\/img.20mn.fr\/YCwONp9HSBGdbNN6DHePpik\/718x0\" \/>La France produit de plus en plus d&rsquo;\u00e9lectricit\u00e9 en journ\u00e9e, notamment gr\u00e2ce aux installations solaires.\u2002-\u00a0Ugo Amez\/Sipa<\/p>\n<p>La France veut surtout profiter de ses pics de production en journ\u00e9e, notamment du solaire, qui produit surtout l\u2019apr\u00e8s-midi, alors que la demande en \u00e9lectricit\u00e9 est faible. A terme, Enedis esp\u00e8re d\u00e9placer 5 gigawatts de consommation l\u2019apr\u00e8s-midi, soit l\u2019\u00e9quivalent de quatre centrales nucl\u00e9aires.<\/p>\n<p>Pourquoi mon voisin a-t-il des heures diff\u00e9rentes\u00a0?<\/p>\n<p>Les heures creuses sont diff\u00e9rentes selon les r\u00e9gions, afin de tenir compte des sp\u00e9cificit\u00e9s locales de production d\u2019\u00e9lectricit\u00e9. Si votre voisin n\u2019a pas les m\u00eames heures que vous, c\u2019est pour \u00e9viter \u00ab\u00a0un appel de puissance simultan\u00e9 \u00e0 certaines heures\u00a0\u00bb, assure Thierry Vachon.<\/p>\n<p>Puis-je m\u2019opposer\u00a0\u00e0 ce changement\u00a0?<\/p>\n<p>Absolument pas. Vous n\u2019avez pas le choix de vos heures creuses, qui vous sont impos\u00e9es par votre fournisseur. Sachez que si vous changez de fournisseur, les heures creuses ne bougeront pas, puisqu\u2019elles sont attribu\u00e9es par point de livraison (par compteur). Certains op\u00e9rateurs commencent cependant \u00e0 cr\u00e9er des offres tarifaires plus int\u00e9ressantes sur certains cr\u00e9neaux horaires.<\/p>\n<p>A quoi correspondra le changement de saison \u00e9t\u00e9\/hiver\u00a0?<\/p>\n<p>Dans un premier temps, la saisonnalit\u00e9 des heures creuses ne sera pas mise en place. Mais \u00e0 compter de fin\u00a02026, les heures creuses seront modifi\u00e9es selon la saison, soit en mode \u00e9t\u00e9 du 1er\u00a0avril au 31\u00a0octobre, soit en hiver du 1er\u00a0novembre au 31\u00a0mars. \u00ab\u00a0L\u2019\u00e9t\u00e9, on profite un peu plus tard et on produit davantage avec le solaire\u00a0\u00bb, explique Enedis. Les heures creuses seront alors davantage positionn\u00e9es en journ\u00e9e et moins la nuit (mais jamais moins de cinq heures cons\u00e9cutives la nuit). Onze millions de personnes seront concern\u00e9es par ces adaptations qui d\u00e9marreront en novembre\u00a02026 pour s\u2019achever fin\u00a02027.<\/p>\n","protected":false},"excerpt":{"rendered":"C\u2019est un syst\u00e8me qui a plus de soixante ans. Cr\u00e9\u00e9 pour tenter d\u2019\u00e9cluser la production nucl\u00e9aire pendant les&hellip;\n","protected":false},"author":2,"featured_media":472239,"comment_status":"","ping_status":"","sticky":false,"template":"","format":"standard","meta":{"footnotes":""},"categories":[2],"tags":[47,11,6409,1647,579,3674,580,2830,1011,27,6736,12,13146,24524,104,34685,321],"class_list":{"0":"post-472238","1":"post","2":"type-post","3":"status-publish","4":"format-standard","5":"has-post-thumbnail","7":"category-actualites","8":"tag-actualite","9":"tag-actualites","10":"tag-consommateurs","11":"tag-edf","12":"tag-electricite","13":"tag-enedis","14":"tag-energie-solaire","15":"tag-energies-renouvelables","16":"tag-fr","17":"tag-france","18":"tag-hiver","19":"tag-news","20":"tag-panneaux-solaires","21":"tag-prix-de-lelectricite","22":"tag-societe","23":"tag-teletravail","24":"tag-voiture-electrique"},"share_on_mastodon":{"url":"https:\/\/pubeurope.com\/@fr\/115394686148004579","error":""},"_links":{"self":[{"href":"https:\/\/www.europesays.com\/fr\/wp-json\/wp\/v2\/posts\/472238","targetHints":{"allow":["GET"]}}],"collection":[{"href":"https:\/\/www.europesays.com\/fr\/wp-json\/wp\/v2\/posts"}],"about":[{"href":"https:\/\/www.europesays.com\/fr\/wp-json\/wp\/v2\/types\/post"}],"author":[{"embeddable":true,"href":"https:\/\/www.europesays.com\/fr\/wp-json\/wp\/v2\/users\/2"}],"replies":[{"embeddable":true,"href":"https:\/\/www.europesays.com\/fr\/wp-json\/wp\/v2\/comments?post=472238"}],"version-history":[{"count":0,"href":"https:\/\/www.europesays.com\/fr\/wp-json\/wp\/v2\/posts\/472238\/revisions"}],"wp:featuredmedia":[{"embeddable":true,"href":"https:\/\/www.europesays.com\/fr\/wp-json\/wp\/v2\/media\/472239"}],"wp:attachment":[{"href":"https:\/\/www.europesays.com\/fr\/wp-json\/wp\/v2\/media?parent=472238"}],"wp:term":[{"taxonomy":"category","embeddable":true,"href":"https:\/\/www.europesays.com\/fr\/wp-json\/wp\/v2\/categories?post=472238"},{"taxonomy":"post_tag","embeddable":true,"href":"https:\/\/www.europesays.com\/fr\/wp-json\/wp\/v2\/tags?post=472238"}],"curies":[{"name":"wp","href":"https:\/\/api.w.org\/{rel}","templated":true}]}}