{"id":472242,"date":"2025-10-18T10:26:13","date_gmt":"2025-10-18T10:26:13","guid":{"rendered":"https:\/\/www.europesays.com\/fr\/472242\/"},"modified":"2025-10-18T10:26:13","modified_gmt":"2025-10-18T10:26:13","slug":"le-mans-enfin-lheure-pour-une-recrue-deirik-horneland","status":"publish","type":"post","link":"https:\/\/www.europesays.com\/fr\/472242\/","title":{"rendered":"Le Mans : Enfin l&rsquo;heure pour une recrue d&rsquo;Eirik Horneland ?"},"content":{"rendered":"<p>Hier soir, l&rsquo;ESTAC Troyes s&rsquo;est impos\u00e9e face \u00e0 Bastia (1-0). Dans le m\u00eame temps, le Pau FC n&rsquo;a pas r\u00e9ussi \u00e0 se d\u00e9faire de Grenoble. 2 r\u00e9sultats contrast\u00e9s, qui ont r\u00e9trograd\u00e9 <strong>l&rsquo;ASSE \u00e0 la 3e place de <a href=\"https:\/\/www.dailymercato.com\/ligue-2\" rel=\"nofollow noopener\" target=\"_blank\">Ligue 2<\/a><\/strong>.<\/p>\n<p>Face au Mans, les Verts savent combien une victoire est primordiale. Avec un goal average inf\u00e9rieur \u00e0 Troyes (9 pour 11), la bande \u00e0 Lucas Stassin est pr\u00e9venue : il va falloir marquer. Probl\u00e8me : il faudra aussi que <a href=\"https:\/\/www.dailymercato.com\/club\/as-saint-etienne-20\" rel=\"nofollow noopener\" target=\"_blank\">l&rsquo;ASSE<\/a> n&rsquo;encaisse pas trop de buts, malgr\u00e9 une d\u00e9fense exp\u00e9rimentale.\u00a0<\/p>\n<p>Stojkovic \u00e0 droite, l&rsquo;occasion r\u00eav\u00e9e ?<\/p>\n<p>Il faut dire que <strong>la blessure de Chico Lamba va bouleverser les plans d&rsquo;Eirik Horneland<\/strong>. En conf\u00e9rence de presse, le coach norv\u00e9gien a d\u00e9clar\u00e9 vouloir titulariser Joao Ferreira aux c\u00f4t\u00e9s de Micka\u00ebl Nad\u00e9. Mais alors, <strong>qui sera le lat\u00e9ral droit de l&rsquo;ASSE face au Mans<\/strong> <strong>?<\/strong><\/p>\n<p>Convoqu\u00e9 pour la 3e fois de la saison, Strahinja Stojkovic pourrait bien saisir sa chance. <a href=\"https:\/\/www.dailymercato.com\/news\/mercato-asse-3e-arrivee-en-3-jours-seulement-officiel\" rel=\"nofollow noopener\" target=\"_blank\">Le lat\u00e9ral droit de 18 ans a d\u00e9barqu\u00e9 \u00e0 Saint-Etienne en ao\u00fbt dernier<\/a> pour une somme avoisinant les 2,3M\u20ac. Depuis, le Serbe a surtout brill\u00e9 avec la r\u00e9serve et les U19 (3 matchs jou\u00e9s).<\/p>\n<p>Cette fois-ci, <strong>Strahinja Stojkovic pourrait bien disputer ses premi\u00e8res minutes en Ligue 2<\/strong>. Du moins si Horneland le pr\u00e9f\u00e8re au revenant Yvann Ma\u00e7on. Le coach de l&rsquo;ASSE a toutefois fait un choix fort en d\u00e9cidant de ne pas rappeler Dennis Appiah ni Dylan Batubinsika. Place aux jeunes, donc !<\/p>\n<blockquote class=\"twitter-tweet\"><p>&#13;<\/p>\n<p dir=\"ltr\" lang=\"fr\">\ud83d\udc65 Les 18 Verts convoqu\u00e9s pour <a href=\"https:\/\/twitter.com\/hashtag\/ASSELMFC?src=hash&amp;ref_src=twsrc%5Etfw\" rel=\"nofollow noopener\" target=\"_blank\">#ASSELMFC<\/a> !<\/p>\n<p>Rendez-vous ce samedi, dans un Chaudron qui s\u2019annonce bien plein ! \ud83d\udc4a\ud83d\udc9a <a href=\"https:\/\/t.co\/w40v8Bsapd\" rel=\"nofollow\">pic.twitter.com\/w40v8Bsapd<\/a><\/p>\n<p>&#13;<br \/>\n\u2014 AS Saint-\u00c9tienne (@ASSEofficiel) <a href=\"https:\/\/twitter.com\/ASSEofficiel\/status\/1979215989855101143?ref_src=twsrc%5Etfw\" rel=\"nofollow noopener\" target=\"_blank\">October 17, 2025<\/a><\/p><\/blockquote>\n<p>Supporter st\u00e9phanois, je ne perds pas espoir de revoir les Verts retrouver les sommets. En attendant, je m&rsquo;en remets aux autres clubs historiques du football fran\u00e7ais pour prendre mon mal en patience, et ainsi admirer des clubs comme le RC Lens.<\/p>\n<p>            <script async src=\"https:\/\/platform.twitter.com\/widgets.js\" charset=\"utf-8\"><\/script><\/p>\n","protected":false},"excerpt":{"rendered":"Hier soir, l&rsquo;ESTAC Troyes s&rsquo;est impos\u00e9e face \u00e0 Bastia (1-0). Dans le m\u00eame temps, le Pau FC n&rsquo;a&hellip;\n","protected":false},"author":2,"featured_media":472243,"comment_status":"","ping_status":"","sticky":false,"template":"","format":"standard","meta":{"footnotes":""},"categories":[9653],"tags":[1111,11,2430,1777,674,1011,27,12,25,4001],"class_list":{"0":"post-472242","1":"post","2":"type-post","3":"status-publish","4":"format-standard","5":"has-post-thumbnail","7":"category-saint-etienne","8":"tag-actu","9":"tag-actualites","10":"tag-auvergne-rhone-alpes","11":"tag-eu","12":"tag-europe","13":"tag-fr","14":"tag-france","15":"tag-news","16":"tag-republique-francaise","17":"tag-saint-etienne"},"share_on_mastodon":{"url":"https:\/\/pubeurope.com\/@fr\/115394693454026573","error":""},"_links":{"self":[{"href":"https:\/\/www.europesays.com\/fr\/wp-json\/wp\/v2\/posts\/472242","targetHints":{"allow":["GET"]}}],"collection":[{"href":"https:\/\/www.europesays.com\/fr\/wp-json\/wp\/v2\/posts"}],"about":[{"href":"https:\/\/www.europesays.com\/fr\/wp-json\/wp\/v2\/types\/post"}],"author":[{"embeddable":true,"href":"https:\/\/www.europesays.com\/fr\/wp-json\/wp\/v2\/users\/2"}],"replies":[{"embeddable":true,"href":"https:\/\/www.europesays.com\/fr\/wp-json\/wp\/v2\/comments?post=472242"}],"version-history":[{"count":0,"href":"https:\/\/www.europesays.com\/fr\/wp-json\/wp\/v2\/posts\/472242\/revisions"}],"wp:featuredmedia":[{"embeddable":true,"href":"https:\/\/www.europesays.com\/fr\/wp-json\/wp\/v2\/media\/472243"}],"wp:attachment":[{"href":"https:\/\/www.europesays.com\/fr\/wp-json\/wp\/v2\/media?parent=472242"}],"wp:term":[{"taxonomy":"category","embeddable":true,"href":"https:\/\/www.europesays.com\/fr\/wp-json\/wp\/v2\/categories?post=472242"},{"taxonomy":"post_tag","embeddable":true,"href":"https:\/\/www.europesays.com\/fr\/wp-json\/wp\/v2\/tags?post=472242"}],"curies":[{"name":"wp","href":"https:\/\/api.w.org\/{rel}","templated":true}]}}