{"id":472244,"date":"2025-10-18T10:27:20","date_gmt":"2025-10-18T10:27:20","guid":{"rendered":"https:\/\/www.europesays.com\/fr\/472244\/"},"modified":"2025-10-18T10:27:20","modified_gmt":"2025-10-18T10:27:20","slug":"la-suspension-du-conge-de-sante-gynecologique-confirmee-en-appel","status":"publish","type":"post","link":"https:\/\/www.europesays.com\/fr\/472244\/","title":{"rendered":"La suspension du cong\u00e9 de sant\u00e9 gyn\u00e9cologique confirm\u00e9e en appel"},"content":{"rendered":"<p class=\"wp-block-post-excerpt__excerpt\">La cour administrative d\u2019appel de Nancy a confirm\u00e9 la suspension du cong\u00e9 gyn\u00e9cologique de la Ville de Strasbourg. Une d\u00e9cision au fond est toujours attendue mais les agentes victimes de r\u00e8gles douloureuses ne peuvent plus en b\u00e9n\u00e9ficier. <\/p>\n<p class=\"font-sans\">\n\t\t\tCet article est en acc\u00e8s libre. Pour soutenir Rue89 Strasbourg,<br \/>\n\t\t\t<a class=\"underline\" href=\"https:\/\/www.rue89strasbourg.com\/abonnement\" target=\"_blank\" rel=\"noopener\">abonnez-vous<\/a>.\n\t\t<\/p>\n<p>Pierre France<\/p>\n<p>Publi\u00e9 le 17 octobre 2025\u00a0\u00a0\u00b7\u00a0\u00a0<\/p>\n<p>Imprim\u00e9 le 18 octobre 2025 \u00e0 12h26\u00a0\u00a0\u00b7\u00a0\u00a0<\/p>\n<p>Modifi\u00e9 le 17 octobre 2025\u00a0\u00a0\u00b7\u00a0\u00a0<\/p>\n<p>\t\t\t\t\t1\u00a0minute\n<\/p>\n<p>Comme c\u2019\u00e9tait pr\u00e9visible, la <a href=\"https:\/\/nancy.cour-administrative-appel.fr\/decisions-de-justice\/dernieres-decisions\/conge-de-sante-gynecologique-a-strasbourg\" target=\"_blank\" rel=\"noreferrer noopener\">cour administrative d\u2019appel de Nancy a confirm\u00e9 mercredi 16 octobre la suspension<\/a> du cong\u00e9 de sant\u00e9 gyn\u00e9cologique <a href=\"https:\/\/www.rue89strasbourg.com\/conseil-municipal-conge-menstruel-302140\" target=\"_blank\" rel=\"noreferrer noopener\">mis en place par la Ville de Strasbourg<\/a>. Cette suspension avait \u00e9t\u00e9 <a href=\"https:\/\/www.rue89strasbourg.com\/conges-menstruel-agentes-ville-interdit-tribunal-348133\" target=\"_blank\" rel=\"noreferrer noopener\">ordonn\u00e9e en juin par le tribunal administratif de Strasbourg<\/a>, \u00e0 la demande de la pr\u00e9fecture du Bas-Rhin. <\/p>\n<p>La Ville et l\u2019Eurom\u00e9tropole de Strasbourg avaient demand\u00e9 un sursis \u00e0 ex\u00e9cution, afin de permettre aux agentes victimes de r\u00e8gles douloureuses de continuer de b\u00e9n\u00e9ficier d\u2019autorisations sp\u00e9ciales d\u2019absence. Mais la cour administrative d\u2019appel estime qu\u2019il n\u2019y a pas lieu de douter des jugements du tribunal administratif en l\u2019\u00e9tat de l\u2019instruction. \u00ab\u00a0Ces deux arr\u00eats pr\u00e9sentent un caract\u00e8re provisoire\u00a0\u00bb, pr\u00e9cise la cour dans son communiqu\u00e9, \u00ab\u00a0la cour se prononcera ult\u00e9rieurement au fond sur les appels de la Ville de Strasbourg et de l\u2019Eurom\u00e9tropole\u00a0\u00bb.<\/p>\n<p>Aller <strong>plus loin<\/strong><\/p>\n","protected":false},"excerpt":{"rendered":"La cour administrative d\u2019appel de Nancy a confirm\u00e9 la suspension du cong\u00e9 gyn\u00e9cologique de la Ville de Strasbourg.&hellip;\n","protected":false},"author":2,"featured_media":472245,"comment_status":"","ping_status":"","sticky":false,"template":"","format":"standard","meta":{"footnotes":""},"categories":[9635],"tags":[1111,11,59576,8054,1777,674,1011,27,775,303,1702,12,6338,25],"class_list":{"0":"post-472244","1":"post","2":"type-post","3":"status-publish","4":"format-standard","5":"has-post-thumbnail","7":"category-nancy","8":"tag-actu","9":"tag-actualites","10":"tag-cour-administrative-dappel","11":"tag-egalite-homme-femme","12":"tag-eu","13":"tag-europe","14":"tag-fr","15":"tag-france","16":"tag-grand-est","17":"tag-justice","18":"tag-nancy","19":"tag-news","20":"tag-prefecture-du-bas-rhin","21":"tag-republique-francaise"},"share_on_mastodon":{"url":"https:\/\/pubeurope.com\/@fr\/115394697205493247","error":""},"_links":{"self":[{"href":"https:\/\/www.europesays.com\/fr\/wp-json\/wp\/v2\/posts\/472244","targetHints":{"allow":["GET"]}}],"collection":[{"href":"https:\/\/www.europesays.com\/fr\/wp-json\/wp\/v2\/posts"}],"about":[{"href":"https:\/\/www.europesays.com\/fr\/wp-json\/wp\/v2\/types\/post"}],"author":[{"embeddable":true,"href":"https:\/\/www.europesays.com\/fr\/wp-json\/wp\/v2\/users\/2"}],"replies":[{"embeddable":true,"href":"https:\/\/www.europesays.com\/fr\/wp-json\/wp\/v2\/comments?post=472244"}],"version-history":[{"count":0,"href":"https:\/\/www.europesays.com\/fr\/wp-json\/wp\/v2\/posts\/472244\/revisions"}],"wp:featuredmedia":[{"embeddable":true,"href":"https:\/\/www.europesays.com\/fr\/wp-json\/wp\/v2\/media\/472245"}],"wp:attachment":[{"href":"https:\/\/www.europesays.com\/fr\/wp-json\/wp\/v2\/media?parent=472244"}],"wp:term":[{"taxonomy":"category","embeddable":true,"href":"https:\/\/www.europesays.com\/fr\/wp-json\/wp\/v2\/categories?post=472244"},{"taxonomy":"post_tag","embeddable":true,"href":"https:\/\/www.europesays.com\/fr\/wp-json\/wp\/v2\/tags?post=472244"}],"curies":[{"name":"wp","href":"https:\/\/api.w.org\/{rel}","templated":true}]}}