{"id":472246,"date":"2025-10-18T10:28:16","date_gmt":"2025-10-18T10:28:16","guid":{"rendered":"https:\/\/www.europesays.com\/fr\/472246\/"},"modified":"2025-10-18T10:28:16","modified_gmt":"2025-10-18T10:28:16","slug":"un-bouquet-final-signe-deluxe-ce-samedi-soir","status":"publish","type":"post","link":"https:\/\/www.europesays.com\/fr\/472246\/","title":{"rendered":"un bouquet final sign\u00e9 Deluxe ce samedi soir"},"content":{"rendered":"<p>Des soir\u00e9es m\u00e9morables pour la cl\u00f4ture, Nancy Jazz Pulsations en a v\u00e9cu. Et des belles. Magnifiques, aussi. Ibrahim Maalouf, Gilberto Gil, Marcus Miller, Yuri Buenaventura, Calypso Rose, Juliette Armanet, le grand Maceo Parker, Woodkid, Kassav\u2019\u2026 Sans oublier la superbe cr\u00e9ation originale des 50 ans du festival, le dernier samedi est toujours un rendez-vous particulier.<\/p>\n<p>Pas un hasard, d\u2019ailleurs, si la soir\u00e9e est bien souvent la premi\u00e8re \u00e0 afficher complet. C\u2019est le cas pour l\u2019\u00e9dition 2025 de Nancy Jazz Pulsations. Au menu du Chapiteau, Gallowstreet, la fanfare Cioc\u0103rlia et la folie douce Deluxe.<\/p>\n<p>  Deluxe en terre connue<\/p>\n<p>Un groupe que l\u2019on a d\u00e9j\u00e0 vu, en 2019, au c\u0153ur de la P\u00e9pini\u00e8re. Une formation collant \u00e0 l\u2019ADN du festival nanc\u00e9ien en surfant sur toutes les influences musicales et n\u2019h\u00e9sitant pas \u00e0 jouer des r\u00e9seaux sociaux. Bien ancr\u00e9e dans son \u00e9poque, la bande \u00e0 Liliboy va tirer le bouquet final de NJP 2025\u2026 Avant que le Magic n\u2019entretienne la folie ambiante jusqu\u2019au bout de la nuit avec P\u00f6 et Def Mama Def.<\/p>\n<p>\u00c0 port\u00e9e de partition, La Manufacture promet, elle aussi, un intense moment dans la veine, nu jazz et soul, avec Jean-Baptiste Berger et Persuasive, suivie de Theo Crocker.<\/p>\n<p>Ou comment boucler un festival comme il a d\u00e9but\u00e9 et tenu son rythme durant onze jours, en entrem\u00ealant intelligemment et astucieusement tous les genres musicaux tout en faisant preuve d\u2019une belle audace.<\/p>\n","protected":false},"excerpt":{"rendered":"Des soir\u00e9es m\u00e9morables pour la cl\u00f4ture, Nancy Jazz Pulsations en a v\u00e9cu. Et des belles. Magnifiques, aussi. Ibrahim&hellip;\n","protected":false},"author":2,"featured_media":472247,"comment_status":"","ping_status":"","sticky":false,"template":"","format":"standard","meta":{"footnotes":""},"categories":[9635],"tags":[1111,11,1687,1707,1704,1706,1705,1777,674,1011,27,775,873,1702,21112,1703,12,3456,25],"class_list":{"0":"post-472246","1":"post","2":"type-post","3":"status-publish","4":"format-standard","5":"has-post-thumbnail","7":"category-nancy","8":"tag-actu","9":"tag-actualites","10":"tag-culture-loisirs","11":"tag-edition-luneville","12":"tag-edition-nancy-et-agglomeration","13":"tag-edition-pont-a-mousson","14":"tag-edition-toul","15":"tag-eu","16":"tag-europe","17":"tag-fr","18":"tag-france","19":"tag-grand-est","20":"tag-musique","21":"tag-nancy","22":"tag-nancy-jazz-pulsations","23":"tag-nancy-ville-54b","24":"tag-news","25":"tag-region-lorraine","26":"tag-republique-francaise"},"share_on_mastodon":{"url":"https:\/\/pubeurope.com\/@fr\/115394701260335456","error":""},"_links":{"self":[{"href":"https:\/\/www.europesays.com\/fr\/wp-json\/wp\/v2\/posts\/472246","targetHints":{"allow":["GET"]}}],"collection":[{"href":"https:\/\/www.europesays.com\/fr\/wp-json\/wp\/v2\/posts"}],"about":[{"href":"https:\/\/www.europesays.com\/fr\/wp-json\/wp\/v2\/types\/post"}],"author":[{"embeddable":true,"href":"https:\/\/www.europesays.com\/fr\/wp-json\/wp\/v2\/users\/2"}],"replies":[{"embeddable":true,"href":"https:\/\/www.europesays.com\/fr\/wp-json\/wp\/v2\/comments?post=472246"}],"version-history":[{"count":0,"href":"https:\/\/www.europesays.com\/fr\/wp-json\/wp\/v2\/posts\/472246\/revisions"}],"wp:featuredmedia":[{"embeddable":true,"href":"https:\/\/www.europesays.com\/fr\/wp-json\/wp\/v2\/media\/472247"}],"wp:attachment":[{"href":"https:\/\/www.europesays.com\/fr\/wp-json\/wp\/v2\/media?parent=472246"}],"wp:term":[{"taxonomy":"category","embeddable":true,"href":"https:\/\/www.europesays.com\/fr\/wp-json\/wp\/v2\/categories?post=472246"},{"taxonomy":"post_tag","embeddable":true,"href":"https:\/\/www.europesays.com\/fr\/wp-json\/wp\/v2\/tags?post=472246"}],"curies":[{"name":"wp","href":"https:\/\/api.w.org\/{rel}","templated":true}]}}