{"id":472248,"date":"2025-10-18T10:29:19","date_gmt":"2025-10-18T10:29:19","guid":{"rendered":"https:\/\/www.europesays.com\/fr\/472248\/"},"modified":"2025-10-18T10:29:19","modified_gmt":"2025-10-18T10:29:19","slug":"a50-a57-fermeture-tunnel-toulon-dir-nice-et-dir-marseille-lundi-3","status":"publish","type":"post","link":"https:\/\/www.europesays.com\/fr\/472248\/","title":{"rendered":"A50-A57 fermeture tunnel Toulon dir Nice et dir Marseille LUNDI"},"content":{"rendered":"<ol class=\"breadcrumb\" itemscope=\"\" itemtype=\"https:\/\/schema.org\/BreadcrumbList\">\n<li itemprop=\"itemListElement\" itemscope=\"\" itemtype=\"https:\/\/schema.org\/ListItem\">\n                    <a itemprop=\"item\" href=\"https:\/\/radio.vinci-autoroutes.com\/\" target=\"_blank\" rel=\"noopener\"><br \/>\n                        Accueil<br \/>\n                    <\/a><\/p>\n<\/li>\n<li itemprop=\"itemListElement\" itemscope=\"\" itemtype=\"https:\/\/schema.org\/ListItem\">\n                        <a itemprop=\"item\" href=\"https:\/\/radio.vinci-autoroutes.com\/rubrique\/infotrafic\" target=\"_blank\" rel=\"noopener\"><br \/>\n                            Actu trafic<br \/>\n                        <\/a><\/p>\n<\/li>\n<li itemprop=\"itemListElement\" itemscope=\"\" itemtype=\"https:\/\/schema.org\/ListItem\">\n                        <a itemprop=\"item\" href=\"https:\/\/radio.vinci-autoroutes.com\/rubrique\/travaux\" target=\"_blank\" rel=\"noopener\"><br \/>\n                            Travaux<br \/>\n                        <\/a><\/p>\n<\/li>\n<\/ol>\n<p class=\"article-chapeau\" itemprop=\"description\">Dans le Var, la nuit du lundi 20 au mardi 21 octobre, \u00e0 partir de 21h et au plus tard jusqu\u2019\u00e0 06h du matin, le tunnel de Toulon est ferm\u00e9 en direction de Nice. Dans le prolongement, l&rsquo;autoroute A57 est ferm\u00e9e entre La Valette Sud N\u00b04 et la bifurcation avec l&rsquo;A570. <br \/>&#13;<br \/>\nDans l&rsquo;autre sens, direction Marseille, depuis l&rsquo;A57, vous ne pouvez pas emprunter l&rsquo;autoroute A570. Dans le prolongement, l&rsquo;autoroute A50 est ferm\u00e9e entre Toulon Centre N\u00b017 et Ch\u00e2teauvallon N\u00b014 ce qui inclut le Tunnel.<\/p>\n<p class=\"article-author\">Auteur : Rapha\u00ebl Val\u00e9<\/p>\n<p class=\"article-modification\">Derni\u00e8re modification : 17\/10\/2025 14:31<\/p>\n<p>                <img decoding=\"async\" src=\"https:\/\/www.europesays.com\/fr\/wp-content\/uploads\/2025\/08\/M-nuit-generique-panneau-W-DANIELS.jpg\" alt=\"A50-A57 fermeture tunnel Toulon dir Nice et dir Marseille LUNDI\"\/><\/p>\n<p>                                                    0:28\n                                            <\/p>\n<p class=\"legende\">Panneau de signalisation routi\u00e8re visible de nuit sur chantier<\/p>\n<p>                            \u00a9 VINCI Autoroutes &#8211; W DANIELS                        <\/p>\n<p>\n        Des fermetures pour effectuer des travaux d&rsquo;entretien.     <\/p>\n<p>            Pour approfondir le sujet<\/p>\n<p>        Partager cet article<\/p>\n","protected":false},"excerpt":{"rendered":"Accueil Actu trafic Travaux Dans le Var, la nuit du lundi 20 au mardi 21 octobre, \u00e0 partir&hellip;\n","protected":false},"author":2,"featured_media":338030,"comment_status":"","ping_status":"","sticky":false,"template":"","format":"standard","meta":{"footnotes":""},"categories":[9619],"tags":[34001,1111,11,1777,674,13407,1011,27,9865,9778,884,12,2401,293,7518,882,25,2310,17374],"class_list":{"0":"post-472248","1":"post","2":"type-post","3":"status-publish","4":"format-standard","5":"has-post-thumbnail","7":"category-toulon","8":"tag-a50-a57","9":"tag-actu","10":"tag-actualites","11":"tag-eu","12":"tag-europe","13":"tag-fermeture","14":"tag-fr","15":"tag-france","16":"tag-lundi","17":"tag-mardi","18":"tag-marseille","19":"tag-news","20":"tag-nice","21":"tag-nuit","22":"tag-octobre","23":"tag-provence-alpes-cote-dazur","24":"tag-republique-francaise","25":"tag-toulon","26":"tag-tunnel"},"share_on_mastodon":{"url":"https:\/\/pubeurope.com\/@fr\/115394705514002276","error":""},"_links":{"self":[{"href":"https:\/\/www.europesays.com\/fr\/wp-json\/wp\/v2\/posts\/472248","targetHints":{"allow":["GET"]}}],"collection":[{"href":"https:\/\/www.europesays.com\/fr\/wp-json\/wp\/v2\/posts"}],"about":[{"href":"https:\/\/www.europesays.com\/fr\/wp-json\/wp\/v2\/types\/post"}],"author":[{"embeddable":true,"href":"https:\/\/www.europesays.com\/fr\/wp-json\/wp\/v2\/users\/2"}],"replies":[{"embeddable":true,"href":"https:\/\/www.europesays.com\/fr\/wp-json\/wp\/v2\/comments?post=472248"}],"version-history":[{"count":0,"href":"https:\/\/www.europesays.com\/fr\/wp-json\/wp\/v2\/posts\/472248\/revisions"}],"wp:featuredmedia":[{"embeddable":true,"href":"https:\/\/www.europesays.com\/fr\/wp-json\/wp\/v2\/media\/338030"}],"wp:attachment":[{"href":"https:\/\/www.europesays.com\/fr\/wp-json\/wp\/v2\/media?parent=472248"}],"wp:term":[{"taxonomy":"category","embeddable":true,"href":"https:\/\/www.europesays.com\/fr\/wp-json\/wp\/v2\/categories?post=472248"},{"taxonomy":"post_tag","embeddable":true,"href":"https:\/\/www.europesays.com\/fr\/wp-json\/wp\/v2\/tags?post=472248"}],"curies":[{"name":"wp","href":"https:\/\/api.w.org\/{rel}","templated":true}]}}