{"id":472250,"date":"2025-10-18T10:31:10","date_gmt":"2025-10-18T10:31:10","guid":{"rendered":"https:\/\/www.europesays.com\/fr\/472250\/"},"modified":"2025-10-18T10:31:10","modified_gmt":"2025-10-18T10:31:10","slug":"a-la-recherche-du-son-parfait-il-se-cache-peut-etre-a-la-halle-tropisme","status":"publish","type":"post","link":"https:\/\/www.europesays.com\/fr\/472250\/","title":{"rendered":"\u00c0 la recherche du son parfait ? Il se cache peut-\u00eatre \u00e0 la Halle Tropisme"},"content":{"rendered":"<p>            Par<br \/>\n        <strong><br \/>\n            <a href=\"https:\/\/actu.fr\/auteur\/metropoop\" title=\"Consulter tous les articles de R\u00e9daction M\u00e9tropolitain\" rel=\"nofollow noopener\" target=\"_blank\">R\u00e9daction M\u00e9tropolitain<\/a><br \/>\n        <\/strong><\/p>\n<p>        Publi\u00e9 le<\/p>\n<p>            18 oct. 2025 \u00e0 11h35        <\/p>\n<p>Dimanche 19 octobre, de 10h \u00e0 18h, la <strong>Halle Tropisme, \u00e0 Montpellier<\/strong>, convie chineurs et m\u00e9lomanes au <strong>10\u00b0 Vinyl Pop-Up Market<\/strong>. Au programme : des milliers de disques, une ambiance de passionn\u00e9s et musique. \u00a0<\/p>\n<p>Des milliers de disques \u00e0 d\u00e9nicher<\/p>\n<p class=\" wall-content\">Si vous \u00eates \u00e0 la recherche d\u2019un pressage rare ou d\u2019un classique ind\u00e9modable, vous pourriez trouver votre p\u00e9pite. Des<strong> dizaines de milliers de 45T, 33T, CD et DVD<\/strong> (neufs et d\u2019occasion) ainsi qu\u2019une <strong>ribambelle d\u2019accessoires<\/strong> et de <strong>produits d\u00e9riv\u00e9s<\/strong> seront disponibles. Professionnels, particuliers et associations tiennent les stands : on vient fouiller les bacs, comparer les \u00e9ditions, n\u00e9gocier une p\u00e9pite ou repartir avec la bande-son d\u2019un \u00e9t\u00e9 pass\u00e9.<\/p>\n<p>Fl\u00e2nerie, \u00e9changes et \u00e9clectisme musical<\/p>\n<p class=\" wall-content\">L\u2019\u00e9v\u00e9nement est pens\u00e9 pour <strong>fl\u00e2ner entre amis ou en famille<\/strong> et pour <strong>converser entre passionn\u00e9s<\/strong>. Rock, pop, punk, m\u00e9tal, soul, funk, hip-hop, world, jazz, \u00e9lectro\u2026<strong> tous les courants musicaux<\/strong> sont repr\u00e9sent\u00e9s, offrant un panorama \u00e9clectique qui ravira curieux et collectionneurs. DJs et playlists accompagnent la journ\u00e9e, veillant \u00e0 ce que l\u2019ambiance reste chaleureuse et propice aux d\u00e9couvertes.<\/p>\n<p>    <a href=\"https:\/\/www.google.com\/maps\/embed?pb=!1m18!1m12!1m3!1d6169.658613132067!2d3.8561567763855655!3d43.60225257110453!2m3!1f0!2f0!3f0!3m2!1i1024!2i768!4f13.1!3m3!1m2!1s0x12b6af09b585b30b%3A0x13f65e520706c371!2sHalle%20Tropisme!5e1!3m2!1sfr!2sfr!4v1760013277129!5m2!1sfr!2sfr\" title=\"Ouvrie le lien\" rel=\"nofollow noopener\" target=\"_blank\">Cliquez ici pour visualiser le contenu<\/a><\/p>\n<p>Convivialit\u00e9 sur place<\/p>\n<p class=\" wall-content\">La Halle Tropisme, fid\u00e8le \u00e0 son esprit de lieu de vie, ouvre aussi <strong>sa terrasse et son restaurant<\/strong> durant le march\u00e9. Pause d\u00e9jeuner, verre partag\u00e9 ou simple r\u00e9pit entre deux chasses au vinyle : c\u2019est l\u2019occasion de faire une halte conviviale avant de replonger dans les bacs.<\/p>\n<p>Vid\u00e9os : en ce moment sur ActuPoint d\u2019orgue acoustique \u00e0 16h<\/p>\n<p class=\" wall-content\">\u00c0 partir de 16h,<strong> Jay Pinelli<\/strong> (Verdun, Mudweiser, Harah) pose sa guitare \u00e9lectrique pour proposer un set en format acoustique. Au programme : compositions personnelles et reprises marquantes (Johnny Cash, Nick Cave, Bruce Springsteen) dans une atmosph\u00e8re plus intime, id\u00e9ale pour clore la journ\u00e9e sur une note sensible.<\/p>\n<p><strong>&gt; Pratique : <\/strong>10\u00b0 Vinyl Pop-Up Market, le dimanche 19 octobre, de 10h \u00e0 18h, \u00e0 la Halle Tropisme, \u00e0 Montpellier. Entr\u00e9e 3\u20ac sur place. Gratuit pour les moins de 16 ans, \u00e9tudiants et demandeurs d\u2019emploi. Buvette et restauration sur place. Parking gratuit.\u00a0<\/p>\n<p class=\" wall-content\">Personnalisez votre actualit\u00e9 en ajoutant vos villes et m\u00e9dias en favori avec <a href=\"https:\/\/moncompte.actu.fr\" title=\"D\u00e9couvez Mon Actu\" rel=\"nofollow noopener\" data-trk=\"{&quot;cta&quot;:{&quot;action&quot;:&quot;https:\\\/\\\/moncompte.actu.fr&quot;,&quot;category&quot;:&quot;mon compte&quot;,&quot;from&quot;:&quot;article footer&quot;,&quot;name&quot;:&quot;Mon actu&quot;,&quot;type&quot;:&quot;cta&quot;}}\" target=\"_blank\">Mon Actu<\/a>.<\/p>\n","protected":false},"excerpt":{"rendered":"Par R\u00e9daction M\u00e9tropolitain Publi\u00e9 le 18 oct. 2025 \u00e0 11h35 Dimanche 19 octobre, de 10h \u00e0 18h, la&hellip;\n","protected":false},"author":2,"featured_media":472251,"comment_status":"","ping_status":"","sticky":false,"template":"","format":"standard","meta":{"footnotes":""},"categories":[9599],"tags":[1111,11,1777,674,1011,27,2208,12,2680,25,104],"class_list":{"0":"post-472250","1":"post","2":"type-post","3":"status-publish","4":"format-standard","5":"has-post-thumbnail","7":"category-montpellier","8":"tag-actu","9":"tag-actualites","10":"tag-eu","11":"tag-europe","12":"tag-fr","13":"tag-france","14":"tag-montpellier","15":"tag-news","16":"tag-occitanie","17":"tag-republique-francaise","18":"tag-societe"},"share_on_mastodon":{"url":"https:\/\/pubeurope.com\/@fr\/115394713041919524","error":""},"_links":{"self":[{"href":"https:\/\/www.europesays.com\/fr\/wp-json\/wp\/v2\/posts\/472250","targetHints":{"allow":["GET"]}}],"collection":[{"href":"https:\/\/www.europesays.com\/fr\/wp-json\/wp\/v2\/posts"}],"about":[{"href":"https:\/\/www.europesays.com\/fr\/wp-json\/wp\/v2\/types\/post"}],"author":[{"embeddable":true,"href":"https:\/\/www.europesays.com\/fr\/wp-json\/wp\/v2\/users\/2"}],"replies":[{"embeddable":true,"href":"https:\/\/www.europesays.com\/fr\/wp-json\/wp\/v2\/comments?post=472250"}],"version-history":[{"count":0,"href":"https:\/\/www.europesays.com\/fr\/wp-json\/wp\/v2\/posts\/472250\/revisions"}],"wp:featuredmedia":[{"embeddable":true,"href":"https:\/\/www.europesays.com\/fr\/wp-json\/wp\/v2\/media\/472251"}],"wp:attachment":[{"href":"https:\/\/www.europesays.com\/fr\/wp-json\/wp\/v2\/media?parent=472250"}],"wp:term":[{"taxonomy":"category","embeddable":true,"href":"https:\/\/www.europesays.com\/fr\/wp-json\/wp\/v2\/categories?post=472250"},{"taxonomy":"post_tag","embeddable":true,"href":"https:\/\/www.europesays.com\/fr\/wp-json\/wp\/v2\/tags?post=472250"}],"curies":[{"name":"wp","href":"https:\/\/api.w.org\/{rel}","templated":true}]}}