{"id":472258,"date":"2025-10-18T10:37:37","date_gmt":"2025-10-18T10:37:37","guid":{"rendered":"https:\/\/www.europesays.com\/fr\/472258\/"},"modified":"2025-10-18T10:37:37","modified_gmt":"2025-10-18T10:37:37","slug":"ligue-2-des-actions-spectaculaires-et-des-buts-revivez-le-match-nul-entre-le-gf38-et-pau","status":"publish","type":"post","link":"https:\/\/www.europesays.com\/fr\/472258\/","title":{"rendered":"Ligue 2. Des actions spectaculaires et des buts : revivez le match nul entre le GF38 et Pau"},"content":{"rendered":"<p>Quelle fin de match entre le GF38 et Pau. Les Is\u00e9rois, qui menaient 1-0 jusqu&rsquo;\u00e0 la 90e minute se sont fait rejoindre au d\u00e9but du temps additionnel par les Palois. La rencontre s&rsquo;est alors totalement d\u00e9brid\u00e9e et les occasions ont \u00e9t\u00e9 multiples dans les derni\u00e8res secondes de jeu. Grenoble prend un petit point et aurait pu pr\u00e9tendre \u00e0 mieux. Les joueurs de Franck Rizzetto iront au Red Star samedi prochain.<\/p>\n<p>&#13;<br \/>\n              L.A. &#8211; &#13;<br \/>\n        &#13;<br \/>\n          Hier \u00e0 21:57&#13;<br \/>\n    &#13;<br \/>\n                  | mis \u00e0 jour hier \u00e0 21:57&#13;<br \/>\n              &#8211; Temps de lecture : &#13;<br \/>\n  &#13;\n<\/p>\n<p>                        &#13;<br \/>\n    &#13;<br \/>\n    &#13;<br \/>\n    <a href=\"https:\/\/cdn-s-www.ledauphine.com\/images\/406476CA-BEFC-4158-9850-E35D70C80175\/NW_raw\/infographie-le-dl-1760695301.jpg\" title=\"Infographie Le DL\" class=\"chocolat-image GA-tracking\" data-ga_type=\"click\" data-ga_category=\"D\u00e9tail\" data-ga_action=\"zoomer\" data-ga_label=\"aggrandir image\" target=\"_blank\" rel=\"noopener\">&#13;<br \/>\n        <img src=\"https:\/\/www.europesays.com\/fr\/wp-content\/uploads\/2025\/10\/infographie-le-dl-1760695301.jpg\"   alt=\"Infographie Le DL\" fetchpriority=\"high\" decoding=\"async\" data-mobile=\"NW_detail_M|1760695301\" data-base=\"NW_detail|1760695301\"\/>&#13;<br \/>\n    <\/a>&#13;<br \/>\n    Infographie Le DL<\/p>\n","protected":false},"excerpt":{"rendered":"Quelle fin de match entre le GF38 et Pau. Les Is\u00e9rois, qui menaient 1-0 jusqu&rsquo;\u00e0 la 90e minute&hellip;\n","protected":false},"author":2,"featured_media":472259,"comment_status":"","ping_status":"","sticky":false,"template":"","format":"standard","meta":{"footnotes":""},"categories":[9566],"tags":[1111,11,2430,3545,112,1777,674,107,1701,63,1011,27,329,12637,2731,2732,108,12636,12,25,517,1947],"class_list":{"0":"post-472258","1":"post","2":"type-post","3":"status-publish","4":"format-standard","5":"has-post-thumbnail","7":"category-grenoble","8":"tag-actu","9":"tag-actualites","10":"tag-auvergne-rhone-alpes","11":"tag-direct-sport","12":"tag-edition-grenoble-agglomeration","13":"tag-eu","14":"tag-europe","15":"tag-fil-info","16":"tag-fil-info-sport","17":"tag-football","18":"tag-fr","19":"tag-france","20":"tag-france-monde","21":"tag-gf38-grenoble-foot-38","22":"tag-grenoble","23":"tag-grenoble-bassin","24":"tag-isere","25":"tag-ligue-2-football","26":"tag-news","27":"tag-republique-francaise","28":"tag-sport","29":"tag-sport-national"},"share_on_mastodon":{"url":"https:\/\/pubeurope.com\/@fr\/115394737102672065","error":""},"_links":{"self":[{"href":"https:\/\/www.europesays.com\/fr\/wp-json\/wp\/v2\/posts\/472258","targetHints":{"allow":["GET"]}}],"collection":[{"href":"https:\/\/www.europesays.com\/fr\/wp-json\/wp\/v2\/posts"}],"about":[{"href":"https:\/\/www.europesays.com\/fr\/wp-json\/wp\/v2\/types\/post"}],"author":[{"embeddable":true,"href":"https:\/\/www.europesays.com\/fr\/wp-json\/wp\/v2\/users\/2"}],"replies":[{"embeddable":true,"href":"https:\/\/www.europesays.com\/fr\/wp-json\/wp\/v2\/comments?post=472258"}],"version-history":[{"count":0,"href":"https:\/\/www.europesays.com\/fr\/wp-json\/wp\/v2\/posts\/472258\/revisions"}],"wp:featuredmedia":[{"embeddable":true,"href":"https:\/\/www.europesays.com\/fr\/wp-json\/wp\/v2\/media\/472259"}],"wp:attachment":[{"href":"https:\/\/www.europesays.com\/fr\/wp-json\/wp\/v2\/media?parent=472258"}],"wp:term":[{"taxonomy":"category","embeddable":true,"href":"https:\/\/www.europesays.com\/fr\/wp-json\/wp\/v2\/categories?post=472258"},{"taxonomy":"post_tag","embeddable":true,"href":"https:\/\/www.europesays.com\/fr\/wp-json\/wp\/v2\/tags?post=472258"}],"curies":[{"name":"wp","href":"https:\/\/api.w.org\/{rel}","templated":true}]}}