{"id":47226,"date":"2025-04-23T18:25:08","date_gmt":"2025-04-23T18:25:08","guid":{"rendered":"https:\/\/www.europesays.com\/fr\/47226\/"},"modified":"2025-04-23T18:25:08","modified_gmt":"2025-04-23T18:25:08","slug":"des-superbacteries-detectees-dans-cette-eau-en-bouteille-populaire-300-000-bouteilles-contaminees","status":"publish","type":"post","link":"https:\/\/www.europesays.com\/fr\/47226\/","title":{"rendered":"Des superbact\u00e9ries d\u00e9tect\u00e9es dans cette eau en bouteille populaire, 300 000 bouteilles contamin\u00e9es"},"content":{"rendered":"<p>        Montrer le sommaire<br \/>\n        Cacher le sommaire <\/p>\n<p>L\u2019eau en bouteille n\u2019est pas une option aussi saine que ce que nous pouvons penser. Depuis quelques petites ann\u00e9es, <strong>certaines \u00e9tudes<\/strong> (comme celle d\u2019Agir pour l\u2019Environnement)<strong> alertent notamment sur la contamination aux microplastiques.<\/strong><\/p>\n<p>Mais aujourd\u2019hui, c\u2019est une autre contamination qui nous int\u00e9resse. <strong>Elle concerne la marque Perrier, qui fait alors face \u00e0 une nouvelle pol\u00e9mique<\/strong>. Ce sont 300 000 bouteilles qui ne peuvent pas <a href=\"https:\/\/www.nuitfrance.fr\/a-la-une\/170557-eaux-en-bouteille-contaminees-8-marques-dans-le-collimateur-des-autorites-2\/\" rel=\"nofollow noopener\" target=\"_blank\">se retrouver \u00e0 la vente<\/a>. En cause : des ent\u00e9robact\u00e9ries d\u2019origine intestinale.\n<\/p>\n<p><strong>Une eau en bouteille qui risque de perdre son prestigieux label<\/strong><\/p>\n<p>L\u2019Agence r\u00e9gionale de sant\u00e9 (ARS) d\u2019Occitanie demande \u00e0 la pr\u00e9fecture de retirer \u00e0 Perrier son label \u00ab<strong>\u202feau min\u00e9rale naturelle\u202f<\/strong>\u00bb. Effectivement, elle estime que la marque ne <a href=\"https:\/\/www.nuitfrance.fr\/a-la-une\/172677-cette-eau-en-bouteille-est-la-meilleure-de-toutes-pour-la-sante-dapres-les-experts\/\" rel=\"nofollow noopener\" target=\"_blank\">r\u00e9pond plus aux exigences<\/a> sanitaires strictes impos\u00e9es \u00e0 ce type d\u2019eau.<\/p>\n<p>Ce d\u00e9classement serait un coup dur pour la marque, <strong>qui fonde sa r\u00e9putation sur la puret\u00e9 de sa source depuis plus d\u2019un si\u00e8cle<\/strong>. Malheureusement, ce n\u2019est pas la premi\u00e8re pol\u00e9mique concernant cette marque d\u2019eau en bouteille.<\/p>\n<p><a class=\"related-article simple\" href=\"https:\/\/www.nuitfrance.fr\/a-la-une\/197902-cette-eau-en-bouteille-que-vous-buvez-chaque-jour-explose-les-taux-de-microplastiques-selon-60-millions-de-consommateurs\/\" rel=\"nofollow noopener\" target=\"_blank\"><br \/>\n                        \u00c0 voir<br \/>\n                        Cette eau en bouteille que vous buvez chaque jour explose les taux de microplastiques selon 60 Millions de consommateurs<\/p>\n<p>                        <\/a><\/p>\n<p>Souvenez-vous, en avril 2024, <strong>elle d\u00e9truisait trois millions de bouteilles d\u2019eau \u00e0 cause d\u2019une contamination \u00e0 des bact\u00e9ries d\u2019origine intestinale.<\/strong> En effet, les analyses r\u00e9v\u00e9laient alors la pr\u00e9sence de germes revivifiables.\n<\/p>\n<p><a href=\"https:\/\/www.nuitfrance.fr\/actualite\/164408-eaux-en-bouteille-contaminees-nestle-sexprime-enfin\/\" rel=\"nofollow noopener\" target=\"_blank\">Nestl\u00e9 France<\/a>, pour \u00e9teindre toute pol\u00e9mique, <strong>explique aujourd\u2019hui que la pollution du forage n\u2019est pas \u00e0 l\u2019origine de la contamination.<\/strong> L\u2019entreprise pointe plut\u00f4t du doigt un d\u00e9passement quantitatif de la flore naturelle.<\/p>\n<p><strong>Une nouvelle contamination<\/strong><\/p>\n<p>Pr\u00e8s d\u2019un an apr\u00e8s, en mars 2025, nous d\u00e9voilons donc une nouvelle contamination dans l\u2019usine Perrier de Verg\u00e8ze.<strong> Apr\u00e8s <a href=\"https:\/\/www.nuitfrance.fr\/actualite\/164629-eau-du-robinet-ou-eau-en-bouteille-voici-laquelle-vous-devriez-choisir-pour-votre-sante\/\" rel=\"nofollow noopener\" target=\"_blank\">un contr\u00f4le interne<\/a>, l\u2019entreprise a proc\u00e9d\u00e9 au blocage de 300 000 bouteilles.<\/strong> Ce sont une nouvelle fois des bact\u00e9ries pathog\u00e8nes qui sont \u00e0 l\u2019origine de ce blocage. L\u2019eau en bouteille de 75 cl et de 50 cl en contiennent (Le Figaro).\n<\/p>\n<p>Au-del\u00e0 des contaminations, <strong>Nestl\u00e9 Waters, propri\u00e9taire de Perrier, est \u00e9galement critiqu\u00e9 pour avoir tard\u00e9 \u00e0 informer les autorit\u00e9s sanitaires.<\/strong> La pr\u00e9sence de bact\u00e9ries a \u00e9t\u00e9 d\u00e9tect\u00e9e le 11 mars, mais l\u2019ARS n\u2019a \u00e9t\u00e9 pr\u00e9venue que dix jours plus tard.\n<\/p>\n<p>Par ailleurs, Nestl\u00e9 a reconnu avoir eu recours \u00e0 des traitements interdits (microfiltration, UV, charbon actif) <strong>pour tenter de garantir la qualit\u00e9 de ses eaux min\u00e9rales<\/strong>, ce qui contrevient \u00e0 la r\u00e9glementation europ\u00e9enne sur les eaux min\u00e9rales naturelles.<\/p>\n<p><a class=\"related-article simple\" href=\"https:\/\/www.nuitfrance.fr\/actualite\/197463-ce-type-deau-en-bouteille-est-un-poison-pour-les-reins-evitez-les-a-tout-prix-celles-a-privilegier\/\" rel=\"nofollow noopener\" target=\"_blank\"><br \/>\n                        \u00c0 voir<br \/>\n                        Ce type d\u2019eau en bouteille est un poison pour les reins, \u00e9vitez-les \u00e0 tout prix: celles \u00e0 privil\u00e9gier<\/p>\n<p>                        <\/a><\/p>\n<p>Les amateurs d\u2019eau en bouteille doivent donc attendre la d\u00e9cision de la pr\u00e9fecture du Gard. <strong>Elle doit effectivement statuer sur le renouvellement de l\u2019autorisation d\u2019exploitation de la source.<\/strong>\n<\/p>\n<p>En attendant, Nestl\u00e9 propose une nouvelle gamme \u00ab\u202f<strong>Maison Perrier\u202f<\/strong>\u00bb. Cette derni\u00e8re ne b\u00e9n\u00e9ficie pas du label \u00ab<strong>\u202feau min\u00e9rale naturelle\u202f<\/strong>\u00bb. De ce fait, l\u2019eau en bouteille peut subir davantage de traitements.\n<\/p>\n<p><strong>Un scandale aux r\u00e9percussions nationales<\/strong><\/p>\n<p>C\u2019est un scandale qui nous concerne et qui met en lumi\u00e8re les enjeux de s\u00e9curit\u00e9 concernant l\u2019exploitation des eaux min\u00e9rales en France. En outre, <strong>d\u2019autres marques d\u2019eaux en bouteille du m\u00eame groupe (comme Vittel ou Contrex) ont \u00e9t\u00e9 concern\u00e9es par des alertes.<\/strong><\/p>\n<p>L\u2019ONG Foodwatch d\u00e9nonce le manque de transparence des autorit\u00e9s et s\u2019interroge sur les cons\u00e9quences pour les consommateurs. <strong>Ces derniers ont des raisons l\u00e9gitimes de s\u2019inqui\u00e9ter au sujet de l\u2019eau en bouteille qu\u2019ils ach\u00e8tent<\/strong>. Des craintes que l\u2019audition de Muriel Lienau, en mars 2025, ne dissipe pas.\n<\/p>\n<p>En effet, la directrice g\u00e9n\u00e9rale de Nestl\u00e9 Waters a reconnu devant la commission d\u2019enqu\u00eate s\u00e9natoriale l\u2019utilisation de traitements non conformes. <strong>Elle insiste cependant sur le fait que ces traitements visaient \u00e0 garantir la s\u00e9curit\u00e9 sanitaire des produits<\/strong> (Senat.fr).<\/p>\n","protected":false},"excerpt":{"rendered":"Montrer le sommaire Cacher le sommaire L\u2019eau en bouteille n\u2019est pas une option aussi saine que ce que&hellip;\n","protected":false},"author":2,"featured_media":47227,"comment_status":"","ping_status":"","sticky":false,"template":"","format":"standard","meta":{"footnotes":""},"categories":[6],"tags":[35,6199,33,34,1011,27],"class_list":{"0":"post-47226","1":"post","2":"type-post","3":"status-publish","4":"format-standard","5":"has-post-thumbnail","7":"category-economie","8":"tag-business","9":"tag-eau-en-bouteille","10":"tag-economie","11":"tag-economy","12":"tag-fr","13":"tag-france"},"share_on_mastodon":{"url":"https:\/\/pubeurope.com\/@fr\/114388685702000582","error":""},"_links":{"self":[{"href":"https:\/\/www.europesays.com\/fr\/wp-json\/wp\/v2\/posts\/47226","targetHints":{"allow":["GET"]}}],"collection":[{"href":"https:\/\/www.europesays.com\/fr\/wp-json\/wp\/v2\/posts"}],"about":[{"href":"https:\/\/www.europesays.com\/fr\/wp-json\/wp\/v2\/types\/post"}],"author":[{"embeddable":true,"href":"https:\/\/www.europesays.com\/fr\/wp-json\/wp\/v2\/users\/2"}],"replies":[{"embeddable":true,"href":"https:\/\/www.europesays.com\/fr\/wp-json\/wp\/v2\/comments?post=47226"}],"version-history":[{"count":0,"href":"https:\/\/www.europesays.com\/fr\/wp-json\/wp\/v2\/posts\/47226\/revisions"}],"wp:featuredmedia":[{"embeddable":true,"href":"https:\/\/www.europesays.com\/fr\/wp-json\/wp\/v2\/media\/47227"}],"wp:attachment":[{"href":"https:\/\/www.europesays.com\/fr\/wp-json\/wp\/v2\/media?parent=47226"}],"wp:term":[{"taxonomy":"category","embeddable":true,"href":"https:\/\/www.europesays.com\/fr\/wp-json\/wp\/v2\/categories?post=47226"},{"taxonomy":"post_tag","embeddable":true,"href":"https:\/\/www.europesays.com\/fr\/wp-json\/wp\/v2\/tags?post=47226"}],"curies":[{"name":"wp","href":"https:\/\/api.w.org\/{rel}","templated":true}]}}