{"id":472262,"date":"2025-10-18T10:39:10","date_gmt":"2025-10-18T10:39:10","guid":{"rendered":"https:\/\/www.europesays.com\/fr\/472262\/"},"modified":"2025-10-18T10:39:10","modified_gmt":"2025-10-18T10:39:10","slug":"250-a-300-emplois-potentiels-avec-lextension-dune-zone-dactivites","status":"publish","type":"post","link":"https:\/\/www.europesays.com\/fr\/472262\/","title":{"rendered":"250 \u00e0 300 emplois potentiels avec l&rsquo;extension d&rsquo;une zone d&rsquo;activit\u00e9s"},"content":{"rendered":"<p>            Par<br \/>\n        <strong><br \/>\n            <a href=\"https:\/\/actu.fr\/auteur\/redaction-jv\" title=\"Consulter tous les articles de R\u00e9daction Vitr\u00e9\" target=\"_blank\" rel=\"noopener\">R\u00e9daction Vitr\u00e9<\/a><br \/>\n        <\/strong><\/p>\n<p>        Publi\u00e9 le<\/p>\n<p>            18 oct. 2025 \u00e0 11h36        <\/p>\n<p>Situ\u00e9 \u00e0 cheval sur les communes de Janz\u00e9, Amanlis et Brie, \u00e0 une vingtaine de kilom\u00e8tres au sud-est de Rennes, l<b>a zone d\u2019activit\u00e9s du Bois de Teillay <\/b>(Ille-et-Vilaine) <b>constitue depuis plus de quarante ans l\u2019un des principaux p\u00f4les \u00e9conomiques <\/b>de Roche aux F\u00e9es communaut\u00e9.<\/p>\n<p class=\" wall-content\">Cr\u00e9\u00e9 au d\u00e9but des ann\u00e9es 1980, ce parc d\u2019activit\u00e9s a connu plusieurs extensions au fil du temps, accueillant de nouvelles entreprises ou accompagnant la croissance d\u2019entreprises locales.<\/p>\n<p>Du foncier rapidement disponible<\/p>\n<p class=\" wall-content\">Apr\u00e8s deux premi\u00e8res tranches aujourd\u2019hui remplies \u00e0 pr\u00e8s de 85 %, la troisi\u00e8me tranche de <b>la zone d\u2019activit\u00e9s entre d\u00e9sormais dans sa phase active d\u2019am\u00e9nagement et de commercialisation.<\/b><\/p>\n<p class=\" wall-content\">Port\u00e9 par Roche aux F\u00e9es communaut\u00e9, ce projet vise \u00e0 r\u00e9pondre aux besoins des entreprises industrielles et logistiques souhaitant s\u2019implanter sur ce site strat\u00e9gique, situ\u00e9 sur l\u2019axe Rennes-Angers.<\/p>\n<p class=\" wall-content\">Une accessibilit\u00e9 renforc\u00e9e par la <b>cr\u00e9ation<\/b>, en partenariat avec le D\u00e9partement d\u2019Ille-et-Vilaine, <b>de deux giratoires, d\u2019une voirie de liaison RD 92\/R D 93, et de nouvelles voies internes <\/b>desservant les lots.<\/p>\n<p>Vid\u00e9os : en ce moment sur Actu<\/p>\n<p class=\" wall-content\">Cette nouvelle extension permet de mettre sur le march\u00e9 des surfaces fonci\u00e8res rapidement disponibles pour les projets d\u2019envergure, en renfor\u00e7ant la vocation industrielle et logistique du site, afin de r\u00e9aliser une offre compl\u00e9mentaire pour attirer de nouveaux projets \u00e9conomiques.<\/p>\n<p class=\" wall-content\">D\u00e9j\u00e0 commercialis\u00e9e \u00e0 pr\u00e8s de 70 %, <b>cette troisi\u00e8me tranche accueillera \u00e0 terme entre 250 et 300 emplois.<\/b> Les premi\u00e8res constructions sont en cours, avec des livraisons de b\u00e2timents pr\u00e9vues fin 2025 et d\u00e9but 2026.<\/p>\n<p>Votre r\u00e9gion, votre actu !<\/p>\n<p>Recevez chaque jour les infos qui comptent pour vous.<\/p>\n<p>\t<a href=\"https:\/\/actu.fr\/newsletter\" class=\"ac-btn ac-btn--corner ac-btn--medium ac-btn--blue800\" target=\"_blank\" rel=\"noopener\">S&rsquo;incrire<\/a><\/p>\n<p class=\" wall-content\">L\u2019am\u00e9nagement du site <b>a fait l\u2019objet d\u2019une \u00e9tude d\u2019impact et d\u2019une \u00e9valuation environnementale <\/b>compl\u00e8te, int\u00e9grant la d\u00e9marche ERC (\u00c9viter-R\u00e9duire-Compenser).<\/p>\n<p class=\" wall-content\">Cette approche permet de limiter les impacts sur la biodiversit\u00e9 et les paysages, en favorisant notamment des espaces verts et des cheminements doux.<\/p>\n<p class=\" wall-content\">De m\u00eame, des mesures agro\u00e9cologiques et de compensation agricole sont valid\u00e9es par la CDPENAF (Commission de pr\u00e9servation des espaces naturels, agricoles et forestiers) pour un montant global de 263 170\u00a0euros \u00e0 des projets agricoles locaux.<\/p>\n<p class=\" wall-content\">Personnalisez votre actualit\u00e9 en ajoutant vos villes et m\u00e9dias en favori avec <a href=\"https:\/\/moncompte.actu.fr\" title=\"D\u00e9couvez Mon Actu\" rel=\"nofollow noopener\" data-trk=\"{&quot;cta&quot;:{&quot;action&quot;:&quot;https:\\\/\\\/moncompte.actu.fr&quot;,&quot;category&quot;:&quot;mon compte&quot;,&quot;from&quot;:&quot;article footer&quot;,&quot;name&quot;:&quot;Mon actu&quot;,&quot;type&quot;:&quot;cta&quot;}}\" target=\"_blank\">Mon Actu<\/a>.<\/p>\n","protected":false},"excerpt":{"rendered":"Par R\u00e9daction Vitr\u00e9 Publi\u00e9 le 18 oct. 2025 \u00e0 11h36 Situ\u00e9 \u00e0 cheval sur les communes de Janz\u00e9,&hellip;\n","protected":false},"author":2,"featured_media":472263,"comment_status":"","ping_status":"","sticky":false,"template":"","format":"standard","meta":{"footnotes":""},"categories":[2821],"tags":[1111,11,829,344,33,341,1777,674,1011,27,12,584,25,2086],"class_list":{"0":"post-472262","1":"post","2":"type-post","3":"status-publish","4":"format-standard","5":"has-post-thumbnail","7":"category-rennes","8":"tag-actu","9":"tag-actualites","10":"tag-bretagne","11":"tag-creation-dentreprise","12":"tag-economie","13":"tag-emploi","14":"tag-eu","15":"tag-europe","16":"tag-fr","17":"tag-france","18":"tag-news","19":"tag-rennes","20":"tag-republique-francaise","21":"tag-travaux"},"share_on_mastodon":{"url":"https:\/\/pubeurope.com\/@fr\/115394744496141129","error":""},"_links":{"self":[{"href":"https:\/\/www.europesays.com\/fr\/wp-json\/wp\/v2\/posts\/472262","targetHints":{"allow":["GET"]}}],"collection":[{"href":"https:\/\/www.europesays.com\/fr\/wp-json\/wp\/v2\/posts"}],"about":[{"href":"https:\/\/www.europesays.com\/fr\/wp-json\/wp\/v2\/types\/post"}],"author":[{"embeddable":true,"href":"https:\/\/www.europesays.com\/fr\/wp-json\/wp\/v2\/users\/2"}],"replies":[{"embeddable":true,"href":"https:\/\/www.europesays.com\/fr\/wp-json\/wp\/v2\/comments?post=472262"}],"version-history":[{"count":0,"href":"https:\/\/www.europesays.com\/fr\/wp-json\/wp\/v2\/posts\/472262\/revisions"}],"wp:featuredmedia":[{"embeddable":true,"href":"https:\/\/www.europesays.com\/fr\/wp-json\/wp\/v2\/media\/472263"}],"wp:attachment":[{"href":"https:\/\/www.europesays.com\/fr\/wp-json\/wp\/v2\/media?parent=472262"}],"wp:term":[{"taxonomy":"category","embeddable":true,"href":"https:\/\/www.europesays.com\/fr\/wp-json\/wp\/v2\/categories?post=472262"},{"taxonomy":"post_tag","embeddable":true,"href":"https:\/\/www.europesays.com\/fr\/wp-json\/wp\/v2\/tags?post=472262"}],"curies":[{"name":"wp","href":"https:\/\/api.w.org\/{rel}","templated":true}]}}