{"id":472264,"date":"2025-10-18T10:40:15","date_gmt":"2025-10-18T10:40:15","guid":{"rendered":"https:\/\/www.europesays.com\/fr\/472264\/"},"modified":"2025-10-18T10:40:15","modified_gmt":"2025-10-18T10:40:15","slug":"les-gendarmes-mobilises-avant-les-vacances","status":"publish","type":"post","link":"https:\/\/www.europesays.com\/fr\/472264\/","title":{"rendered":"les gendarmes mobilis\u00e9s avant les vacances"},"content":{"rendered":"<p>Quelque 80 gendarmes des compagnies de Strasbourg et de Molsheim ont \u00e9t\u00e9 mobilis\u00e9s ce vendredi 17\u00a0octobre pour une op\u00e9ration de pr\u00e9vention des <a href=\"https:\/\/www.dna.fr\/faits-divers-justice\/2025\/08\/19\/cambriolages-equipement-discretion-les-conseils-des-forces-de-l-ordre-pour-limiter-les-risques\" target=\"_blank\" rel=\"noopener\">cambriolages<\/a>.<\/p>\n<p>En cette veille de cong\u00e9s scolaires, synonyme de d\u00e9parts, les militaires redoutent une recrudescence des atteintes aux biens. \u00ab\u00a0Cette p\u00e9riode de fin d&rsquo;ann\u00e9e est propice aux cambriolages\u00a0\u00bb, confirme le commandant Anthony Lacombe, patron de la compagnie de Molsheim. D\u2019autant que la nuit tombe plus vite, les voleurs en profitant pour agir avec davantage de discr\u00e9tion.<\/p>\n<p>Ce contenu est bloqu\u00e9 car vous n&rsquo;avez pas accept\u00e9 les cookies et autres traceurs.<\/p>\n<p>En cliquant sur \u00ab J\u2019accepte \u00bb, les cookies et autres traceurs seront d\u00e9pos\u00e9s et vous pourrez visualiser les contenus  (<a href=\"\" class=\"consentModule_policy\" target=\"_blank\" title=\"Consulter la politique de protection des donn\u00e9es du fournisseur\">plus d&rsquo;informations<\/a>).<\/p>\n<p>En cliquant sur \u00ab J\u2019accepte tous les cookies \u00bb, vous autorisez des d\u00e9p\u00f4ts de cookies et autres traceurs pour le stockage de vos donn\u00e9es sur nos sites et applications \u00e0 des fins de personnalisation et de ciblage publicitaire.<\/p>\n<p class=\"consentModule_secondaryText\">Vous gardez la possibilit\u00e9 de retirer votre consentement \u00e0 tout moment en consultant notre <a href=\"https:\/\/www.dna.fr\/protection-des-donnees\" target=\"_blank\" title=\"Consulter notre politique de protection des donn\u00e9es\" rel=\"noopener\">politique de protection des donn\u00e9es<\/a>. <br \/>&#13;<br \/>\n            <a href=\"https:\/\/www.dna.fr\/faits-divers-justice\/2025\/10\/17\/javascript:Didomi.notice.show()\" class=\"consentModule_cmp\" target=\"_blank\" rel=\"noopener\">G\u00e9rer mes choix<\/a>&#13;\n        <\/p>\n<p>&#13;<br \/>\n                        J&rsquo;accepte&#13;<br \/>\n            J&rsquo;accepte tous les cookies&#13;\n        <\/p>\n<p>D\u2019importants moyens ont \u00e9t\u00e9 engag\u00e9s pour cette op\u00e9ration de dissuasion qui concernait l&rsquo;Eurom\u00e9tropole et les secteurs de Wasselonne, Molsheim-Obernai et la vall\u00e9e de la Bruche. \u00abNous avions avec nous deux ma\u00eetres chiens et un h\u00e9licopt\u00e8re\u00bb, pour assurer un suivi en cas de fuites, poursuit le militaire car l&rsquo;op\u00e9ration si l&rsquo;op\u00e9ration visait \u00ab\u00a0\u00e0 rassurer la population\u00a0\u00bb sur le risque d&rsquo;atteintes aux biens, elle se doublait de nombreux contr\u00f4les routiers qui ont d&rsquo;ailleurs port\u00e9 leurs fruits. \u00ab Six conducteurs ont \u00e9t\u00e9 interpell\u00e9s pour conduite sous l&#8217;emprise de produits stup\u00e9fiants\u00a0\u00bb, poursuit le militaire tandis que d&rsquo;autres personnes conttr\u00f4l\u00e9es ont \u00e9cop\u00e9 d&rsquo;amendes \u00e9galement pour consommation de stup\u00e9fiants. Une dizaine de v\u00e9hicules ont \u00e9galment \u00e9t\u00e9 immobilis\u00e9s pour divers d\u00e9fauts lors de cette op\u00e9ration et d&rsquo;autres conducteurs verbalis\u00e9s pour des exc\u00e8s de vitesse. \u00c0 noter que la compagnie de gendarmerie de Haguenau\u00a0m\u00e8nait de son c\u00f4t\u00e9 une op\u00e9ration similaire dans le secteur de Brumath.<\/p>\n<p>Le commandant Lacombe pr\u00e9cisait ce samedi matin que d&rsquo;autres op\u00e9rations de ce type devraient avoir lieu d&rsquo;ici \u00e0 la fin de l&rsquo;ann\u00e9e.<\/p>\n","protected":false},"excerpt":{"rendered":"Quelque 80 gendarmes des compagnies de Strasbourg et de Molsheim ont \u00e9t\u00e9 mobilis\u00e9s ce vendredi 17\u00a0octobre pour une&hellip;\n","protected":false},"author":2,"featured_media":472265,"comment_status":"","ping_status":"","sticky":false,"template":"","format":"standard","meta":{"footnotes":""},"categories":[2820],"tags":[1111,11,4877,5644,2880,1777,674,274,107,1011,27,775,12,25,640,2879],"class_list":{"0":"post-472264","1":"post","2":"type-post","3":"status-publish","4":"format-standard","5":"has-post-thumbnail","7":"category-strasbourg","8":"tag-actu","9":"tag-actualites","10":"tag-edition-haguenau-wissembourg","11":"tag-edition-saverne-sarre-union","12":"tag-edition-strasbourg","13":"tag-eu","14":"tag-europe","15":"tag-faits-divers-justice","16":"tag-fil-info","17":"tag-fr","18":"tag-france","19":"tag-grand-est","20":"tag-news","21":"tag-republique-francaise","22":"tag-strasbourg","23":"tag-strasbourg-ville"},"share_on_mastodon":{"url":"https:\/\/pubeurope.com\/@fr\/115394748429075285","error":""},"_links":{"self":[{"href":"https:\/\/www.europesays.com\/fr\/wp-json\/wp\/v2\/posts\/472264","targetHints":{"allow":["GET"]}}],"collection":[{"href":"https:\/\/www.europesays.com\/fr\/wp-json\/wp\/v2\/posts"}],"about":[{"href":"https:\/\/www.europesays.com\/fr\/wp-json\/wp\/v2\/types\/post"}],"author":[{"embeddable":true,"href":"https:\/\/www.europesays.com\/fr\/wp-json\/wp\/v2\/users\/2"}],"replies":[{"embeddable":true,"href":"https:\/\/www.europesays.com\/fr\/wp-json\/wp\/v2\/comments?post=472264"}],"version-history":[{"count":0,"href":"https:\/\/www.europesays.com\/fr\/wp-json\/wp\/v2\/posts\/472264\/revisions"}],"wp:featuredmedia":[{"embeddable":true,"href":"https:\/\/www.europesays.com\/fr\/wp-json\/wp\/v2\/media\/472265"}],"wp:attachment":[{"href":"https:\/\/www.europesays.com\/fr\/wp-json\/wp\/v2\/media?parent=472264"}],"wp:term":[{"taxonomy":"category","embeddable":true,"href":"https:\/\/www.europesays.com\/fr\/wp-json\/wp\/v2\/categories?post=472264"},{"taxonomy":"post_tag","embeddable":true,"href":"https:\/\/www.europesays.com\/fr\/wp-json\/wp\/v2\/tags?post=472264"}],"curies":[{"name":"wp","href":"https:\/\/api.w.org\/{rel}","templated":true}]}}