{"id":472270,"date":"2025-10-18T10:43:19","date_gmt":"2025-10-18T10:43:19","guid":{"rendered":"https:\/\/www.europesays.com\/fr\/472270\/"},"modified":"2025-10-18T10:43:19","modified_gmt":"2025-10-18T10:43:19","slug":"decouvrez-le-groupe-de-logc-nice-pour-affronter-lyon","status":"publish","type":"post","link":"https:\/\/www.europesays.com\/fr\/472270\/","title":{"rendered":"d\u00e9couvrez le groupe de l\u2019OGC Nice pour affronter Lyon"},"content":{"rendered":"<p class=\"fs-5 \">Il n\u2019a plus disput\u00e9 la moindre minute depuis 238 jours. Peut-\u00eatre que l\u2019Allianz Riviera ne le verra pas fouler \u00e0 nouveau la pelouse cet apr\u00e8s-midi face \u00e0 Lyon (coup d\u2019envoi 17 heures), mais l\u2019on s\u2019approche de plus en plus du grand retour de Tanguy Ndomb\u00e9l\u00e9 sur les terrains de Ligue 1. Op\u00e9r\u00e9 cet \u00e9t\u00e9 d\u2019une pubalgie qui plombait le milieu de 28 ans depuis le 23 f\u00e9vrier, date de sa derni\u00e8re entr\u00e9e en jeu face \u00e0 Montpellier (4 minutes disput\u00e9es), l\u2019ancien Gone a bien choisi son match pour effectuer son retour surprise dans le groupe ni\u00e7ois convoqu\u00e9 par Franck Haise.<\/p>\n<p class=\"fs-5 \">Actuellement douzi\u00e8mes du championnat, les Aiglons vont donc pouvoir compter sur l\u2019ancien ami\u00e9nois qui avait doucement repris la comp\u00e9tition avec le groupe \u00c9lite, ainsi qu\u2019en amical face au Genoa lors de la tr\u00eave de septembre. Sous contrat jusqu\u2019en juin prochain, Ndomb\u00e9l\u00e9 voit peut-\u00eatre enfin le bout du tunnel. Pour d\u00e9fier l\u2019OL, Franck Haise a d\u00e9cid\u00e9 de garnir son entre-jeu avec 6 autres milieux de terrain convoqu\u00e9s (Abdul Samed, Gouveia, Louchet, Boudaoui, Sanson, Vanhoutte). \u00c0 noter que le capitaine Dante figure \u00e9galement dans le groupe, absent avant la tr\u00eave \u00e0 Monaco et qui revient d\u2019un p\u00e9pin au genou.<\/p>\n<p class=\"fs-5 \">Le groupe du Gym (Nice-Lyon, 17 heures) :<\/p>\n<p class=\"fs-5 \">Gardiens : Diouf, Dup\u00e9, Zelazowski<\/p>\n<p class=\"fs-5 \">D\u00e9fenseurs : Bard, Bah, Clauss, Dante, Mendy, Oppong<\/p>\n<p class=\"fs-5 \">Milieux : Abdul Samed, Boudaoui, Gouveia, Louchet, Ndomb\u00e9l\u00e9, Sanson, Vanhoutte<\/p>\n<p class=\"fs-5 \">Attaquants : Boga, Cho, Diop, Jansson, Kevin Carlos<\/p>\n","protected":false},"excerpt":{"rendered":"Il n\u2019a plus disput\u00e9 la moindre minute depuis 238 jours. Peut-\u00eatre que l\u2019Allianz Riviera ne le verra pas&hellip;\n","protected":false},"author":2,"featured_media":472271,"comment_status":"","ping_status":"","sticky":false,"template":"","format":"standard","meta":{"footnotes":""},"categories":[2819],"tags":[1111,11,1777,674,1011,27,12,2401,54521,882,25],"class_list":{"0":"post-472270","1":"post","2":"type-post","3":"status-publish","4":"format-standard","5":"has-post-thumbnail","7":"category-nice","8":"tag-actu","9":"tag-actualites","10":"tag-eu","11":"tag-europe","12":"tag-fr","13":"tag-france","14":"tag-news","15":"tag-nice","16":"tag-ogcnice","17":"tag-provence-alpes-cote-dazur","18":"tag-republique-francaise"},"share_on_mastodon":{"url":"https:\/\/pubeurope.com\/@fr\/115394760201605116","error":""},"_links":{"self":[{"href":"https:\/\/www.europesays.com\/fr\/wp-json\/wp\/v2\/posts\/472270","targetHints":{"allow":["GET"]}}],"collection":[{"href":"https:\/\/www.europesays.com\/fr\/wp-json\/wp\/v2\/posts"}],"about":[{"href":"https:\/\/www.europesays.com\/fr\/wp-json\/wp\/v2\/types\/post"}],"author":[{"embeddable":true,"href":"https:\/\/www.europesays.com\/fr\/wp-json\/wp\/v2\/users\/2"}],"replies":[{"embeddable":true,"href":"https:\/\/www.europesays.com\/fr\/wp-json\/wp\/v2\/comments?post=472270"}],"version-history":[{"count":0,"href":"https:\/\/www.europesays.com\/fr\/wp-json\/wp\/v2\/posts\/472270\/revisions"}],"wp:featuredmedia":[{"embeddable":true,"href":"https:\/\/www.europesays.com\/fr\/wp-json\/wp\/v2\/media\/472271"}],"wp:attachment":[{"href":"https:\/\/www.europesays.com\/fr\/wp-json\/wp\/v2\/media?parent=472270"}],"wp:term":[{"taxonomy":"category","embeddable":true,"href":"https:\/\/www.europesays.com\/fr\/wp-json\/wp\/v2\/categories?post=472270"},{"taxonomy":"post_tag","embeddable":true,"href":"https:\/\/www.europesays.com\/fr\/wp-json\/wp\/v2\/tags?post=472270"}],"curies":[{"name":"wp","href":"https:\/\/api.w.org\/{rel}","templated":true}]}}