{"id":472286,"date":"2025-10-18T10:52:11","date_gmt":"2025-10-18T10:52:11","guid":{"rendered":"https:\/\/www.europesays.com\/fr\/472286\/"},"modified":"2025-10-18T10:52:11","modified_gmt":"2025-10-18T10:52:11","slug":"a-marseille-decouvrez-la-nature-et-les-sols-vivants","status":"publish","type":"post","link":"https:\/\/www.europesays.com\/fr\/472286\/","title":{"rendered":"A Marseille, d\u00e9couvrez la nature et les sols vivants"},"content":{"rendered":"\n<p>La f\u00eate du sol vivant est un \u00e9v\u00e9nement organis\u00e9 par le R\u00e9seau compost citoyen. Elle a pour but de promouvoir et partager les techniques de compostage, paillage et jardinage au naturel.<\/p>\n<p>\u00e0 Marseille, c\u2019est une journ\u00e9e \u00ab\u00a0Trame ouverte\u00a0\u00bb qui vous est propos\u00e9e par le Collectif Trames Vertes, dont les associations Donut et Germ\u2019 sont \u00e0 l\u2019initiative, \u00e0 l\u2019instar de nombreux collectifs d\u2019habitants inquiets par l\u2019ouverture \u00e0 l\u2019urbanisation d\u2019une partie de ces terres et espaces de nature.<\/p>\n<p>Un \u00e9v\u00e9nement grand public auquel vous pourrez participer en famille \u00e0 partir de 9h30 au d\u00e9part de l\u2019arr\u00eat de tram La\u00a0Grognarde sur la ligne 2 avec une balade qui ouvre la possibilit\u00e9 de sillonner la trame, d\u2019en valoriser les pratiques pass\u00e9es ou existantes mais aussi de penser \u00e0 celles \u00e0 venir. Une autre balade est \u00e9galement organis\u00e9e un peu plus tard dans la matin\u00e9e, \u00e0 partir de 11h15 au d\u00e9part de l\u2019entr\u00e9e du parc de la Mirabelle.<\/p>\n<p>25 hectares d\u2019espaces naturels en ville<\/p>\n<p>Pour information, les milieux naturels et sols vivants dont il est question \u00e0 l\u2019occasion de cet \u00e9v\u00e9nement se situent dans les 11e et 12e arrondissements de la ville et s\u2019\u00e9tendent sur presque 25 hectares, de La Grognarde jusqu\u2019\u00e0 la Ferme du Collet des Comtes &#8211;\u00a0lieu o\u00f9 se poursuivra la journ\u00e9e\u00a0&#8211;\u00a0en passant par la butte de Butris, le parc de la Mirabelle ou encore la friche du Collet des Comtes. Un territoire urbanis\u00e9 qui abrite cependant une trame verte continue o\u00f9 la biodiversit\u00e9 y est riche.<\/p>\n<p>D\u00e8s 10h donc vous pourrez vous rendre au sein de la ferme du Collet des Comptes o\u00f9 de nombreux stands vous donnent rendez-vous. Au programme une exposition, des ateliers et animations autour de la biodiversit\u00e9 mais aussi des temps forts autour de la sensibilisation au risque inondation, l\u2019apprentissage des bases du compostage et sol vivant&#8230;<\/p>\n<p>La nature comme bien commun<\/p>\n<p>Un grand temps d\u2019\u00e9change est aussi au programme au c\u0153ur de l\u2019apr\u00e8s-midi et l\u2019\u00e9v\u00e9nement se terminera par un moment convivial et un go\u00fbter partag\u00e9.<\/p>\n<p>Ces espaces qui jouent un r\u00f4le cl\u00e9 dans l\u2019\u00e9quilibre \u00e9cologique de la ville sont \u00e0 la fois des lieux de respiration pour les habitants, ils favorisent la circulation douce et sont des refuges pour de nombreux \u00eatres vivants. Ce qui en fait un atout majeur pour la pr\u00e9servation de la biodiversit\u00e9 dans le contexte du r\u00e9chauffement climatique.<\/p>\n<p>Au-del\u00e0 d\u2019un moment convivial \u00e0 vivre en famille pour s\u2019informer et en apprendre davantage sur l\u2019importance d\u2019avoir un espace de nature en ville, ce sont des enjeux majeurs qui se jouent selon les organisateurs pour laisser vivre la nature et la biodiversit\u00e9, r\u00e9pondre aux enjeux de sant\u00e9 publique et de confort urbain mais aussi conjuguer agriculture urbaine et agro\u00e9cologie.<\/p>\n<p>Des valeurs que les collectifs et habitants ne manqueront pas de rappeler tout au long de la journ\u00e9e.<\/p>\n","protected":false},"excerpt":{"rendered":"La f\u00eate du sol vivant est un \u00e9v\u00e9nement organis\u00e9 par le R\u00e9seau compost citoyen. Elle a pour but&hellip;\n","protected":false},"author":2,"featured_media":472287,"comment_status":"","ping_status":"","sticky":false,"template":"","format":"standard","meta":{"footnotes":""},"categories":[2814],"tags":[1111,11,1777,674,1011,27,884,12,882,25,17429],"class_list":{"0":"post-472286","1":"post","2":"type-post","3":"status-publish","4":"format-standard","5":"has-post-thumbnail","7":"category-marseille","8":"tag-actu","9":"tag-actualites","10":"tag-eu","11":"tag-europe","12":"tag-fr","13":"tag-france","14":"tag-marseille","15":"tag-news","16":"tag-provence-alpes-cote-dazur","17":"tag-republique-francaise","18":"tag-sol"},"share_on_mastodon":{"url":"https:\/\/pubeurope.com\/@fr\/115394795837104392","error":""},"_links":{"self":[{"href":"https:\/\/www.europesays.com\/fr\/wp-json\/wp\/v2\/posts\/472286","targetHints":{"allow":["GET"]}}],"collection":[{"href":"https:\/\/www.europesays.com\/fr\/wp-json\/wp\/v2\/posts"}],"about":[{"href":"https:\/\/www.europesays.com\/fr\/wp-json\/wp\/v2\/types\/post"}],"author":[{"embeddable":true,"href":"https:\/\/www.europesays.com\/fr\/wp-json\/wp\/v2\/users\/2"}],"replies":[{"embeddable":true,"href":"https:\/\/www.europesays.com\/fr\/wp-json\/wp\/v2\/comments?post=472286"}],"version-history":[{"count":0,"href":"https:\/\/www.europesays.com\/fr\/wp-json\/wp\/v2\/posts\/472286\/revisions"}],"wp:featuredmedia":[{"embeddable":true,"href":"https:\/\/www.europesays.com\/fr\/wp-json\/wp\/v2\/media\/472287"}],"wp:attachment":[{"href":"https:\/\/www.europesays.com\/fr\/wp-json\/wp\/v2\/media?parent=472286"}],"wp:term":[{"taxonomy":"category","embeddable":true,"href":"https:\/\/www.europesays.com\/fr\/wp-json\/wp\/v2\/categories?post=472286"},{"taxonomy":"post_tag","embeddable":true,"href":"https:\/\/www.europesays.com\/fr\/wp-json\/wp\/v2\/tags?post=472286"}],"curies":[{"name":"wp","href":"https:\/\/api.w.org\/{rel}","templated":true}]}}