{"id":472288,"date":"2025-10-18T10:53:21","date_gmt":"2025-10-18T10:53:21","guid":{"rendered":"https:\/\/www.europesays.com\/fr\/472288\/"},"modified":"2025-10-18T10:53:21","modified_gmt":"2025-10-18T10:53:21","slug":"de-marseille-a-manosque-les-10-bons-plans-de-la-provence-pour-celebrer-halloween-en-provence","status":"publish","type":"post","link":"https:\/\/www.europesays.com\/fr\/472288\/","title":{"rendered":"De Marseille \u00e0 Manosque, les 10 bons plans de \u00ab\u00a0La Provence\u00a0\u00bb pour c\u00e9l\u00e9brer Halloween en Provence"},"content":{"rendered":"<p>1. Manosque (04) &#8211; Un festival d\u2019horreur\u2026 et de rires<\/p>\n<p>La ville de Manosque invite ses habitants (et les autres) \u00e0 se parer de leurs v\u00eatements les plus terrifiants \u00e0 l\u2019occasion de la 4e \u00e9dition du festival d\u2019Halloween qui se tient du 25 au 31\u00a0octobre. L\u2019\u00e9v\u00e9nement s\u2019ouvrira avec une journ\u00e9e sp\u00e9ciale Dia de los muertos avec des ateliers cr\u00e9atifs, culinaires ainsi qu\u2019un march\u00e9 mexicain et des d\u00e9ambulations dans les rues. D\u00e9coration de courge, loisirs cr\u00e9atifs, jeux de r\u00f4le ou de soci\u00e9t\u00e9 autour des fant\u00f4mes \u00e0 la m\u00e9diath\u00e8que seront propos\u00e9s durant ces journ\u00e9es aussi effrayantes que festives. Balades \u00e9tranges en cal\u00e8che, chasse aux bonbons dans le centre-ville et parade d\u2019Halloween cl\u00f4tureront ce festival.<\/p>\n<p><strong>Ateliers sur inscription au 04\u00a092\u00a070\u00a035\u00a015 et \u00e0 <a href=\"https:\/\/www.laprovence.com\/cdn-cgi\/l\/email-protection\" class=\"__cf_email__\" data-cfemail=\"74171b1919011a1d1715001d1b1a34021d1818115919151a1b070501115a1206\" target=\"_blank\" rel=\"noopener\">[email\u00a0protected]<\/a>. Plus de renseignements sur www.ville-manosque.fr<\/strong>&#13;\n<\/p>\n<p>2. La Barben (13) : jeu de piste et animaux magiques<br \/>\n<img alt=\"Dans un d\u00e9cor des plus effrayants venez (re)d\u00e9couvrir les 700 animaux qui composent le parc.\" loading=\"lazy\" decoding=\"async\" data-nimg=\"fill\" class=\" TwicCore_img__i9TC1 undefined  undefined\" style=\"position:absolute;height:100%;width:100%;left:0;top:0;right:0;bottom:0;color:transparent;background-size:cover;background-position:50% 50%;background-repeat:no-repeat;background-image:url(&quot;data:image\/svg+xml;charset=utf-8,%3Csvg xmlns='http:\/\/www.w3.org\/2000\/svg' %3E%3Cfilter id='b' color-interpolation-filters='sRGB'%3E%3CfeGaussianBlur stdDeviation='20'\/%3E%3CfeColorMatrix values='1 0 0 0 0 0 1 0 0 0 0 0 1 0 0 0 0 0 100 -1' result='s'\/%3E%3CfeFlood x='0' y='0' width='100%25' height='100%25'\/%3E%3CfeComposite operator='out' in='s'\/%3E%3CfeComposite in2='SourceGraphic'\/%3E%3CfeGaussianBlur stdDeviation='20'\/%3E%3C\/filter%3E%3Cimage width='100%25' height='100%25' x='0' y='0' preserveAspectRatio='none' style='filter: url(%23b);' href='https:\/\/pictures.laprovence.com\/cdn-cgi\/image\/blur=250\/media\/melody\/2025\/10\/18\/de-nombreuses-naissances-au-zoo-de-la-barben-050925pln01-1760782610_b7faecf7fab869bfaecf7fab87ffaev_.jpg'\/%3E%3C\/svg%3E&quot;)\"   src=\"https:\/\/www.europesays.com\/fr\/wp-content\/uploads\/2025\/10\/de-nombreuses-naissances-au-zoo-de-la-barben-050925pln01-1760782610_b7faecf7fab869bfaecf7fab87ffaev_.jpeg\"\/>Dans un d\u00e9cor des plus effrayants venez (re)d\u00e9couvrir les 700 animaux qui composent le parc. \/ PHOTO Philippe Laurenson<\/p>\n<p>Envie de vous rapprocher de la nature durant ces vacances de la Toussaint\u00a0? Sp\u00e9cialement pour cette p\u00e9riode, le zoo de la Barben met les petits plats dans les grands et propose aux familles des animations ou plut\u00f4t une exp\u00e9rience immersive et ludique sur le th\u00e8me d&rsquo;Halloween. Dans un d\u00e9cor des plus effrayants venez d\u00e9couvrir les 700\u00a0animaux qui composent le parc. Pour l&rsquo;occasion, un escape game in\u00e9dit Les\u00a0animaux et le sorcier savant fou vous attend. Vous devrez partir \u00e0 la recherche d&rsquo;\u00e9nigmes pour r\u00e9soudre un sortil\u00e8ge&#8230; Un sc\u00e9nario myst\u00e9rieux mais accessible \u00e0 tous, entre frissons, rires et d\u00e9couvertes animales.<\/p>\n<p><strong>Tarif\u00a0: 22\u00a0\u20ac, 15\u00a0\u20ac pour les enfants, 17\u00a0\u20ac pour les \u00e9tudiants et demandeurs d&#8217;emploi.<\/strong>&#13;\n<\/p>\n<p>3. Monteux (84) : une faille spatio-temporelle au Parc Spirou<br \/>\n<img alt=\"Ambiance ensorcelante au Parc Spirou Provence, o\u00f9 d\u00e9cors, animations et quatre nocturnes \u2013 les 25, 30 et 31 octobre ainsi que le 1er novembre \u2013 plongeront les visiteurs dans la magie d\u2019Halloween.\" loading=\"lazy\" decoding=\"async\" data-nimg=\"fill\" class=\" TwicCore_img__i9TC1 undefined  undefined\" style=\"position:absolute;height:100%;width:100%;left:0;top:0;right:0;bottom:0;color:transparent;background-size:cover;background-position:50% 50%;background-repeat:no-repeat;background-image:url(&quot;data:image\/svg+xml;charset=utf-8,%3Csvg xmlns='http:\/\/www.w3.org\/2000\/svg' %3E%3Cfilter id='b' color-interpolation-filters='sRGB'%3E%3CfeGaussianBlur stdDeviation='20'\/%3E%3CfeColorMatrix values='1 0 0 0 0 0 1 0 0 0 0 0 1 0 0 0 0 0 100 -1' result='s'\/%3E%3CfeFlood x='0' y='0' width='100%25' height='100%25'\/%3E%3CfeComposite operator='out' in='s'\/%3E%3CfeComposite in2='SourceGraphic'\/%3E%3CfeGaussianBlur stdDeviation='20'\/%3E%3C\/filter%3E%3Cimage width='100%25' height='100%25' x='0' y='0' preserveAspectRatio='none' style='filter: url(%23b);' href='https:\/\/pictures.laprovence.com\/cdn-cgi\/image\/blur=250\/media\/melody\/2025\/10\/18\/ambiance-ensorcelante-au-parc-spirou-provence-ou-decors-animations-et-quatre-nocturnes-les-25-30-et-1760782610_833d0f59cfe86673d0f59cfe83b3d0v_.jpg'\/%3E%3C\/svg%3E&quot;)\"   src=\"https:\/\/www.europesays.com\/fr\/wp-content\/uploads\/2025\/10\/ambiance-ensorcelante-au-parc-spirou-provence-ou-decors-animations-et-quatre-nocturnes-les-25-30-et-.jpeg\"\/>Ambiance ensorcelante au Parc Spirou Provence, o\u00f9 d\u00e9cors, animations et quatre nocturnes \u2013 les 25, 30 et 31 octobre ainsi que le 1er novembre \u2013 plongeront les visiteurs dans la magie d\u2019Halloween. \/ PHOTO DR<\/p>\n<p>Le Parc Spirou a lanc\u00e9 sa 8e saison d&rsquo;Halloween le 4\u00a0octobre dernier. Fid\u00e8le \u00e0 son univers 100\u00a0% bande dessin\u00e9e, le parc situ\u00e9 \u00e0 Monteux promet, jusqu&rsquo;au 11\u00a0novembre, un voyage haut en couleur o\u00f9 fantaisie et doux frissons s&rsquo;accordent \u00e0 tous les \u00e2ges. D\u00e9cors immersifs, d\u00e9ambulations, ateliers maquillage ou caricature sont au programme. Spirou, Lucky\u00a0Luke, les Schtroumpfs ou encore le Marsupilami se m\u00e9tamorphosent pour l&rsquo;occasion et invitent les visiteurs dans une faille spatio-temporelle \u00ab\u00a0horriblement dr\u00f4le\u00a0\u00bb. Les quatre nocturnes pr\u00e9vues &#8211;\u00a0les 25, 30 et 31\u00a0octobre ainsi que le 1er\u00a0novembre\u00a0&#8211; permettront de prolonger la f\u00eate jusqu&rsquo;\u00e0 21\u00a0h, avec animations et spectacles en plein air. C\u00f4t\u00e9 attractions, le parc joue la carte du grand \u00e9cart entre douceur et adr\u00e9naline avec notamment la Zombill\u00e9nium\u00a0Tower pour les amateurs de sensations fortes et Rantanplan pour les plus jeunes.<\/p>\n<p>4. Aix-en-Provence (13) : chasse aux tr\u00e9sors, spectacles, visites et animations terrifiantes<br \/>\n<img alt=\"\u00c0 Aix-en-Provence, c'est une large programmation qui a \u00e9t\u00e9 d\u00e9di\u00e9e \u00e0 Halloween.\" loading=\"lazy\" decoding=\"async\" data-nimg=\"fill\" class=\" TwicCore_img__i9TC1 undefined  undefined\" style=\"position:absolute;height:100%;width:100%;left:0;top:0;right:0;bottom:0;color:transparent;background-size:cover;background-position:50% 50%;background-repeat:no-repeat;background-image:url(&quot;data:image\/svg+xml;charset=utf-8,%3Csvg xmlns='http:\/\/www.w3.org\/2000\/svg' %3E%3Cfilter id='b' color-interpolation-filters='sRGB'%3E%3CfeGaussianBlur stdDeviation='20'\/%3E%3CfeColorMatrix values='1 0 0 0 0 0 1 0 0 0 0 0 1 0 0 0 0 0 100 -1' result='s'\/%3E%3CfeFlood x='0' y='0' width='100%25' height='100%25'\/%3E%3CfeComposite operator='out' in='s'\/%3E%3CfeComposite in2='SourceGraphic'\/%3E%3CfeGaussianBlur stdDeviation='20'\/%3E%3C\/filter%3E%3Cimage width='100%25' height='100%25' x='0' y='0' preserveAspectRatio='none' style='filter: url(%23b);' href='https:\/\/pictures.laprovence.com\/cdn-cgi\/image\/blur=250\/media\/melody\/2025\/10\/18\/photo-1760782611_92bc68fd29e8687bc68fd29e85bbc6v_.jpg'\/%3E%3C\/svg%3E&quot;)\"   src=\"https:\/\/www.europesays.com\/fr\/wp-content\/uploads\/2025\/10\/photo-1760782611_92bc68fd29e8687bc68fd29e85bbc6v_.jpg\"\/>\u00c0 Aix-en-Provence, c&rsquo;est une large programmation qui a \u00e9t\u00e9 d\u00e9di\u00e9e \u00e0 Halloween. \/ PHOTO DR<\/p>\n<p>\u00c0 Aix-en-Provence, c&rsquo;est une large programmation qui a \u00e9t\u00e9 d\u00e9di\u00e9e \u00e0 Halloween. Samedi, dimanche, mercredi (\u00e0 16 h, de 10 \u00e0 12\u00a0\u20ac) et le week-end suivant, le spectacle avec marionnettes et chansons La\u00a0petite sorci\u00e8re ravira les enfants de 1 \u00e0 5\u00a0ans, au th\u00e9\u00e2tre de la Fontaine d&rsquo;argent. Des visites guid\u00e9es de la chapelle des Ursulines sont organis\u00e9es les vendredis (\u00e0 17\u00a0h, 12\u00a0\u20ac) pour d\u00e9couvrir les secrets et les myst\u00e8res qu&rsquo;elle renferme. Pour ceux qui aiment jouer, une chasse aux tr\u00e9sors baptis\u00e9e Belph\u00e9gor\u00a0et l&rsquo;horloge du temps vous fera partir \u00e0 la recherche d&rsquo;\u00e9nigmes dans les vitrines aixoises chaque jour des vacances scolaires (gratuit, d\u00e9part de l&rsquo;office de tourisme). Enfin, les all\u00e9es proven\u00e7ales seront \u00e0 l&rsquo;heure d&rsquo;Halloween le 31\u00a0octobre pour vous offrir un lot de surprises de 10\u00a0h\u00a030 \u00e0 18\u00a0h\u00a030.<\/p>\n<p><strong>Plus de renseignements sur www.aixenprovencetourism.com<\/strong>&#13;\n<\/p>\n<p>5. Cabri\u00e8res-d&rsquo;Avignon (84) : le mus\u00e9e de la lavande va vous ensorceler&#8230;<br \/>\n<img alt=\"Le mus\u00e9e c\u00e9l\u00e8bre comme chaque ann\u00e9e Halloween.\" loading=\"lazy\" decoding=\"async\" data-nimg=\"fill\" class=\" TwicCore_img__i9TC1 undefined  undefined\" style=\"position:absolute;height:100%;width:100%;left:0;top:0;right:0;bottom:0;color:transparent;background-size:cover;background-position:50% 50%;background-repeat:no-repeat;background-image:url(&quot;data:image\/svg+xml;charset=utf-8,%3Csvg xmlns='http:\/\/www.w3.org\/2000\/svg' %3E%3Cfilter id='b' color-interpolation-filters='sRGB'%3E%3CfeGaussianBlur stdDeviation='20'\/%3E%3CfeColorMatrix values='1 0 0 0 0 0 1 0 0 0 0 0 1 0 0 0 0 0 100 -1' result='s'\/%3E%3CfeFlood x='0' y='0' width='100%25' height='100%25'\/%3E%3CfeComposite operator='out' in='s'\/%3E%3CfeComposite in2='SourceGraphic'\/%3E%3CfeGaussianBlur stdDeviation='20'\/%3E%3C\/filter%3E%3Cimage width='100%25' height='100%25' x='0' y='0' preserveAspectRatio='none' style='filter: url(%23b);' href='https:\/\/pictures.laprovence.com\/cdn-cgi\/image\/blur=250\/media\/melody\/2025\/10\/18\/le-musee-celebre-comme-chaque-annee-halloween-1760782611_fb0838e47ee86911838e47ee8f8183v_.jpg'\/%3E%3C\/svg%3E&quot;)\"   src=\"https:\/\/www.europesays.com\/fr\/wp-content\/uploads\/2025\/10\/le-musee-celebre-comme-chaque-annee-halloween-1760782611_fb0838e47ee86911838e47ee8f8183v_.jpg\"\/>Le mus\u00e9e c\u00e9l\u00e8bre comme chaque ann\u00e9e Halloween. \/ PHOTO DR<\/p>\n<p>Pendant les vacances de la Toussaint, le Mus\u00e9e de la lavande Luberon invite petits et grands \u00e0 vivre une aventure magique, parfum\u00e9e&#8230; et un brin terrifiante. Au programme, ateliers cr\u00e9atifs pour enfants, visites guid\u00e9es ensorcelantes, chasse au tr\u00e9sor et activit\u00e9s familiales. Les enfants d\u00e9guis\u00e9s, les plus courageux, pourront s&rsquo;approcher du coffre-fort des sorciers pour y d\u00e9nicher leur cadeau. Chaque jour, \u00e0 11\u00a0h et \u00e0 14\u00a0h, ces visites (8\u00a0\u20ac) feront partir les visiteurs sur les traces des myst\u00e8res de la lavande\u00a0: r\u00e9cits anciens, objets \u00e9tranges, traditions oubli\u00e9es&#8230; Pour les familles, des ateliers \u00ab\u00a0potion magique\u00a0\u00bb (\u00e0 14\u00a0h, 2\u00a0\u20ac) \u00e0 base de lavande seront ouverts. Le jour d&rsquo;Halloween, le mus\u00e9e se transformera en repaire de sorci\u00e8res et de petits monstres pour une journ\u00e9e pleine de frissons.<\/p>\n<p><strong>Plus de renseignements sur www.museedelalavande.com<\/strong>&#13;\n<\/p>\n<p>6. Orange (84) : des ateliers au th\u00e9\u00e2tre d&rsquo;Augustine<br \/>\n<img alt=\"Le c\u00e9l\u00e8bre magasin de cosm\u00e9tiques implant\u00e9 dans le centre-ville d'Orange, dans le Vaucluse, organise des ateliers pour fabriquer des objets en lien avec la f\u00eate terrifiante qui a toujours autant de succ\u00e8s chez les plus jeunes.\" loading=\"lazy\" decoding=\"async\" data-nimg=\"fill\" class=\" TwicCore_img__i9TC1 undefined  undefined\" style=\"position:absolute;height:100%;width:100%;left:0;top:0;right:0;bottom:0;color:transparent;background-size:cover;background-position:50% 50%;background-repeat:no-repeat;background-image:url(&quot;data:image\/svg+xml;charset=utf-8,%3Csvg xmlns='http:\/\/www.w3.org\/2000\/svg' %3E%3Cfilter id='b' color-interpolation-filters='sRGB'%3E%3CfeGaussianBlur stdDeviation='20'\/%3E%3CfeColorMatrix values='1 0 0 0 0 0 1 0 0 0 0 0 1 0 0 0 0 0 100 -1' result='s'\/%3E%3CfeFlood x='0' y='0' width='100%25' height='100%25'\/%3E%3CfeComposite operator='out' in='s'\/%3E%3CfeComposite in2='SourceGraphic'\/%3E%3CfeGaussianBlur stdDeviation='20'\/%3E%3C\/filter%3E%3Cimage width='100%25' height='100%25' x='0' y='0' preserveAspectRatio='none' style='filter: url(%23b);' href='https:\/\/pictures.laprovence.com\/cdn-cgi\/image\/blur=250\/media\/melody\/2025\/10\/18\/photo-1760782612_c72494f6b7e86db2494f6b7e8df249v_.jpg'\/%3E%3C\/svg%3E&quot;)\"   src=\"https:\/\/www.europesays.com\/fr\/wp-content\/uploads\/2025\/10\/photo-1760782612_c72494f6b7e86db2494f6b7e8df249v_.jpg\"\/>Le c\u00e9l\u00e8bre magasin de cosm\u00e9tiques implant\u00e9 dans le centre-ville d&rsquo;Orange, dans le Vaucluse, organise des ateliers pour fabriquer des objets en lien avec la f\u00eate terrifiante qui a toujours autant de succ\u00e8s chez les plus jeunes. \/ PHOTO ILLUSTRATION LP<\/p>\n<p>En attendant Halloween, profitez des vacances de la Toussaint pour faire des activit\u00e9s artistiques avec vos enfants au Th\u00e9\u00e2tre d&rsquo;Augustine. En effet, le c\u00e9l\u00e8bre magasin de cosm\u00e9tiques implant\u00e9 dans le centre-ville d&rsquo;Orange, dans le Vaucluse, organise des ateliers pour fabriquer des objets en lien avec la f\u00eate terrifiante qui a toujours autant de succ\u00e8s chez les plus jeunes. Vous apprendrez \u00e0 r\u00e9aliser un baume \u00e0 l\u00e8vres de citrouille (ce samedi), une bougie des plus effrayantes (jeudi), un savon diabolique (vendredi\u00a024) ainsi qu&rsquo;une potion effervescente pour le bain (jeudi\u00a030). \u00c0 noter que tous les ateliers d\u00e9butent \u00e0 10\u00a0h\u00a030 et s&rsquo;adressent aux enfants \u00e0 partir de 6\u00a0ans, accompagn\u00e9s d&rsquo;un adulte.<\/p>\n<p><strong>39, rue Victor Hugo \u00e0 Orange. Dur\u00e9e\u00a0: 1\u00a0h. Tarif\u00a0: 15\u00a0\u20ac. Petit-d\u00e9jeuner et bonbons offerts. R\u00e9servation sur www.letheatredaugustine.fr<\/strong>&#13;\n<\/p>\n<p>7. Marseille (13) : The Dark Dreams, une exp\u00e9rience horrifique<br \/>\n<img alt=\"Ambiance immersive au c\u0153ur de The Dark Dreams \u00e0 Marseille.\" loading=\"lazy\" decoding=\"async\" data-nimg=\"fill\" class=\" TwicCore_img__i9TC1 undefined  undefined\" style=\"position:absolute;height:100%;width:100%;left:0;top:0;right:0;bottom:0;color:transparent;background-size:cover;background-position:50% 50%;background-repeat:no-repeat;background-image:url(&quot;data:image\/svg+xml;charset=utf-8,%3Csvg xmlns='http:\/\/www.w3.org\/2000\/svg' %3E%3Cfilter id='b' color-interpolation-filters='sRGB'%3E%3CfeGaussianBlur stdDeviation='20'\/%3E%3CfeColorMatrix values='1 0 0 0 0 0 1 0 0 0 0 0 1 0 0 0 0 0 100 -1' result='s'\/%3E%3CfeFlood x='0' y='0' width='100%25' height='100%25'\/%3E%3CfeComposite operator='out' in='s'\/%3E%3CfeComposite in2='SourceGraphic'\/%3E%3CfeGaussianBlur stdDeviation='20'\/%3E%3C\/filter%3E%3Cimage width='100%25' height='100%25' x='0' y='0' preserveAspectRatio='none' style='filter: url(%23b);' href='https:\/\/pictures.laprovence.com\/cdn-cgi\/image\/blur=250\/media\/melody\/2025\/10\/18\/ambiance-immersive-au-coeur-de-the-dark-dreams-a-marseille-ou-le-nouveau-scenario-le-cercle-interdit-1760782612_26dbcd14f0f866adbcd14f0f84edbcv_.jpg'\/%3E%3C\/svg%3E&quot;)\"   src=\"https:\/\/www.europesays.com\/fr\/wp-content\/uploads\/2025\/10\/ambiance-immersive-au-coeur-de-the-dark-dreams-a-marseille-ou-le-nouveau-scenario-le-cercle-interdit.jpeg\"\/>Ambiance immersive au c\u0153ur de The Dark Dreams \u00e0 Marseille. \/ PHOTO DR<\/p>\n<p>The Dark Dreams Marseille prolonge l&rsquo;exp\u00e9rience de la peur bien au-del\u00e0 du 31 octobre. Cette \u00ab\u00a0maison de l&rsquo;horreur vivante\u00a0\u00bb, install\u00e9e dans le 10\u1d49\u00a0arrondissement, invite cette ann\u00e9e encore les visiteurs \u00e0 franchir le seuil d&rsquo;un labyrinthe o\u00f9 chaque couloir cache son lot de myst\u00e8res et de frissons. Pour Halloween\u00a02025, le site d\u00e9voile un nouveau sc\u00e9nario immersif intitul\u00e9 Le\u00a0cercle interdit. Les participants incarnent des initi\u00e9s convi\u00e9s \u00e0 un rituel occulte inspir\u00e9 d&rsquo;un quatrain de Nostradamus, dans une mise en sc\u00e8ne alliant d\u00e9cors r\u00e9alistes, sons, lumi\u00e8res et acteurs en chair et en os.<\/p>\n<p>Con\u00e7u pour les groupes d&rsquo;amis, couples ou amateurs d&rsquo;exp\u00e9riences fortes, The Dark Dreams propose une aventure interactive et effrayante \u00e0 vivre jusqu&rsquo;\u00e0 fin novembre.<\/p>\n<p><strong>Tarif et r\u00e9servations sur https:\/\/thedarkdreams-marseille.com<\/strong>&#13;\n<\/p>\n<p>8. Ensu\u00e8s-la-Redonne (13) : sueurs froides et myst\u00e8res \u00e0 Magic Park Land<br \/>\n<img alt=\"Ambiance ensorcelante \u00e0 Magic Park Land, o\u00f9 d\u00e9cors, maisons hant\u00e9es et nocturnes vous feront vivre les frissons d\u2019Halloween.\" loading=\"lazy\" decoding=\"async\" data-nimg=\"fill\" class=\" TwicCore_img__i9TC1 undefined  undefined\" style=\"position:absolute;height:100%;width:100%;left:0;top:0;right:0;bottom:0;color:transparent;background-size:cover;background-position:50% 50%;background-repeat:no-repeat;background-image:url(&quot;data:image\/svg+xml;charset=utf-8,%3Csvg xmlns='http:\/\/www.w3.org\/2000\/svg' %3E%3Cfilter id='b' color-interpolation-filters='sRGB'%3E%3CfeGaussianBlur stdDeviation='20'\/%3E%3CfeColorMatrix values='1 0 0 0 0 0 1 0 0 0 0 0 1 0 0 0 0 0 100 -1' result='s'\/%3E%3CfeFlood x='0' y='0' width='100%25' height='100%25'\/%3E%3CfeComposite operator='out' in='s'\/%3E%3CfeComposite in2='SourceGraphic'\/%3E%3CfeGaussianBlur stdDeviation='20'\/%3E%3C\/filter%3E%3Cimage width='100%25' height='100%25' x='0' y='0' preserveAspectRatio='none' style='filter: url(%23b);' href='https:\/\/pictures.laprovence.com\/cdn-cgi\/image\/blur=250\/media\/melody\/2025\/10\/18\/ambiance-ensorcelante-a-magic-park-land-ou-decors-maisons-hantees-et-nocturnes-prolongent-les-frisso-1760782612_3d8403aef0f86319403aef0f805940v_.jpg'\/%3E%3C\/svg%3E&quot;)\"   src=\"https:\/\/www.europesays.com\/fr\/wp-content\/uploads\/2025\/10\/ambiance-ensorcelante-a-magic-park-land-ou-decors-maisons-hantees-et-nocturnes-prolongent-les-frisso.jpeg\"\/>Ambiance ensorcelante \u00e0 Magic Park Land, o\u00f9 d\u00e9cors, maisons hant\u00e9es et nocturnes vous feront vivre les frissons d\u2019Halloween. \/ PHOTO DR<\/p>\n<p>\u00c0 Ensu\u00e8s-la-Redonne, Magic\u00a0Park Land c\u00e9l\u00e8bre Halloween jusqu&rsquo;au 11\u00a0novembre et le parc prend des allures de royaume gentiment hant\u00e9, peupl\u00e9 de fant\u00f4mes errants, de monstres farceurs et d&rsquo;ambiances myst\u00e9rieuses. Les visiteurs sont invit\u00e9s \u00e0 venir costum\u00e9s pour profiter des d\u00e9cors et des animations sp\u00e9cialement imagin\u00e9s pour la saison.<\/p>\n<p>Les plus t\u00e9m\u00e9raires pourront s&rsquo;aventurer dans les deux maisons hant\u00e9es du site, dont le Live\u00a0Horror Show\u00a02, un parcours immersif pr\u00e9sent\u00e9 comme l&rsquo;un des plus impressionnants de la r\u00e9gion. Trois nocturnes, les 25 et 31\u00a0octobre et 1er\u00a0novembre &#8211;\u00a0sur r\u00e9servation uniquement\u00a0-, prolongeront les frissons jusqu&rsquo;\u00e0 23\u00a0h.<\/p>\n<p>Le parc familial d&rsquo;Ensu\u00e8s poursuit ainsi sa mue saisonni\u00e8re apr\u00e8s un \u00e9t\u00e9 marqu\u00e9 par l&rsquo;ouverture de son Splash\u00a0Park, confirmant sa volont\u00e9 d&rsquo;enrichir son offre tout au long de l&rsquo;ann\u00e9e.<\/p>\n<p><strong>Infos sur https:\/\/magic-park-land.com<\/strong>&#13;\n<\/p>\n<p>9. Cuges-les-Pins (13) : OK Corral joue la carte de l&rsquo;immersion<br \/>\n<img alt=\"Ambiance d\u2019Halloween \u00e0 OK Corral, o\u00f9 monstres, sorci\u00e8res et citrouilles envahissent le parc pour les vacances scolaires.\" loading=\"lazy\" decoding=\"async\" data-nimg=\"fill\" class=\" TwicCore_img__i9TC1 undefined  undefined\" style=\"position:absolute;height:100%;width:100%;left:0;top:0;right:0;bottom:0;color:transparent;background-size:cover;background-position:50% 50%;background-repeat:no-repeat;background-image:url(&quot;data:image\/svg+xml;charset=utf-8,%3Csvg xmlns='http:\/\/www.w3.org\/2000\/svg' %3E%3Cfilter id='b' color-interpolation-filters='sRGB'%3E%3CfeGaussianBlur stdDeviation='20'\/%3E%3CfeColorMatrix values='1 0 0 0 0 0 1 0 0 0 0 0 1 0 0 0 0 0 100 -1' result='s'\/%3E%3CfeFlood x='0' y='0' width='100%25' height='100%25'\/%3E%3CfeComposite operator='out' in='s'\/%3E%3CfeComposite in2='SourceGraphic'\/%3E%3CfeGaussianBlur stdDeviation='20'\/%3E%3C\/filter%3E%3Cimage width='100%25' height='100%25' x='0' y='0' preserveAspectRatio='none' style='filter: url(%23b);' href='https:\/\/pictures.laprovence.com\/cdn-cgi\/image\/blur=250\/media\/melody\/2025\/10\/18\/ambiance-dhalloween-a-ok-corral-ou-monstres-sorcieres-et-citrouilles-envahissent-le-parc-pour-les-va-1760782612_b6764239e0f868d964239e0f803b64v_.jpg'\/%3E%3C\/svg%3E&quot;)\"   src=\"https:\/\/www.europesays.com\/fr\/wp-content\/uploads\/2025\/10\/ambiance-dhalloween-a-ok-corral-ou-monstres-sorcieres-et-citrouilles-envahissent-le-parc-pour-les-va.jpeg\"\/>Ambiance d\u2019Halloween \u00e0 OK Corral, o\u00f9 monstres, sorci\u00e8res et citrouilles envahissent le parc pour les vacances scolaires. \/ PHOTO DR<\/p>\n<p>Depuis le d\u00e9but du mois d&rsquo;octobre, OK Corral vit d\u00e9j\u00e0 au rythme d&rsquo;Halloween. Un moment toujours tr\u00e8s intense au sein de ce parc situ\u00e9 \u00e0 Cuges-les-Pins depuis 1966. Toiles d&rsquo;araign\u00e9es, passages de la peur et personnages effrayants envahissent ce site o\u00f9 m\u00eame le personnel se transforme en cr\u00e9atures fantastiques. Pour les plus fac\u00e9tieux, le parc invite les visiteurs \u00e0 venir costum\u00e9s pour participer notamment \u00e0 la grande parade.<\/p>\n<p>Dans le d\u00e9tail de cette saison d&rsquo;Halloween, qui s&rsquo;ach\u00e8vera le 2\u00a0novembre, trois attractions sp\u00e9cifiques sont propos\u00e9es\u00a0: la Maison\u00a0de Casper pour les plus jeunes, le Passage\u00a0vers l&rsquo;Enfer r\u00e9serv\u00e9 aux plus t\u00e9m\u00e9raires, et les M\u00e9andres\u00a0du docteur Lozano destin\u00e9s \u00e0 un public averti. Le parc est ouvert tous les jours pendant les vacances scolaires.<\/p>\n<p><strong>Infos sur www.okcorral.fr<\/strong>&#13;\n<\/p>\n<p>10. La Roque-d&rsquo;Anth\u00e9ron (13) : frissons pr\u00e9historiques \u00e0 Dinopedia Parc Provence<br \/>\n<img alt=\"Ambiance f\u00e9\u00e9rique et pr\u00e9historique \u00e0 Dinopedia Parc Provence, o\u00f9 dinosaures illumin\u00e9s, spectacles et animations feront frissonner petits et grands jusqu\u2019au 2 novembre.\" loading=\"lazy\" decoding=\"async\" data-nimg=\"fill\" class=\" TwicCore_img__i9TC1 undefined  undefined\" style=\"position:absolute;height:100%;width:100%;left:0;top:0;right:0;bottom:0;color:transparent;background-size:cover;background-position:50% 50%;background-repeat:no-repeat;background-image:url(&quot;data:image\/svg+xml;charset=utf-8,%3Csvg xmlns='http:\/\/www.w3.org\/2000\/svg' %3E%3Cfilter id='b' color-interpolation-filters='sRGB'%3E%3CfeGaussianBlur stdDeviation='20'\/%3E%3CfeColorMatrix values='1 0 0 0 0 0 1 0 0 0 0 0 1 0 0 0 0 0 100 -1' result='s'\/%3E%3CfeFlood x='0' y='0' width='100%25' height='100%25'\/%3E%3CfeComposite operator='out' in='s'\/%3E%3CfeComposite in2='SourceGraphic'\/%3E%3CfeGaussianBlur stdDeviation='20'\/%3E%3C\/filter%3E%3Cimage width='100%25' height='100%25' x='0' y='0' preserveAspectRatio='none' style='filter: url(%23b);' href='https:\/\/pictures.laprovence.com\/cdn-cgi\/image\/blur=250\/media\/melody\/2025\/10\/18\/ambiance-feerique-et-prehistorique-a-dinopedia-parc-provence-ou-dinosaures-illumines-spectacles-et-a-1760782613_854a4fd0efe86b94a4fd0efe89d4a4v_.jpg'\/%3E%3C\/svg%3E&quot;)\"   src=\"https:\/\/www.europesays.com\/fr\/wp-content\/uploads\/2025\/10\/ambiance-feerique-et-prehistorique-a-dinopedia-parc-provence-ou-dinosaures-illumines-spectacles-et-a.jpeg\"\/>Ambiance f\u00e9\u00e9rique et pr\u00e9historique \u00e0 Dinopedia Parc Provence, o\u00f9 dinosaures illumin\u00e9s, spectacles et animations feront frissonner petits et grands jusqu\u2019au 2 novembre. \/ PHOTO DR<\/p>\n<p>Citrouilles, squelettes et&#8230; dinosaures. Du 18\u00a0octobre au 2\u00a0novembre, Dinopedia\u00a0Parc Provence se transforme pour Halloween. Le parc propose chaque jour une chasse au tr\u00e9sor Sur\u00a0les traces du dino fant\u00f4me, ainsi que des ateliers cr\u00e9atifs pour enfants et des s\u00e9ances de maquillage pour se m\u00e9tamorphoser en cr\u00e9ature fantastique.<\/p>\n<p>Install\u00e9 \u00e0 La Roque-d&rsquo;Anth\u00e9ron, sur l&rsquo;ancien site du parc Grimmland, Dinopedia a \u00e9t\u00e9 cr\u00e9\u00e9 par Philippe Lopez, d\u00e9j\u00e0 \u00e0 l&rsquo;origine de trois autres parcs consacr\u00e9s aux dinosaures en Occitanie. Sur quatre hectares, une cinquantaine de sp\u00e9cimens \u00e0 taille r\u00e9elle, dont plusieurs anim\u00e9s, permettent de remonter le temps jusqu&rsquo;au Jurassique. Le point d&rsquo;orgue de cette saison sera la grande nocturne du 31\u00a0octobre : de 17\u00a0h \u00e0 22\u00a0h, \u00e9chassier lumineux, jongleur de feu et danseuse de lumi\u00e8re animeront le parc. Une soir\u00e9e sp\u00e9ciale o\u00f9 le public est invit\u00e9 \u00e0 venir costum\u00e9.<\/p>\n<p><strong>Infos sur https:\/\/www.le-monde-de-dinopedia.fr<\/strong><\/p>\n<p><a target=\"_self\" aria-label=\"Acc\u00e9der au dossier Id\u00e9es sorties\" class=\"w-full h-full flex flex-row rounded-lg\" data-xiti-chapter1=\"dossier\" data-xiti-chapter2=\"tag\" type=\"navigation\" href=\"https:\/\/www.laprovence.com\/dossiers\/125145\/idees-sorties\" rel=\"noopener\"><img alt=\"Illustration du dossier Id\u00e9es sorties\" loading=\"lazy\" decoding=\"async\" data-nimg=\"fill\" class=\"rounded-lg\" style=\"position:absolute;height:100%;width:100%;left:0;top:0;right:0;bottom:0;object-fit:cover;color:transparent\"   src=\"https:\/\/www.europesays.com\/fr\/wp-content\/uploads\/2025\/07\/1753640176_457_la-fete-foraine-d-aix-a-ouvert-ses-portes-aux-visiteurs-samedi-8-fevrier-2025-1739171705_29c17869c8a.jpeg\"\/><\/a><\/p>\n","protected":false},"excerpt":{"rendered":"1. Manosque (04) &#8211; Un festival d\u2019horreur\u2026 et de rires La ville de Manosque invite ses habitants (et&hellip;\n","protected":false},"author":2,"featured_media":472289,"comment_status":"","ping_status":"","sticky":false,"template":"","format":"standard","meta":{"footnotes":""},"categories":[2814],"tags":[17,1111,11,8083,1777,674,1011,27,4743,151,2831,17023,884,12,27258,1186,882,25],"class_list":{"0":"post-472288","1":"post","2":"type-post","3":"status-publish","4":"format-standard","5":"has-post-thumbnail","7":"category-marseille","8":"tag-17","9":"tag-actu","10":"tag-actualites","11":"tag-bons","12":"tag-eu","13":"tag-europe","14":"tag-fr","15":"tag-france","16":"tag-la","17":"tag-les","18":"tag-loisirs-traditions","19":"tag-manosque","20":"tag-marseille","21":"tag-news","22":"tag-plans","23":"tag-provence","24":"tag-provence-alpes-cote-dazur","25":"tag-republique-francaise"},"share_on_mastodon":{"url":"https:\/\/pubeurope.com\/@fr\/115394800547492574","error":""},"_links":{"self":[{"href":"https:\/\/www.europesays.com\/fr\/wp-json\/wp\/v2\/posts\/472288","targetHints":{"allow":["GET"]}}],"collection":[{"href":"https:\/\/www.europesays.com\/fr\/wp-json\/wp\/v2\/posts"}],"about":[{"href":"https:\/\/www.europesays.com\/fr\/wp-json\/wp\/v2\/types\/post"}],"author":[{"embeddable":true,"href":"https:\/\/www.europesays.com\/fr\/wp-json\/wp\/v2\/users\/2"}],"replies":[{"embeddable":true,"href":"https:\/\/www.europesays.com\/fr\/wp-json\/wp\/v2\/comments?post=472288"}],"version-history":[{"count":0,"href":"https:\/\/www.europesays.com\/fr\/wp-json\/wp\/v2\/posts\/472288\/revisions"}],"wp:featuredmedia":[{"embeddable":true,"href":"https:\/\/www.europesays.com\/fr\/wp-json\/wp\/v2\/media\/472289"}],"wp:attachment":[{"href":"https:\/\/www.europesays.com\/fr\/wp-json\/wp\/v2\/media?parent=472288"}],"wp:term":[{"taxonomy":"category","embeddable":true,"href":"https:\/\/www.europesays.com\/fr\/wp-json\/wp\/v2\/categories?post=472288"},{"taxonomy":"post_tag","embeddable":true,"href":"https:\/\/www.europesays.com\/fr\/wp-json\/wp\/v2\/tags?post=472288"}],"curies":[{"name":"wp","href":"https:\/\/api.w.org\/{rel}","templated":true}]}}