{"id":472290,"date":"2025-10-18T10:54:18","date_gmt":"2025-10-18T10:54:18","guid":{"rendered":"https:\/\/www.europesays.com\/fr\/472290\/"},"modified":"2025-10-18T10:54:18","modified_gmt":"2025-10-18T10:54:18","slug":"lyon-la-tempete-sintensifie-contre-frederic-merlin-et-son-pacte-avec-le-geant-shein","status":"publish","type":"post","link":"https:\/\/www.europesays.com\/fr\/472290\/","title":{"rendered":"Lyon. La temp\u00eate s&rsquo;intensifie contre Fr\u00e9d\u00e9ric Merlin et son \u00ab\u00a0pacte\u00a0\u00bb avec le g\u00e9ant Shein"},"content":{"rendered":"<p>            Par<br \/>\n        <strong><br \/>\n            <a href=\"https:\/\/actu.fr\/auteur\/nicolas-zaugra\" title=\"Consulter tous les articles de Nicolas Zaugra\" rel=\"nofollow noopener\" target=\"_blank\">Nicolas Zaugra<\/a><br \/>\n        <\/strong><\/p>\n<p>        Publi\u00e9 le<\/p>\n<p>            18 oct. 2025 \u00e0 6h42        <\/p>\n<p>La temp\u00eate est en train de se transformer en ouragan. La d\u00e9cision du patron lyonnais <a href=\"https:\/\/actu.fr\/auvergne-rhone-alpes\/lyon_69123\/lyon-frederic-merlin-un-jeune-patron-lyonnais-dans-la-tempete-apres-son-accord-avec-shein_63243506.html\" rel=\"nofollow noopener\" target=\"_blank\">Fr\u00e9d\u00e9ric Merlin,<\/a> \u00e0 la t\u00eate de la <strong>Soci\u00e9t\u00e9 des Grands Magasins (SGM)<\/strong>, dont le si\u00e8ge est \u00e0 <a href=\"https:\/\/actu.fr\/auvergne-rhone-alpes\/lyon_69123\" rel=\"nofollow noopener\" target=\"_blank\">Lyon<\/a>, de signer un accord avec le g\u00e9ant du commerce en ligne chinois <a href=\"https:\/\/actu.fr\/ile-de-france\/paris_75056\/paris-les-syndicats-du-bhv-appellent-a-la-greve-contre-l-arrivee-de-shein_63280424.html\" rel=\"nofollow noopener\" target=\"_blank\">Shein<\/a>, n\u2019en finit pas de provoquer pol\u00e9mique et controverse. <br \/>Le jeune chef d\u2019entreprise de 34 ans persiste et signe en estimant que son pacte avec le site de e-commerce est indispensable. Mais depuis cette annonce, son groupe accumule les difficult\u00e9s. De quoi le faire reculer ?<\/p>\n<p>Fr\u00e9d\u00e9ric Merlin d\u00e9fend bec et ongle son pacte avec Shein<\/p>\n<p class=\" wall-content\">Depuis ses interventions sur BFMTV ou C \u00e0 Vous, le patron \u00e0 la t\u00eate d\u2019un groupe qui poss\u00e8de 11 centres commerciaux dont le BHV \u00e0 Paris, sept Galeries Lafayette en r\u00e9gion se fait bien plus discret.<\/p>\n<p class=\" wall-content\">\u00c0 l\u2019annonce d\u2019un <a href=\"https:\/\/actu.fr\/auvergne-rhone-alpes\/grenoble_38185\/les-galeries-lafayette-peuvent-elles-bloquer-l-arrivee-controversee-de-shein-a-grenoble_63243729.html\" rel=\"nofollow noopener\" target=\"_blank\">partenariat unique au monde avec Shein<\/a>, Fr\u00e9d\u00e9ric Merlin n\u2019en a que faire des critiques. L\u2019installation dans plusieurs Galeries Lafayette et au BHV d\u2019espaces de vente Shein est un bon coup. Il faut \u00ab\u00a0faire le buzz\u00a0\u00bb pour r\u00e9veiller le commerce traditionnel en perte de vitesse.<\/p>\n<p class=\" wall-content\">Mais Shein, le g\u00e9ant asiatique de la fast fashion et de l\u2019ultra consommation, est point\u00e9 du doigt pour son mod\u00e8le social et son impact \u00e9cologique. \u00c0 cela, le Lyonnais r\u00e9pond \u00ab\u00a0qu\u2019on est en train de faire \u00e9voluer le mod\u00e8le Shein. Je ne suis pas devenu le nouveau d\u00e9fenseur de Shein (\u2026) Je veux essayer de faire un mod\u00e8le o\u00f9 le e-commerce et le commerce physique sont compl\u00e9mentaires\u00a0\u00bb.<\/p>\n<blockquote class=\"ac-article-quote wall-content\">\n<p>On nous dit tous les jours que le commerce va mal, des milliers d&#8217;emplois sont supprim\u00e9s, le taux de fr\u00e9quentation de magasins qui ne fait que baisser&#8230; <\/p>\n<p>    <strong>Fr\u00e9d\u00e9ric Merlin<\/strong>\n            <\/p><\/blockquote>\n<p class=\" wall-content\">Le patron en est persuad\u00e9 : avec l\u2019annonce tr\u00e8s m\u00e9diatique de son accord avec Shein, le g\u00e9ant chinois va respecter certaines normes malgr\u00e9 les enqu\u00eates qui pointent ses m\u00e9thodes. Des arguments qui lui ont valu un vif accrochage avec la patronne des Verts <a href=\"https:\/\/actu.fr\/auvergne-rhone-alpes\/lyon_69123\/amoureuse-de-marine-tondelier-une-lyonnaise-a-fait-vivre-l-enfer-a-l-elue-ecologiste_63217731.html\" rel=\"nofollow noopener\" target=\"_blank\">Marine Tondelier<\/a>.\u00a0<\/p>\n<p>Les embuches s\u2019accumulent pour le groupe lyonnais<\/p>\n<p class=\" wall-content\">Un projet qui ne fait pas bouger l\u2019entrepreneur et ce malgr\u00e9 les vents contraires. Depuis son annonce le 1er octobre, les soucis s\u2019additionnent sur le bureau du groupe qui a ses bureaux \u00e0 la Cit\u00e9 internationale de Lyon (6e arrondissement).<\/p>\n<p>Votre r\u00e9gion, votre actu !<\/p>\n<p>Recevez chaque jour les infos qui comptent pour vous.<\/p>\n<p>\t<a href=\"https:\/\/actu.fr\/newsletter\" class=\"ac-btn ac-btn--corner ac-btn--medium ac-btn--blue800\" rel=\"nofollow noopener\" target=\"_blank\">S&rsquo;incrire<\/a><\/p>\n<p class=\" wall-content\">La Banque des Territoires, le principal financeur dans le cadre du projet de rachat du BHV parisien, s\u2019est retir\u00e9, contrari\u00e9 par l\u2019accord avec Shein. Toujours dans le grand magasin de la rue de Rivoli, l\u2019arriv\u00e9e de Shein a fait <a href=\"https:\/\/actu.fr\/ile-de-france\/paris_75056\/paris-ca-me-donne-la-nausee-face-a-l-arrivee-de-shein-au-bhv-plusieurs-marques-quittent-le-grand-magasin_63253635.html\" rel=\"nofollow noopener\" target=\"_blank\">fuir de grandes enseignes<\/a>. Douze marques ont annonc\u00e9 quitter le magasin historique du Marais. Dans le m\u00eame temps, une p\u00e9tition a d\u00e9pass\u00e9 les 100 000 signatures et le groupe Galerie Lafayette a dit qu\u2019il ferait tout pour emp\u00eacher l\u2019arriv\u00e9e de Shein dans ses magasins franchis\u00e9s.<\/p>\n<p>Une \u00ab\u00a0d\u00e9rive pr\u00e9occupante\u00a0\u00bb<\/p>\n<p class=\" wall-content\">Coup de gr\u00e2ce cette semaine pour la Soci\u00e9t\u00e9 des Grands Magasins qui a \u00e9t\u00e9 <a href=\"https:\/\/actu.fr\/ile-de-france\/paris_75056\/shein-a-paris-l-exploitant-du-bhv-exclu-de-la-federation-des-grands-magasins-a-l-unanimite_63296197.html\" rel=\"nofollow noopener\" target=\"_blank\">exclue \u00e0 l\u2019unanimit\u00e9 par l\u2019Union du grand commerce de centre-ville<\/a> (UCV).<\/p>\n<p class=\" wall-content\">L\u2019UCV y voit \u00ab\u00a0une d\u00e9rive pr\u00e9occupante\u2009: la normalisation d\u2019un mod\u00e8le \u00e9conomique fond\u00e9 sur l\u2019\u00e9vitement des r\u00e8gles communes\u00a0\u00bb, et appelle \u00ab\u00a0solennellement les pouvoirs publics fran\u00e7ais et europ\u00e9ens\u00a0\u00bb \u00e0 des \u00ab\u00a0mesures urgentes\u00a0\u00bb comme \u00ab\u00a0l\u2019instauration de droits de douane sur les produits de moins de 150 euros import\u00e9s\u00a0\u00bb.<\/p>\n<p>Vers une sortie de crise ?<\/p>\n<p class=\" wall-content\">Le groupe de Fr\u00e9d\u00e9ric Merlin va-t-il plier face \u00e0 la pression du secteur, des \u00e9lus mais aussi de certains consommateurs ?<\/p>\n<p class=\" wall-content\">Le pr\u00e9sident du directoire des Galeries Lafayette, Nicolas Houz\u00e9, par ailleurs pr\u00e9sident de l\u2019UCV, et le directeur g\u00e9n\u00e9ral, Arthur Lemoine, ont annonc\u00e9 jeudi avoir discut\u00e9 avec \u00ab\u2009Fr\u00e9d\u00e9ric Merlin et ses \u00e9quipes afin de trouver une issue constructive\u2009\u00bb. Ils assurent que \u00ab\u2009le groupe SGM a pris la mesure des\u00a0incompatibilit\u00e9s\u00a0entre les positionnements des marques Shein et Galeries Lafayette\u2009\u00bb, saluant une \u00ab\u2009\u00e9tape importante\u2009\u00bb, sans pr\u00e9ciser les options envisag\u00e9es.<\/p>\n<p class=\" wall-content\">Sollicit\u00e9e par l\u2019AFP, la SGM a confirm\u00e9 dialoguer avec les Galeries Lafayette sans commenter son exclusion de l\u2019UCV. \u00c9galement contact\u00e9, le groupe n\u2019a pas r\u00e9agi.<\/p>\n<p class=\" wall-content\">De quoi provoquer une sortie de crise et faire renoncer Fr\u00e9d\u00e9ric Merlin au \u00ab\u00a0mariage\u00a0\u00bb de ses commerces avec Shein ?<\/p>\n<p class=\" wall-content\">Personnalisez votre actualit\u00e9 en ajoutant vos villes et m\u00e9dias en favori avec <a href=\"https:\/\/moncompte.actu.fr\" title=\"D\u00e9couvez Mon Actu\" rel=\"nofollow noopener\" data-trk=\"{&quot;cta&quot;:{&quot;action&quot;:&quot;https:\\\/\\\/moncompte.actu.fr&quot;,&quot;category&quot;:&quot;mon compte&quot;,&quot;from&quot;:&quot;article footer&quot;,&quot;name&quot;:&quot;Mon actu&quot;,&quot;type&quot;:&quot;cta&quot;}}\" target=\"_blank\">Mon Actu<\/a>.<\/p>\n","protected":false},"excerpt":{"rendered":"Par Nicolas Zaugra Publi\u00e9 le 18 oct. 2025 \u00e0 6h42 La temp\u00eate est en train de se transformer&hellip;\n","protected":false},"author":2,"featured_media":472291,"comment_status":"","ping_status":"","sticky":false,"template":"","format":"standard","meta":{"footnotes":""},"categories":[1889],"tags":[1111,11,2430,215,33,1777,674,1011,27,2428,12,25],"class_list":{"0":"post-472290","1":"post","2":"type-post","3":"status-publish","4":"format-standard","5":"has-post-thumbnail","7":"category-lyon","8":"tag-actu","9":"tag-actualites","10":"tag-auvergne-rhone-alpes","11":"tag-commerce","12":"tag-economie","13":"tag-eu","14":"tag-europe","15":"tag-fr","16":"tag-france","17":"tag-lyon","18":"tag-news","19":"tag-republique-francaise"},"share_on_mastodon":{"url":"https:\/\/pubeurope.com\/@fr\/115394803411641363","error":""},"_links":{"self":[{"href":"https:\/\/www.europesays.com\/fr\/wp-json\/wp\/v2\/posts\/472290","targetHints":{"allow":["GET"]}}],"collection":[{"href":"https:\/\/www.europesays.com\/fr\/wp-json\/wp\/v2\/posts"}],"about":[{"href":"https:\/\/www.europesays.com\/fr\/wp-json\/wp\/v2\/types\/post"}],"author":[{"embeddable":true,"href":"https:\/\/www.europesays.com\/fr\/wp-json\/wp\/v2\/users\/2"}],"replies":[{"embeddable":true,"href":"https:\/\/www.europesays.com\/fr\/wp-json\/wp\/v2\/comments?post=472290"}],"version-history":[{"count":0,"href":"https:\/\/www.europesays.com\/fr\/wp-json\/wp\/v2\/posts\/472290\/revisions"}],"wp:featuredmedia":[{"embeddable":true,"href":"https:\/\/www.europesays.com\/fr\/wp-json\/wp\/v2\/media\/472291"}],"wp:attachment":[{"href":"https:\/\/www.europesays.com\/fr\/wp-json\/wp\/v2\/media?parent=472290"}],"wp:term":[{"taxonomy":"category","embeddable":true,"href":"https:\/\/www.europesays.com\/fr\/wp-json\/wp\/v2\/categories?post=472290"},{"taxonomy":"post_tag","embeddable":true,"href":"https:\/\/www.europesays.com\/fr\/wp-json\/wp\/v2\/tags?post=472290"}],"curies":[{"name":"wp","href":"https:\/\/api.w.org\/{rel}","templated":true}]}}