{"id":472298,"date":"2025-10-18T10:59:14","date_gmt":"2025-10-18T10:59:14","guid":{"rendered":"https:\/\/www.europesays.com\/fr\/472298\/"},"modified":"2025-10-18T10:59:14","modified_gmt":"2025-10-18T10:59:14","slug":"beaune-estime-que-le-parti-renaissance-mourra-sil-devient-le-marchepied-de-la-candidate-dati","status":"publish","type":"post","link":"https:\/\/www.europesays.com\/fr\/472298\/","title":{"rendered":"Beaune estime que le parti Renaissance \u00ab mourra s\u2019il devient le marchepied \u00bb de la candidate Dati"},"content":{"rendered":"<p class=\"mb-4 text-lg md:leading-8 break-words\"><strong>scrutin \u00e0 enjeux &#8211; L\u2019ancien ministre macroniste Cl\u00e9ment Beaune s\u2019est dit \u00ab pr\u00eat \u00e0 mener ce combat \u00bb lui-m\u00eame en mars prochain dans la capitale, en s\u2019adressant aux militants macronistes<\/strong><\/p>\n<p class=\"mb-4 text-lg md:leading-8 break-words\">Il n\u2019a pas dit explicitement son nom. L\u2019ancien ministre macroniste <a href=\"https:\/\/www.20minutes.fr\/politique\/clement-beaune\/?at_medium=RSS%20feed&amp;at_campaign=ynews&amp;utm_source=yahoo&amp;utm_medium=rss&amp;utm_campaign=news_feed&amp;utm_content=in_article_link\" rel=\"nofollow noopener\" target=\"_blank\" data-ylk=\"slk:Cl\u00e9ment Beaune;elm:context_link;itc:0;sec:content-canvas\" class=\"link \">Cl\u00e9ment Beaune<\/a> \u00e9crit dans une lettre adress\u00e9e aux militants <a href=\"https:\/\/www.20minutes.fr\/politique\/renaissance\/?at_medium=RSS%20feed&amp;at_campaign=ynews&amp;utm_source=yahoo&amp;utm_medium=rss&amp;utm_campaign=news_feed&amp;utm_content=in_article_link\" rel=\"nofollow noopener\" target=\"_blank\" data-ylk=\"slk:Renaissance;elm:context_link;itc:0;sec:content-canvas\" class=\"link \">Renaissance<\/a> : \u00ab notre parti mourra s\u2019il devient le marchepied d\u2019une candidature \u00ab\u00a0r\u00e9publicaine\u00a0\u00bb qui ne repr\u00e9sente ni nos id\u00e9es, ni nos valeurs \u00bb aux \u00e9lections municipales \u00e0 Paris en mars prochain. \u00ab Chacun le sait : cette option nous diviserait profond\u00e9ment ; nombre de militants partiraient, d\u00e9finitivement \u00bb, pr\u00e9vient cette figure de l\u2019aile gauche de la macronie, s\u2019agissant de la candidature de <a href=\"https:\/\/www.20minutes.fr\/politique\/rachida_dati?at_medium=RSS%20feed&amp;at_campaign=ynews&amp;utm_source=yahoo&amp;utm_medium=rss&amp;utm_campaign=news_feed&amp;utm_content=in_article_link\" rel=\"nofollow noopener\" target=\"_blank\" data-ylk=\"slk:Rachida Dati;elm:context_link;itc:0;sec:content-canvas\" class=\"link \">Rachida Dati<\/a>. Cette lettre consult\u00e9e ce samedi par l\u2019Afp lui permet aussi de se positionner lui-m\u00eame.<\/p>\n<p class=\"mb-4 text-lg md:leading-8 break-words\">\u00ab Comme je vous l\u2019ai dit, je suis pr\u00eat \u00e0 mener ce combat. Je le dis aussi : ce qui m\u2019importe avant tout, dans un moment si critique, c\u2019est le succ\u00e8s collectif et la d\u00e9fense de nos valeurs \u00bb, \u00e9crit l\u2019ex-d\u00e9put\u00e9 de Paris. \u00ab Nous devons \u00eatre ouverts \u00e0 soutenir un candidat du bloc central qui partagerait notre projet et notre \u00e9thique \u00bb, poursuit Cl\u00e9ment Beaune, laissant la porte ouverte \u00e0 un soutien \u00e0 Pierre-Yves Bournazel, candidat Horizons \u00e0 l\u2019h\u00f4tel de ville. Ce dernier a lanc\u00e9 sa campagne en juin lors d\u2019un meeting auquel Cl\u00e9ment Beaune avait d\u2019ailleurs assist\u00e9.<\/p>\n<p>Une candidate r\u00e9publicaine avec des casseroles<\/p>\n<p class=\"mb-4 text-lg md:leading-8 break-words\">La maire du 7e arrondissement et ministre de la Culture a \u00e9t\u00e9 investie fin ao\u00fbt par Les R\u00e9publicains pour mener la bataille des municipales \u00e0 Paris en mars 2026 et succ\u00e9der \u00e0 la socialiste Anne Hidalgo. L\u2019ex-garde des Sceaux de Nicolas Sarkozy doit cependant \u00eat(&#8230;)<\/p>\n<p class=\"mb-4 text-lg md:leading-8 break-words\"><a href=\"https:\/\/www.20minutes.fr\/paris\/4180136-20251018-municipales-paris-beaune-estime-parti-renaissance-mourra-devient-marchepied-candidate-dati?at_medium=RSS%20feed&amp;at_campaign=ynews&amp;utm_source=yahoo&amp;utm_medium=rss&amp;utm_campaign=news_feed&amp;utm_content=read_more_link&quot;\" rel=\"nofollow noopener\" target=\"_blank\" data-ylk=\"slk:Lire la suite sur 20minutes;elm:context_link;itc:0;sec:content-canvas\" class=\"link \">Lire la suite sur 20minutes<\/a><\/p>\n<p>\u00c0 lire aussi :<br \/><a href=\"https:\/\/www.20minutes.fr\/paris\/4165687-20250728-legislative-paris-rachida-dati-candidate-quoi-arrive?at_medium=RSS%20feed&amp;at_campaign=ynews&amp;utm_source=yahoo&amp;utm_medium=rss&amp;utm_campaign=news_feed&amp;utm_content=related_content_link\" rel=\"nofollow noopener\" target=\"_blank\" data-ylk=\"slk:L\u00e9gislative partielle \u00e0 Paris : Rachida Dati sera candidate \u00ab quoi qu\u2019il arrive \u00bb;elm:context_link;itc:0;sec:content-canvas\" class=\"link \">L\u00e9gislative partielle \u00e0 Paris : Rachida Dati sera candidate \u00ab quoi qu\u2019il arrive \u00bb<\/a><br \/><a href=\"https:\/\/www.20minutes.fr\/politique\/4161950-20250704-municipales-2026-paris-rachida-dati-aussi-candidate-macronistes?at_medium=RSS%20feed&amp;at_campaign=ynews&amp;utm_source=yahoo&amp;utm_medium=rss&amp;utm_campaign=news_feed&amp;utm_content=related_content_link\" rel=\"nofollow noopener\" target=\"_blank\" data-ylk=\"slk:Municipales 2026 \u00e0 Paris : Rachida Dati sera-t-elle aussi la candidate des macronistes ?;elm:context_link;itc:0;sec:content-canvas\" class=\"link \">Municipales 2026 \u00e0 Paris : Rachida Dati sera-t-elle aussi la candidate des macronistes ?<\/a><\/p>\n","protected":false},"excerpt":{"rendered":"scrutin \u00e0 enjeux &#8211; L\u2019ancien ministre macroniste Cl\u00e9ment Beaune s\u2019est dit \u00ab pr\u00eat \u00e0 mener ce combat \u00bb&hellip;\n","protected":false},"author":2,"featured_media":472299,"comment_status":"","ping_status":"","sticky":false,"template":"","format":"standard","meta":{"footnotes":""},"categories":[1888],"tags":[1111,1928,11,1927,48744,1777,674,1011,27,2616,12,1926,626,1925,417,25],"class_list":{"0":"post-472298","1":"post","2":"type-post","3":"status-publish","4":"format-standard","5":"has-post-thumbnail","7":"category-paris","8":"tag-actu","9":"tag-actu-paris","10":"tag-actualites","11":"tag-actualites-paris","12":"tag-clement-beaune","13":"tag-eu","14":"tag-europe","15":"tag-fr","16":"tag-france","17":"tag-ministre-de-la-culture","18":"tag-news","19":"tag-news-paris","20":"tag-paris","21":"tag-paris-news","22":"tag-rachida-dati","23":"tag-republique-francaise"},"share_on_mastodon":{"url":"https:\/\/pubeurope.com\/@fr\/115394823117785974","error":""},"_links":{"self":[{"href":"https:\/\/www.europesays.com\/fr\/wp-json\/wp\/v2\/posts\/472298","targetHints":{"allow":["GET"]}}],"collection":[{"href":"https:\/\/www.europesays.com\/fr\/wp-json\/wp\/v2\/posts"}],"about":[{"href":"https:\/\/www.europesays.com\/fr\/wp-json\/wp\/v2\/types\/post"}],"author":[{"embeddable":true,"href":"https:\/\/www.europesays.com\/fr\/wp-json\/wp\/v2\/users\/2"}],"replies":[{"embeddable":true,"href":"https:\/\/www.europesays.com\/fr\/wp-json\/wp\/v2\/comments?post=472298"}],"version-history":[{"count":0,"href":"https:\/\/www.europesays.com\/fr\/wp-json\/wp\/v2\/posts\/472298\/revisions"}],"wp:featuredmedia":[{"embeddable":true,"href":"https:\/\/www.europesays.com\/fr\/wp-json\/wp\/v2\/media\/472299"}],"wp:attachment":[{"href":"https:\/\/www.europesays.com\/fr\/wp-json\/wp\/v2\/media?parent=472298"}],"wp:term":[{"taxonomy":"category","embeddable":true,"href":"https:\/\/www.europesays.com\/fr\/wp-json\/wp\/v2\/categories?post=472298"},{"taxonomy":"post_tag","embeddable":true,"href":"https:\/\/www.europesays.com\/fr\/wp-json\/wp\/v2\/tags?post=472298"}],"curies":[{"name":"wp","href":"https:\/\/api.w.org\/{rel}","templated":true}]}}