{"id":472300,"date":"2025-10-18T11:00:12","date_gmt":"2025-10-18T11:00:12","guid":{"rendered":"https:\/\/www.europesays.com\/fr\/472300\/"},"modified":"2025-10-18T11:00:12","modified_gmt":"2025-10-18T11:00:12","slug":"la-date-du-lancement-a-paris","status":"publish","type":"post","link":"https:\/\/www.europesays.com\/fr\/472300\/","title":{"rendered":"la date du lancement \u00e0 Paris"},"content":{"rendered":"<p>ParisSelect &#8211; Illuminations de No\u00ebl des Champs-\u00c9lys\u00e9es 2025: la date du lancement \u00e0 Paris<\/p>\n<p>Chaque fin d\u2019ann\u00e9e, Paris se pare de <a href=\"https:\/\/www.parisselectbook.com\/2025\/10\/13\/thoiry-lumieres-sauvages-2025-2026-plongez-dans-le-bal-des-esprits-special-halloween\/\" target=\"_blank\" rel=\"noopener nofollow\">lumi\u00e8res<\/a> et de rituels. Sur les Champs \u00c9lys\u00e9es, la saison des illuminations attire familles, voisins et curieux. Ainsi, vous pouvez pr\u00e9parer votre sortie avec s\u00e9r\u00e9nit\u00e9.<\/p>\n<p>Illuminations de No\u00ebl sur l\u2019avenue<\/p>\n<p>Ce rendez-vous annuel transforme l\u2019avenue en <a href=\"https:\/\/www.parisselectbook.com\/2024\/09\/10\/le-comite-montaigne-presente-la-promenade-pour-un-objet-dexception\/\" target=\"_blank\" rel=\"noopener nofollow\">promenade<\/a> lumineuse. D\u2019ailleurs, le Comit\u00e9 et la Ville coordonnent la mise en lumi\u00e8re. Ainsi, l\u2019allumage s\u2019effectue selon un calendrier public et connu. Sur les Champs \u00c9lys\u00e9es, l\u2019acc\u00e8s reste <strong>gratuit<\/strong> et <strong>libre<\/strong>.<\/p>\n<p>Les dates pr\u00e9cises sont communiqu\u00e9es \u00e0 <a href=\"https:\/\/www.parisselectbook.com\/2025\/10\/09\/sezane-le-manteau-casual-chic-qui-elance-lallure-must-have-de-lautomne-dispo-du-34-au-46-risque-de-rupture\/\" target=\"_blank\" rel=\"noopener nofollow\">l\u2019automne<\/a>. De plus, la p\u00e9riode s\u2019\u00e9tend souvent de <strong>fin novembre<\/strong> \u00e0 <strong>d\u00e9but janvier<\/strong>. L\u2019allumage intervient chaque soir, selon des plages annonc\u00e9es. Les Champs \u00c9lys\u00e9es restent alors anim\u00e9s, mais la circulation demeure encadr\u00e9e.<\/p>\n<p>Dates, horaires et c\u00e9r\u00e9monie<\/p>\n<p>Une c\u00e9r\u00e9monie d\u2019ouverture marque le lancement de la saison. Souvent, une marraine ou un parrain appuie le bouton symbolique. Aussi, la foule se rassemble en d\u00e9but de <a href=\"https:\/\/www.parisselectbook.com\/2025\/10\/08\/halloween-2025-a-paris-meilleures-sorties-soirees-et-bons-plans-du-31-octobre\/\" target=\"_blank\" rel=\"noopener nofollow\">soir\u00e9e<\/a>, parfois sous la pluie. Sur les Champs \u00c9lys\u00e9es, la s\u00e9curit\u00e9 guide les flux d\u00e8s l\u2019apr\u00e8s-midi.<\/p>\n<blockquote>\n<p>\u00ab La magie des lumi\u00e8res rassemble, car elle donne un rep\u00e8re commun en hiver. \u00bb<\/p>\n<\/blockquote>\n<p>Pour conna\u00eetre l\u2019horaire du soir, suivez les annonces officielles. Ainsi, vous venez au bon moment, sans attente inutile. Les stations proches \u00e9vitent les grands attroupements. Sur les Champs \u00c9lys\u00e9es, mieux vaut marcher quelques minutes suppl\u00e9mentaires.<\/p>\n<p>Pr\u00e9voyez un v\u00eatement chaud et imperm\u00e9able. Aussi, gardez un plan B si la m\u00e9t\u00e9o se d\u00e9grade. Les photos r\u00e9ussissent mieux avec des r\u00e9glages simples et stables. Les Champs \u00c9lys\u00e9es offrent des reflets superbes apr\u00e8s la pluie.<\/p>\n<ul>\n<li>Arriver t\u00f4t, repartir de fa\u00e7on progressive<\/li>\n<li>Choisir une sortie m\u00e9tro moins fr\u00e9quent\u00e9e<\/li>\n<li>Pr\u00e9parer batterie et espace de stockage<\/li>\n<li>Respecter les consignes des agents de s\u00e9curit\u00e9<\/li>\n<li>Surveiller enfants, sacs et objets de valeur<\/li>\n<\/ul>\n<p>Acc\u00e8s, circulation et conseils pratiques<\/p>\n<p>Le soir venu, les contr\u00f4les orientent les d\u00e9placements. Ainsi, pensez aux <strong>transports en commun<\/strong> plut\u00f4t qu\u2019au stationnement. Un trajet \u00e0 pied reste souvent plus rapide sur place. Les Champs \u00c9lys\u00e9es attirent un flux continu les week-ends.<\/p>\n<p>Des cr\u00e9neaux peuvent \u00eatre ajust\u00e9s selon l\u2019actualit\u00e9 locale. Aussi, certaines dates connaissent une affluence plus forte, notamment pendant les vacances. Par cons\u00e9quent, les soirs de f\u00eate r\u00e9servent parfois des extensions d\u2019horaires. Les Champs \u00c9lys\u00e9es s\u2019adaptent pour garantir une travers\u00e9e fluide.<\/p>\n<p>Les caf\u00e9s et restaurants restent des points de pause pr\u00e9cieux. De plus, les vitrines participent \u00e0 l\u2019ambiance familiale et chaleureuse. Les trottoirs larges permettent des regroupements courts et cadr\u00e9s. Les Champs \u00c9lys\u00e9es restent surveill\u00e9s, avec un accueil visible.<\/p>\n<p>Sobri\u00e9t\u00e9 \u00e9nerg\u00e9tique et impact local<\/p>\n<p>Depuis plusieurs \u00e9ditions, les <strong>LED<\/strong> ont r\u00e9duit la consommation. Ainsi, la d\u00e9marche de sobri\u00e9t\u00e9 s\u2019inscrit dans la dur\u00e9e. Les \u00e9quipes ajustent l\u2019intensit\u00e9 et la dur\u00e9e d\u2019allumage. Les Champs \u00c9lys\u00e9es allient f\u00eate, mesure et responsabilit\u00e9 partag\u00e9e.<\/p>\n<p>Les riverains et commerces organisent leurs activit\u00e9s en cons\u00e9quence. De plus, la logistique s\u2019articule avec les services de voirie. L\u2019accessibilit\u00e9 concerne poussettes et fauteuils, selon l\u2019affluence. Le dialogue de terrain am\u00e9liore l\u2019exp\u00e9rience pour tous.<\/p>\n<p>Id\u00e9es de parcours et points de vue<\/p>\n<p>Un itin\u00e9raire simple part de l\u2019Arc pour descendre vers la Concorde. Ainsi, vous profitez des alignements et des perspectives classiques. Les fa\u00e7ades lat\u00e9rales racontent la place de l\u2019avenue dans la ville. Les Champs \u00c9lys\u00e9es se r\u00e9v\u00e8lent bien depuis les contre-all\u00e9es arbor\u00e9es.<\/p>\n<p>Pour les photos, visez l\u2019heure bleue avant la nuit compl\u00e8te. Aussi, \u00e9vitez les zones immobiles o\u00f9 les foules s\u2019entassent. La balance des blancs en mode auto fonctionne tr\u00e8s correctement. Les Champs \u00c9lys\u00e9es donnent des couleurs nettes pr\u00e8s des carrefours.<\/p>\n<p>Avant de partir, v\u00e9rifiez la date de fin de saison. Ainsi, vous \u00e9vitez les soir\u00e9es sans allumage en janvier. Les informations \u00e9voluent selon la m\u00e9t\u00e9o et la s\u00e9curit\u00e9. Restez souple, car un d\u00e9tour peut sauver la soir\u00e9e.<\/p>\n","protected":false},"excerpt":{"rendered":"ParisSelect &#8211; Illuminations de No\u00ebl des Champs-\u00c9lys\u00e9es 2025: la date du lancement \u00e0 Paris Chaque fin d\u2019ann\u00e9e, Paris&hellip;\n","protected":false},"author":2,"featured_media":472301,"comment_status":"","ping_status":"","sticky":false,"template":"","format":"standard","meta":{"footnotes":""},"categories":[1888],"tags":[11,6984,1777,674,1011,27,12,626,25],"class_list":{"0":"post-472300","1":"post","2":"type-post","3":"status-publish","4":"format-standard","5":"has-post-thumbnail","7":"category-paris","8":"tag-actualites","9":"tag-champs-elysees","10":"tag-eu","11":"tag-europe","12":"tag-fr","13":"tag-france","14":"tag-news","15":"tag-paris","16":"tag-republique-francaise"},"share_on_mastodon":{"url":"https:\/\/pubeurope.com\/@fr\/115394826961333020","error":""},"_links":{"self":[{"href":"https:\/\/www.europesays.com\/fr\/wp-json\/wp\/v2\/posts\/472300","targetHints":{"allow":["GET"]}}],"collection":[{"href":"https:\/\/www.europesays.com\/fr\/wp-json\/wp\/v2\/posts"}],"about":[{"href":"https:\/\/www.europesays.com\/fr\/wp-json\/wp\/v2\/types\/post"}],"author":[{"embeddable":true,"href":"https:\/\/www.europesays.com\/fr\/wp-json\/wp\/v2\/users\/2"}],"replies":[{"embeddable":true,"href":"https:\/\/www.europesays.com\/fr\/wp-json\/wp\/v2\/comments?post=472300"}],"version-history":[{"count":0,"href":"https:\/\/www.europesays.com\/fr\/wp-json\/wp\/v2\/posts\/472300\/revisions"}],"wp:featuredmedia":[{"embeddable":true,"href":"https:\/\/www.europesays.com\/fr\/wp-json\/wp\/v2\/media\/472301"}],"wp:attachment":[{"href":"https:\/\/www.europesays.com\/fr\/wp-json\/wp\/v2\/media?parent=472300"}],"wp:term":[{"taxonomy":"category","embeddable":true,"href":"https:\/\/www.europesays.com\/fr\/wp-json\/wp\/v2\/categories?post=472300"},{"taxonomy":"post_tag","embeddable":true,"href":"https:\/\/www.europesays.com\/fr\/wp-json\/wp\/v2\/tags?post=472300"}],"curies":[{"name":"wp","href":"https:\/\/api.w.org\/{rel}","templated":true}]}}