{"id":472306,"date":"2025-10-18T11:03:16","date_gmt":"2025-10-18T11:03:16","guid":{"rendered":"https:\/\/www.europesays.com\/fr\/472306\/"},"modified":"2025-10-18T11:03:16","modified_gmt":"2025-10-18T11:03:16","slug":"maryse-burgot-le-front-ukrainien-est-beaucoup-plus-dangereux-quauparavant-tout-a-change","status":"publish","type":"post","link":"https:\/\/www.europesays.com\/fr\/472306\/","title":{"rendered":"Maryse Burgot : \u00ab\u00a0Le front ukrainien est beaucoup plus dangereux qu&rsquo;auparavant. Tout a chang\u00e9\u00a0\u00bb"},"content":{"rendered":"<p class=\"ap-StoryElement ap-StoryElement--mb ap-StoryText\"><b>En janvier, vous nous aviez dit que les Ukrainiens \u00ab\u00a0\u00e9taient en train de perdre la guerre\u00a0\u00bb. Est-ce toujours le cas aujourd&rsquo;hui ?<\/b><\/p>\n<p class=\"text-left ap-StoryElement ap-StoryElement--mb ap-StoryText\">Ils ne l&rsquo;ont pas gagn\u00e9e, mais pas perdue non plus. Quelque chose est occup\u00e9 \u00e0 se passer avec Donald Trump, dont on voit les man\u0153uvres dans diff\u00e9rents dossiers, en particulier <a href=\"https:\/\/www.lalibre.be\/videos\/2025\/10\/14\/nous-avons-la-paix-au-moyen-orient-assure-trump-au-sommet-sur-gaza-3x5lv3q\/\" target=\"_self\" rel=\"noopener\">\u00e0 Gaza<\/a>, mais aussi en Ukraine. On ne peut pas d\u00e9nier au pr\u00e9sident am\u00e9ricain une<a href=\"https:\/\/www.lalibre.be\/international\/europe\/guerre-ukraine-russie\/2025\/10\/15\/apres-un-accord-sur-gaza-au-tour-de-lukraine-rouler-des-mecaniques-en-russie-naura-pas-leffet-escompte-DGNORYKNKBCJXGUQ5HFL4S42YA\/\" target=\"_self\" rel=\"noopener\"> forme de succ\u00e8s<\/a> dans son approche. Il a m\u00eame r\u00e9ussi \u00e0 tordre le bras \u00e0 son alli\u00e9 <a href=\"https:\/\/www.lalibre.be\/dernieres-depeches\/2025\/10\/13\/accord-pour-gaza-a-la-knesset-netanyahu-salue-en-trump-le-meilleur-ami-quisrael-ait-jamais-eu-MHV7O6KOJJDFJKJXF73BUNIOBE\/\" target=\"_self\" rel=\"noopener\">Netanyahou<\/a>, qu&rsquo;il avait d\u00e9fendu bec et ongles. C&rsquo;est s\u00fbr qu&rsquo;<a href=\"https:\/\/www.lalibre.be\/international\/europe\/guerre-ukraine-russie\/2025\/10\/16\/guerre-en-ukraine-donald-trump-prevoit-de-rencontrer-vladimir-poutine-dans-les-deux-prochaines-semaines-PUURWRI5ZFBDTOC4XF3UGSCTGE\/\" target=\"_self\" rel=\"noopener\">avec Vladimir Poutine<\/a>, \u00e7a s&rsquo;annonce plus compliqu\u00e9&#8230;<\/p>\n<p class=\"ap-StoryElement ap-StoryElement--mb ap-StoryText\"><b>En trois ans de temps, avez-vous constat\u00e9 des changements importants dans l&rsquo;\u00e9tat d&rsquo;esprit des troupes ? <\/b><\/p>\n<p class=\"text-left ap-StoryElement ap-StoryElement--mb ap-StoryText\">J&rsquo;ai suivi <a href=\"https:\/\/www.lalibre.be\/international\/europe\/guerre-ukraine-russie\/\" target=\"_self\" rel=\"noopener\">cette guerre<\/a> d\u00e8s ses premiers jours puisque j&rsquo;\u00e9tais sur place avant qu&rsquo;elle ne d\u00e9bute. J&rsquo;ai donc pu observer la mobilisation extraordinaire de la population qui a suivi Zelensky comme un seul homme. A ce moment-l\u00e0, le pr\u00e9sident a d\u00e9cid\u00e9 de ne pas partir et il a prononc\u00e9 cette fameuse phrase : \u00ab\u00a0Je n&rsquo;ai pas besoin d&rsquo;un taxi, j&rsquo;ai besoin de votre aide\u00a0\u00bb. Trois ans plus tard, la situation a beaucoup chang\u00e9. Diam\u00e9tralement m\u00eame ! Des milliers de jeunes ne veulent pas de la conscription, ne veulent pas aller au front. Il subsiste quand m\u00eame encore des soldats qui se battent et qui y croient. Mais les convictions varient tr\u00e8s fort d&rsquo;un bataillon \u00e0 l&rsquo;autre. A <a href=\"https:\/\/www.lalibre.be\/international\/europe\/guerre-ukraine-russie\/2025\/08\/12\/a-kherson-la-vie-sorganise-en-sous-sol-rester-plus-dune-heure-en-surface-serait-beaucoup-trop-risque-WEHBXCLAINDIJFPCEKYOAG2FP4\/\" target=\"_self\" rel=\"noopener\">Kherson<\/a>, par exemple, qui se situe dans le sud, la situation est extr\u00eamement dure. Vous pouvez y rencontrer des gens \u00e9puis\u00e9s qui vous disent qu&rsquo;il faut c\u00e9der des territoires. Dans le nord, vous allez trouver des gens ultra motiv\u00e9s qui ne veulent rien donner. Rien n&rsquo;est homog\u00e8ne. Certains affirment qu&rsquo;il faut n\u00e9gocier, d&rsquo;autres qu&rsquo;il en est hors de question car on ne peut pas avoir perdu tous ces hommes pour rien.<\/p>\n<p><a href=\"https:\/\/www.lalibre.be\/international\/europe\/guerre-ukraine-russie\/2024\/02\/10\/un-soldat-ukrainien-se-confie-a-la-libre-jai-vecu-un-moment-particulierement-etrange-avec-des-russes-quand-jetais-au-front-JBEZZA2PHBHDPDWN3MXZ4EUJOY\/\" target=\"_blank\" rel=\"noopener noreferrer\" class=\"ap-StoryInterstitialLink ap-StoryElement ap-StoryElement--mb\">Un soldat ukrainien se confie \u00e0 La Libre : \u00ab\u00a0J&rsquo;ai v\u00e9cu un moment particuli\u00e8rement \u00e9trange avec des Russes quand j&rsquo;\u00e9tais au front\u00a0\u00bb<\/a><\/p>\n<p class=\"text-left ap-StoryElement ap-StoryElement--mb ap-StoryText\"><b>Chaque automne depuis le d\u00e9but de la guerre, la Russie cible les<\/b><a href=\"https:\/\/www.lalibre.be\/international\/europe\/guerre-ukraine-russie\/2025\/10\/16\/black-out-total-en-ukraine-apres-des-frappes-russes-VFJCHS4QX5ACDF5XY7C4EAQS6I\/\" target=\"_self\" rel=\"noopener\"><b> infrastructures \u00e9lectriques<\/b><\/a><b> et de chauffage dans le but d&rsquo;<\/b><a href=\"https:\/\/www.lalibre.be\/dernieres-depeches\/2025\/10\/15\/invasion-de-lukraine-des-coupures-de-courant-instaurees-dans-toute-lukraine-apres-les-frappes-russes-U72WRN3QJZEGHM4LEGAALSRJOI\/\" target=\"_self\" rel=\"noopener\"><b>affaiblir la volont\u00e9 des Ukrainiens<\/b><\/a><b> de continuer \u00e0 se battre. La population est-elle inqui\u00e8te pour les prochains mois ?<\/b><\/p>\n<p class=\"text-left ap-StoryElement ap-StoryElement--mb ap-StoryText\">Oui, c&rsquo;est le grand classique. La population s&rsquo;est incroyablement mobilis\u00e9e pour faire face \u00e0 ces attaques. Contrairement \u00e0 ce qu&rsquo;on pourrait penser, les Ukrainiens ne s&rsquo;\u00e9clairent pas \u00e0 la bougie. Ils ont des g\u00e9n\u00e9rateurs, des groupes \u00e9lectrog\u00e8nes. \u00c7a fait belle lurette qu&rsquo;ils se sont organis\u00e9s. <a href=\"https:\/\/www.lalibre.be\/international\/europe\/guerre-ukraine-russie\/2022\/12\/06\/la-situation-est-difficile-transie-de-froid-lukraine-repare-ses-installations-energetiques-apres-une-attaque-russe-TOST62CWTFE6XGV3DXOFBX4D2A\/\" target=\"_self\" rel=\"noopener\">Il fait froid <\/a>dans les appartements, mais c&rsquo;est l&rsquo;art de la d\u00e9brouille. Vous entendez dans toutes les rues, de Kharkiv comme de Kiev, les bruits des g\u00e9n\u00e9rateurs. Ces destructions ont un impact \u00e9norme, mais ce n&rsquo;est pas \u00e7a qui va arr\u00eater les Ukrainiens.<\/p>\n<p class=\"text-left ap-StoryElement ap-StoryElement--mb ap-StoryText\"><b>Il se dit que la cote de popularit\u00e9 de <\/b><a href=\"https:\/\/www.lalibre.be\/international\/europe\/guerre-ukraine-russie\/2023\/02\/24\/les-visages-de-volodymyr-zelensky-OXAILHAQSZAWBHGUVL2D3IYEOQ\/\" target=\"_self\" rel=\"noopener\"><b>Zelensky<\/b><\/a><b> faiblit. Le ressentez-vous lors de vos rencontres sur le terrain ?<\/b><\/p>\n<p class=\"text-left ap-StoryElement ap-StoryElement--mb ap-StoryText\">Il fait face \u00e0 l&rsquo;usure du pouvoir, qui concerne tous les hommes politiques, y compris les chefs de guerre. Bien s\u00fbr qu&rsquo;il est<a href=\"https:\/\/www.lalibre.be\/international\/europe\/guerre-ukraine-russie\/2025\/01\/23\/malgre-une-popularite-en-baisse-volodymyr-zelensky-reste-lhomme-de-la-situation-pour-les-ukrainiens-YREM5EXL6BGRVPZR53GEQZAMLY\/\" target=\"_self\" rel=\"noopener\"> impopulaire dans une partie de la soci\u00e9t\u00e9<\/a>, mais il reste encore l&rsquo;homme idoine. Quand ils le pourront, les Ukrainiens organiseront des \u00e9lections, et on verra ce que fera Zelensky. Pour l&rsquo;instant, il a quand m\u00eame \u00e9t\u00e9 assez remarquable, on ne peut pas dire le contraire. Il est rest\u00e9 cet acteur saltimbanque mais qui s&rsquo;est transform\u00e9 de mani\u00e8re incroyable pour devenir v\u00e9ritablement un chef de guerre avec une colonne vert\u00e9brale et des convictions. Cela ne signifie pas pour autant que, s&rsquo;il y avait des \u00e9lections, il serait r\u00e9\u00e9lu.<\/p>\n<p><img loading=\"lazy\" decoding=\"async\" class=\"w-full lazyload lazyload--opacity object-contain\" style=\"aspect-ratio:150 \/ 100;opacity:1\" alt=\"Ukraine's President Volodymyr Zelenskyy listens as High Representative of the European Union for Foreign Affairs and Security Policy Kaja Kallas speaks during a news conference, Monday, Oct. 13, 2025, in Kyiv, Ukraine. (AP Photo\/Julia Demaree Nikhinson)\" width=\"768\" height=\"512\" fetchpriority=\"auto\" src=\"https:\/\/www.europesays.com\/fr\/wp-content\/uploads\/2025\/04\/S5VKD3X55FFF3BW6V4SEHXNP7I.png\"  data- data-optimumx=\"1\"\/>Le pr\u00e9sident ukrainien Volodymyr Zelensky voit sa cote de popularit\u00e9 baisser.  \u00a9Copyright 2025 The Associated Press. All rights reserved.<\/p>\n<p class=\"text-left ap-StoryElement ap-StoryElement--mb ap-StoryText\"><b>Trois ans et demi apr\u00e8s le <\/b><a href=\"https:\/\/www.lalibre.be\/international\/europe\/2022\/02\/24\/a-quoi-doit-on-sattendre-suite-a-linvasion-en-ukraine-cela-pourrait-etre-loccasion-pour-les-russes-de-pousser-un-cran-plus-loin-N5S7HUWL2VHNBIRQDWG2QI6WDQ\/\" target=\"_self\" rel=\"noopener\"><b>d\u00e9but de ce conflit<\/b><\/a><b>, parvenez-vous encore \u00e0 trouver des sujets originaux \u00e0 couvrir ? <\/b><\/p>\n<p class=\"ap-StoryElement ap-StoryElement--mb ap-StoryText\">A France TV, on a en permanence une \u00e9quipe en Ukraine. Mais il est vrai que la question de la couverture et du choix des sujets nous anime tr\u00e8s fort. C&rsquo;est difficile de trouver sans cesse de nouveaux angles. Mais il n&#8217;emp\u00eache, il ne faut pas l\u00e2cher. Je vais retourner, ce sera ma prochaine mission. Je n&rsquo;ai pas peur du danger, mais peur de ne pas trouver la bonne histoire. C&rsquo;est vraiment une grande pr\u00e9occupation pour nous. Parce qu&rsquo;il faut que les sujets passent \u00e0 l&rsquo;antenne et qu&rsquo;ils aient un impact. Vu la dur\u00e9e du conflit, c&rsquo;est de plus en plus difficile&#8230;<\/p>\n<p class=\"ap-StoryElement ap-StoryElement--mb ap-StoryText\"><b>L&rsquo;un des plus gros d\u00e9fis pour vous est de trouver la lumi\u00e8re dans ces t\u00e9n\u00e8bres, de raconter \u00e9galement de belles histoires. En Ukraine, o\u00f9 avez-vous d\u00e9nich\u00e9 cette lumi\u00e8re ?<\/b><\/p>\n<p class=\"text-left ap-StoryElement ap-StoryElement--mb ap-StoryText\">R\u00e9cemment, je n&rsquo;ai pas vu tant de lumi\u00e8re que \u00e7a. Mais il y a beaucoup de<a href=\"https:\/\/www.lalibre.be\/international\/europe\/guerre-ukraine-russie\/2025\/06\/20\/guerre-en-ukraine-kiev-annonce-avoir-effectue-un-nouvel-echange-de-prisonniers-avec-kiev-DURHBYHCCJGVNM6MBAZSO6UWQQ\/\" target=\"_self\" rel=\"noopener\"> prisonniers ukrainiens<\/a> qui rentrent. M\u00eame si leur \u00e9tat est compliqu\u00e9, ces images donnent des raisons d&rsquo;esp\u00e9rer.<\/p>\n<p class=\"text-left ap-StoryElement ap-StoryElement--mb ap-StoryText\"><b>Quand vous avez appris le d\u00e9c\u00e8s du <\/b><a href=\"https:\/\/www.lalibre.be\/international\/europe\/guerre-ukraine-russie\/2025\/10\/03\/guerre-en-ukraine-un-journaliste-francais-tue-par-un-drone-VK2VBKANDZG4VCZXPDZF3BJ6KQ\/\" target=\"_self\" rel=\"noopener\"><b>journaliste fran\u00e7ais Antoni Lallican<\/b><\/a><b> tout r\u00e9cemment sur le front ukrainien, qu&rsquo;avez-vous ressenti ?<\/b><\/p>\n<p class=\"text-left ap-StoryElement ap-StoryElement--mb ap-StoryText\">A chaque fois, je me dis que que cela nous oblige, nous qui avons la chance d&rsquo;\u00eatre vivants. C&rsquo;est tr\u00e8s dur pour les civils ukrainiens, mais aussi pour les journalistes. La question des drones est devenue une v\u00e9ritable obsession. Dans les images qui nous parviennent de Gaza, on entend leur bourdonnement incessant au-dessus des civils. Sur le front ukrainien, c&rsquo;est exactement la m\u00eame chose. Et il faut le rappeler : les <a href=\"https:\/\/www.lalibre.be\/international\/europe\/guerre-ukraine-russie\/2025\/09\/16\/face-aux-drones-russes-leurope-a-besoin-de-lukraine-nos-outils-ne-sont-pas-performants-NLGK6VI7JBHX7IIKBU2WYDDLYE\/\" target=\"_self\" rel=\"noopener\">drones<\/a> tuent. Lorsqu&rsquo;ils vous prennent pour cible, ils vous poursuivent sans rel\u00e2che. Aujourd&rsquo;hui, certains sont \u00e9quip\u00e9s de fibres optiques, ce qui les rend insensibles au brouillage. Dans ces conditions, il n&rsquo;y a plus d&rsquo;\u00e9chappatoire : s&rsquo;ils vous ont rep\u00e9r\u00e9, la mort est in\u00e9vitable. Vous ne pouvez pas fuir. La mort de ce journaliste m&rsquo;attriste mais c&rsquo;est ainsi. Les pompiers vont au feu et, parfois, ils y laissent leur vie. Les journalistes qui couvrent les guerres connaissent le m\u00eame risque. Chaque d\u00e9c\u00e8s nous le rappelle avec brutalit\u00e9.<\/p>\n<p class=\"ap-StoryElement ap-StoryElement--mb ap-StoryText\"><b>Le front ukrainien est-il encore plus dangereux qu&rsquo;auparavant ? <\/b><\/p>\n<p class=\"text-left ap-StoryElement ap-StoryElement--mb ap-StoryText\">Oui ! Tout a chang\u00e9 par rapport au d\u00e9but de la guerre. A pr\u00e9sent, il n&rsquo;y a plus d&rsquo;endroit o\u00f9 on est en s\u00e9curit\u00e9 sur la ligne de front. Ces<a href=\"https:\/\/www.lalibre.be\/international\/europe\/guerre-ukraine-russie\/2025\/09\/28\/direct-attaques-de-missiles-russes-contre-lukraine-des-centaines-de-drones-et-de-missiles-NQY3WUW3ZFFJNEL5UGYG67CRYE\/\" target=\"_self\" rel=\"noopener\"> drones<\/a> nous obs\u00e8dent. Il faut rouler \u00e0 l&rsquo;heure grise, c&rsquo;est-\u00e0-dire \u00e0 la lev\u00e9e du jour ou \u00e0 la tomb\u00e9e de la nuit, pour \u00eatre un peu moins visibles. Mais les soldats ukrainiens <a href=\"https:\/\/www.lalibre.be\/international\/europe\/guerre-ukraine-russie\/2025\/10\/03\/lukraine-appelle-leurope-a-se-mobiliser-pour-contrer-lescalade-de-la-russie-7FACH2IRQ5FCZMCLF6ID6WXZ6Q\/\" target=\"_self\" rel=\"noopener\">sont terroris\u00e9s par les drones<\/a>. Il n&rsquo;y a pas d&rsquo;autre mot.<\/p>\n<p class=\"ap-StoryElement ap-StoryElement--mb ap-StoryText\"><b>Pourtant, vous dites \u00ab\u00a0ne pas avoir peur en Ukraine\u00a0\u00bb&#8230; <\/b><\/p>\n<p class=\"text-left ap-StoryElement ap-StoryElement--mb ap-StoryText\">J&rsquo;ai des moments de grande pression, de tension. On n&rsquo;est pas en train d&rsquo;\u00e9couter de la musique dans les voitures, en roulant pr\u00e8s de la ligne de front. On a les yeux riv\u00e9s sur les outils qui permettent de <a href=\"https:\/\/www.lalibre.be\/videos\/2025\/10\/16\/drones-une-nouvelle-maniere-de-faire-la-guerre-3x5kpmu\/\" target=\"_self\" rel=\"noopener\">savoir s&rsquo;il y a des drones<\/a>. Et il y en a qui survolent nos v\u00e9hicules. On est stress\u00e9, tendu, concentr\u00e9. Mais je me refuse de dire que j&rsquo;ai peur. On peut avoir ce sentiment a posteriori, mais on ne peut pas avoir peur quand on est dans l&rsquo;action. Parce que la peur, \u00e7a hypnotise, \u00e7a ne permet pas d&rsquo;avoir les bons gestes et les bons comportements.<\/p>\n<p><a href=\"https:\/\/www.lalibre.be\/international\/europe\/2025\/01\/11\/quand-mon-fils-ma-appelee-pour-me-demander-de-laide-pour-la-cuisson-du-riz-je-venais-dechapper-a-la-mort-il-ne-la-jamais-su-Q4VDIJUGIVGDNCDL3MWMN7ABUE\/\" target=\"_blank\" rel=\"noopener noreferrer\" class=\"ap-StoryInterstitialLink ap-StoryElement ap-StoryElement--mb\">Maryse Burgot : \u00ab\u00a0Quand mon fils m&rsquo;a appel\u00e9e pour me demander de l&rsquo;aide pour la cuisson du riz, je venais d&rsquo;\u00e9chapper \u00e0 la mort. Il ne l&rsquo;a pas su\u00a0\u00bb<\/a><b>\u00ab\u00a0Je n&rsquo;\u00e9tais pas tr\u00e8s sereine \u00e0 Ha\u00efti au moment de rencontrer ce chef de gang\u00a0\u00bb<\/b><\/p>\n<p class=\"ap-StoryElement ap-StoryElement--mb ap-StoryText\"><b>Vous revenez d&rsquo;un reportage \u00e0 Ha\u00efti, qui vous a particuli\u00e8rement marqu\u00e9e. L\u00e0, vous avez confi\u00e9 avoir eu peur. En quoi \u00e9tait-ce diff\u00e9rent de vos missions en Ukraine ?<\/b><\/p>\n<p class=\"text-left ap-StoryElement ap-StoryElement--mb ap-StoryText\">Ha\u00efti, c&rsquo;est une exp\u00e9rience tout \u00e0 fait diff\u00e9rente de l&rsquo;Ukraine. Sur le territoire ukrainien, on est confront\u00e9 \u00e0 une guerre conventionnelle avec deux arm\u00e9es qui s&rsquo;affrontent. Il y a quand m\u00eame des r\u00e8gles, m\u00eame si elles ne sont pas toujours respect\u00e9es. \u00c0 Ha\u00efti, ce n&rsquo;est pas une guerre conventionnelle, c&rsquo;est <a href=\"https:\/\/www.lalibre.be\/dernieres-depeches\/2025\/08\/28\/violences-liees-aux-gangs-en-haiti-haiti-honteusement-neglige-malgre-la-spirale-de-souffrances-denonce-le-chef-de-lonu-H46RYBSZOJBBZPTGSB7RPQAN6Y\/\" target=\"_self\" rel=\"noopener\">une guerre de gangs<\/a>. Ce sont des criminels, pas des soldats qui ob\u00e9issent \u00e0 des lois. Il n&rsquo;y a pas de loi. Je n&rsquo;ai jamais \u00e9t\u00e9 \u00e0 l&rsquo;aise avec les gangs. C&rsquo;est le moins que je puisse dire&#8230;<\/p>\n<p class=\"ap-StoryElement ap-StoryElement--mb ap-StoryText\"><b>Et pourtant, vous \u00eates all\u00e9e \u00e0 la rencontre de ces gangs. Vous avez m\u00eame rencontr\u00e9 un de chefs&#8230;<\/b><\/p>\n<p class=\"ap-StoryElement ap-StoryElement--mb ap-StoryText\">J&rsquo;ai d\u00e9test\u00e9 \u00e7a. Mais il faut bien le faire. Parce qu&rsquo;on ne peut pas parler d&rsquo;Ha\u00efti sans parler des gangs. Donc, soit vous n&rsquo;y allez pas du tout, soit vous y allez et vous prenez vos responsabilit\u00e9s.<\/p>\n<p><img loading=\"lazy\" decoding=\"async\" class=\"w-full lazyload lazyload--opacity object-contain\" style=\"aspect-ratio:150 \/ 100;opacity:1\" alt=\"Armed gang members on a motorbike patrol the streets in the Mariani neighborhood of Port-au-Prince, Haiti, on October 6, 2025. Mariani is near the Route Nationale 2, parts of which have been taken over by gangs. More than 16,000 people have been killed in armed violence in Haiti since the start of 2022, the United Nations said on October 2, warning that &quot;the worst may be yet to come&quot;. The poorest country in the Americas, Haiti has long suffered at the hands of violent criminal gangs that commit murders, rapes, looting, and kidnappings against a backdrop of chronic political instability. (Photo by Clarens SIFFROY \/ AFP)\" width=\"768\" height=\"512\" fetchpriority=\"auto\" src=\"https:\/\/www.europesays.com\/fr\/wp-content\/uploads\/2025\/04\/S5VKD3X55FFF3BW6V4SEHXNP7I.png\"  data- data-optimumx=\"1\"\/>Des membres d&rsquo;un gang ha\u00eftien.  \u00a9AFP or licensors<\/p>\n<p class=\"ap-StoryElement ap-StoryElement--mb ap-StoryText\"><b>Dans quel \u00e9tat d&rsquo;esprit \u00eates-vous avant de rencontrer ces dangereux criminels ?<\/b><\/p>\n<p class=\"ap-StoryElement ap-StoryElement--mb ap-StoryText\">J&rsquo;\u00e9tais quand m\u00eame tr\u00e8s peu \u00e0 l&rsquo;aise. J&rsquo;ai vu la grande diff\u00e9rence avec mon cam\u00e9raman, qui n&rsquo;a pas \u00e9t\u00e9 kidnapp\u00e9 comme je l&rsquo;ai \u00e9t\u00e9. Il n&rsquo;avait donc pas cette crainte, cette sensibilit\u00e9, sachant que le kidnapping est le sport favori des gangs ha\u00eftiens. En tant que blancs, on est des proies int\u00e9ressantes, qui valent beaucoup d&rsquo;argent. Je n&rsquo;\u00e9tais pas tr\u00e8s sereine.<\/p>\n<p class=\"ap-StoryElement ap-StoryElement--mb ap-StoryText\"><b>Est-ce que sur un sujet comme Ha\u00efti, c&rsquo;est plus difficile d&rsquo;avoir un impact vu qu&rsquo;on en parle beaucoup ? <\/b><\/p>\n<p class=\"ap-StoryElement ap-StoryElement--mb ap-StoryText\">Non, je ne crois pas. Notre journal est regard\u00e9 par 4 millions de personnes tous les soirs. C&rsquo;est autant de gens qui vont \u00eatre confront\u00e9s \u00e0 nos reportages qui montrent \u00e0 quel point la situation est terrible. D&rsquo;ailleurs, l&rsquo;ONU, qui a \u00e9t\u00e9 assez inefficace jusqu&rsquo;\u00e0 pr\u00e9sent, parle de mettre en place une sorte de force internationale anti-gang. \u00c7a bouge, et peut-\u00eatre que \u00e7a bougera un peu plus avec nos reportages.<\/p>\n<p><a href=\"https:\/\/dossiers.lalibre.be\/haiti\/\" target=\"_blank\" rel=\"noopener noreferrer\" class=\"ap-StoryInterstitialLink ap-StoryElement ap-StoryElement--mb\">\u00c0 Ha\u00efti, au coeur de l&rsquo;enfer<\/a><\/p>\n<p class=\"text-left ap-StoryElement ap-StoryElement--mb ap-StoryText\"><b>Vous avez tout de m\u00eame r\u00e9ussi \u00e0 trouver un peu de lumi\u00e8re dans les malheurs d&rsquo;<\/b><a href=\"https:\/\/www.lalibre.be\/dernieres-depeches\/2025\/10\/10\/violences-liees-aux-gangs-en-haiti-affrontements-entre-gangs-et-police-pres-du-conseil-des-ministres-en-haiti-WQTIOVKTOJFZLEDJLRGGXJM3RA\/\" target=\"_self\" rel=\"noopener\"><b>Ha\u00efti<\/b><\/a><b> en la personne de Gerry, un jeune homme de 19 ans que vous aviez rencontr\u00e9 alors qu&rsquo;il n&rsquo;\u00e9tait qu&rsquo;enfant et qu&rsquo;il venait de fr\u00f4ler la mort&#8230;<\/b><\/p>\n<p class=\"ap-StoryElement ap-StoryElement--mb ap-StoryText\">Ce gar\u00e7on, c&rsquo;est un rescap\u00e9, un miracul\u00e9 de la vie. Il a un sourire solaire et communicatif. Mais tout a tr\u00e8s mal commenc\u00e9 pour lui. Il a \u00e9t\u00e9 abandonn\u00e9 par ses parents dans un orphelinat \u00e0 3 ans. Puis, laiss\u00e9 pour mort sur un trottoir apr\u00e8s le tremblement de terre. Et puis, sauv\u00e9 et adopt\u00e9 par des parents adoptifs fran\u00e7ais ultra aimants et bienveillants. Aujourd&rsquo;hui, c&rsquo;est un gar\u00e7on de 19 ans, tr\u00e8s bien dans ses baskets. Il est venu plusieurs jours avec moi \u00e0 Ha\u00efti. C&rsquo;\u00e9tait la premi\u00e8re fois qu&rsquo;il retournait dans son pays natal.<\/p>\n","protected":false},"excerpt":{"rendered":"En janvier, vous nous aviez dit que les Ukrainiens \u00ab\u00a0\u00e9taient en train de perdre la guerre\u00a0\u00bb. Est-ce toujours&hellip;\n","protected":false},"author":2,"featured_media":472307,"comment_status":"","ping_status":"","sticky":false,"template":"","format":"standard","meta":{"footnotes":""},"categories":[1590],"tags":[11,1777,674,1227,12,220,58258],"class_list":{"0":"post-472306","1":"post","2":"type-post","3":"status-publish","4":"format-standard","5":"has-post-thumbnail","7":"category-ukraine","8":"tag-actualites","9":"tag-eu","10":"tag-europe","11":"tag-horizontal","12":"tag-news","13":"tag-ukraine","14":"tag-unrest"},"share_on_mastodon":{"url":"https:\/\/pubeurope.com\/@fr\/115394839331710094","error":""},"_links":{"self":[{"href":"https:\/\/www.europesays.com\/fr\/wp-json\/wp\/v2\/posts\/472306","targetHints":{"allow":["GET"]}}],"collection":[{"href":"https:\/\/www.europesays.com\/fr\/wp-json\/wp\/v2\/posts"}],"about":[{"href":"https:\/\/www.europesays.com\/fr\/wp-json\/wp\/v2\/types\/post"}],"author":[{"embeddable":true,"href":"https:\/\/www.europesays.com\/fr\/wp-json\/wp\/v2\/users\/2"}],"replies":[{"embeddable":true,"href":"https:\/\/www.europesays.com\/fr\/wp-json\/wp\/v2\/comments?post=472306"}],"version-history":[{"count":0,"href":"https:\/\/www.europesays.com\/fr\/wp-json\/wp\/v2\/posts\/472306\/revisions"}],"wp:featuredmedia":[{"embeddable":true,"href":"https:\/\/www.europesays.com\/fr\/wp-json\/wp\/v2\/media\/472307"}],"wp:attachment":[{"href":"https:\/\/www.europesays.com\/fr\/wp-json\/wp\/v2\/media?parent=472306"}],"wp:term":[{"taxonomy":"category","embeddable":true,"href":"https:\/\/www.europesays.com\/fr\/wp-json\/wp\/v2\/categories?post=472306"},{"taxonomy":"post_tag","embeddable":true,"href":"https:\/\/www.europesays.com\/fr\/wp-json\/wp\/v2\/tags?post=472306"}],"curies":[{"name":"wp","href":"https:\/\/api.w.org\/{rel}","templated":true}]}}