{"id":472308,"date":"2025-10-18T11:04:11","date_gmt":"2025-10-18T11:04:11","guid":{"rendered":"https:\/\/www.europesays.com\/fr\/472308\/"},"modified":"2025-10-18T11:04:11","modified_gmt":"2025-10-18T11:04:11","slug":"no-kings-le-mouvement-de-mobilisation-anti-trump-se-mobilise-a-nouveau-ce-samedi","status":"publish","type":"post","link":"https:\/\/www.europesays.com\/fr\/472308\/","title":{"rendered":"\u00abNo Kings\u00bb, le mouvement de mobilisation anti-Trump, se mobilise \u00e0 nouveau ce samedi"},"content":{"rendered":"<p>\n    Plus de 2700 rassemblements sont pr\u00e9vus dans les grandes villes am\u00e9ricaines, comme dans des bourgades d\u2019\u00c9tats r\u00e9publicains, ainsi qu\u2019\u00e0 proximit\u00e9 de la r\u00e9sidence du pr\u00e9sident en Floride, o\u00f9 Donald Trump passe le week-end.<\/p>\n<p class=\"fig-paragraph\">Depuis plusieurs mois, aux Etats-Unis, les fervents opposants \u00e0 la politique jug\u00e9e \u00abautoritaire\u00bb de\u00a0<a href=\"http:\/\/www.lefigaro.fr\/international\/c-est-interessant-la-reaction-de-donald-trump-a-l-idee-russe-d-un-tunnel-reliant-la-russie-a-l-alaska-20251018\" target=\"_blank\" data-fig-type=\"NewsFlash\" rel=\"noopener\" data-gtm-custom-categorie=\"navigation\" data-gtm-custom-action=\"crossclick\" data-gtm-custom-label=\"Contextuel\" data-gtm-event=\"customEventSPE\" data-fig-domain=\"LEFIGARO\">Donald Trump<\/a>\u00a0cherchent \u00e0 se faire entendre. Une forme de r\u00e9sistance se forme \u00e0 travers des manifestations organis\u00e9es dans tout le pays, et qui se d\u00e9marquent par le nombre de participants. Plus de cinq millions de personnes se sont d\u00e9j\u00e0 rassembl\u00e9es en juin dernier, lors de plus de 2100 mobilisations, selon les organisateurs. Ce mouvement qui prend de l\u2019ampleur a un nom\u00a0: \u00abNo Kings\u00bb, \u00abPas de Rois\u00bb en fran\u00e7ais. \u00abLe pr\u00e9sident pense que son pouvoir est absolu. Mais en Am\u00e9rique, nous n\u2019avons pas de rois et nous ne c\u00e9derons pas face au chaos, \u00e0 la corruption et \u00e0 la cruaut\u00e9\u00bb, affiche comme mot d\u2019ordre les instigateurs sur leur site internet.<\/p>\n<p class=\"fig-paragraph\">De\u00a0<a href=\"http:\/\/www.lefigaro.fr\/international\/pas-de-roi-en-amerique-des-milliers-d-americains-dans-la-rue-contre-trump-20250420\" target=\"_blank\" data-fig-type=\"NewsFlash\" rel=\"noopener\" data-gtm-custom-categorie=\"navigation\" data-gtm-custom-action=\"crossclick\" data-gtm-custom-label=\"Contextuel\" data-gtm-event=\"customEventSPE\" data-fig-domain=\"LEFIGARO\">premi\u00e8res manifestations<\/a>\u00a0s\u2019\u00e9taient tenues au printemps dernier, dont le rassemblement le plus remarqu\u00e9 est celui du 14 juin. \u00c0 cette m\u00eame date, d\u00e9lib\u00e9r\u00e9ment choisie par les 300 associations organisatrices, se tenait \u00e0 Washington le\u00a0<a href=\"http:\/\/www.lefigaro.fr\/international\/feu-d-artifice-defile-militaire-les-images-de-la-grande-parade-militaire-de-donald-trump-a-washington-20250615\" target=\"_blank\" data-fig-type=\"NewsFlash\" rel=\"noopener\" data-gtm-custom-categorie=\"navigation\" data-gtm-custom-action=\"crossclick\" data-gtm-custom-label=\"Contextuel\" data-gtm-event=\"customEventSPE\" data-fig-domain=\"LEFIGARO\">d\u00e9fil\u00e9 militaire<\/a>\u00a0imagin\u00e9 par Donald Trump \u00e0 l\u2019occasion du 250e anniversaire de l\u2019arm\u00e9e am\u00e9ricaine, et du 79e anniversaire du chef d\u2019\u00c9tat. Parmi les organisateurs de ces \u00e9v\u00e9nements, se trouve Indivisible, une organisation progressiste n\u00e9e en 2016 en r\u00e9action \u00e0 la premi\u00e8re victoire de Donald Trump \u00e0 l\u2019\u00e9lection pr\u00e9sidentielle.<\/p>\n<p>                                    <a class=\"fig-a11y-skip a11y-hidden\" href=\"#fig-a11y-skip-main-inarticle\"><br \/>\n        Passer la publicit\u00e9<br \/>\n    <\/a><\/p>\n<p>Plusieurs millions de manifestants attendus<\/p>\n<p class=\"fig-paragraph\">Les militants esp\u00e8rent, une nouvelle fois, frapper fort ce samedi 18 octobre avec leur appel \u00e0 d\u00e9filer dans plusieurs grandes villes am\u00e9ricaines, de New York \u00e0 San Francisco. En passant par Washington et\u00a0<a href=\"http:\/\/www.lefigaro.fr\/flash-actu\/trump-saisit-la-cour-supreme-pour-autoriser-le-deploiement-de-la-garde-nationale-a-chicago-20251018\" target=\"_blank\" data-fig-type=\"NewsFlash\" rel=\"noopener\" data-gtm-custom-categorie=\"navigation\" data-gtm-custom-action=\"crossclick\" data-gtm-custom-label=\"Contextuel\" data-gtm-event=\"customEventSPE\" data-fig-domain=\"LEFIGARO\">Chicago, o\u00f9 Donald Trump avait envoy\u00e9 la Garde nationale<\/a>, ou encore dans les villes o\u00f9 il envisage de le faire comme Boston ou La Nouvelle-Orl\u00e9ans.<\/p>\n<p class=\"fig-paragraph\">Parmi les plus de 2700 rassemblements pr\u00e9vus ce samedi dans 50 \u00c9tats, certains devraient m\u00eame se d\u00e9rouler dans des bourgades d\u2019\u00c9tats r\u00e9publicains ainsi qu\u2019\u00e0 proximit\u00e9 de la r\u00e9sidence Mar-a-Lago du pr\u00e9sident en Floride, o\u00f9 il passe le week-end.<\/p>\n<p class=\"fig-paragraph\">Les organisateurs s\u2019attendent \u00e0 plusieurs millions de participants. \u00abOn s\u2019attend au double (des chiffres du 14 juin), au minimum\u00bb, a d\u00e9clar\u00e9 Liam Kent, pr\u00e9sident de Blue Anchor Project, l\u2019une des dizaines d\u2019associations qui pilotent cette nouvelle \u00e9dition, cit\u00e9 par\u00a0<a href=\"https:\/\/www.leparisien.fr\/international\/etats-unis\/rassemblements-no-kings-la-gauche-americaine-a-nouveau-dans-la-rue-contre-la-tyrannie-trump-18-10-2025-WEMNDACO6JBTZJEJS5IAZP4H2A.php\" target=\"_blank\" rel=\"sponsored noopener\" data-gtm-custom-categorie=\"navigation\" data-gtm-custom-action=\"crossclick\" data-gtm-custom-label=\"Contextuel\" data-gtm-event=\"customEventSPE\">Le Parisien<\/a> . \u00abNous avons deux fois plus de rassemblements pr\u00e9vus, deux fois plus de personnes inscrites\u00bb, a-t-il ajout\u00e9.<\/p>\n<p class=\"fig-paragraph\">Depuis le printemps dernier, Donald Trump use d\u2019une rh\u00e9torique de plus en plus belliqueuse. Il a d\u00e9ploy\u00e9 des militaires dans plusieurs fiefs d\u00e9mocrates pour lutter contre l\u2019immigration ill\u00e9gale et la criminalit\u00e9 et a r\u00e9cemment exhort\u00e9 les g\u00e9n\u00e9raux am\u00e9ricains \u00e0 se mobiliser contre l\u2019\u00abennemi de l\u2019int\u00e9rieur\u00bb. Le pr\u00e9sident s\u2019en est \u00e9galement pris \u00e0 la libert\u00e9 de la presse en imposant \u00e0 de nombreux m\u00e9dias am\u00e9ricains et internationaux de signer un document du minist\u00e8re de la D\u00e9fense exigeant des journalistes de ne pas publier certaines informations sans autorisation explicite.\u00a0<a href=\"http:\/\/www.lefigaro.fr\/international\/les-medias-americains-vent-debout-contre-une-nouvelle-regle-imposee-par-le-pentagone-20251014\" target=\"_blank\" data-fig-type=\"Article\" rel=\"noopener\" data-gtm-custom-categorie=\"navigation\" data-gtm-custom-action=\"crossclick\" data-gtm-custom-label=\"Contextuel\" data-gtm-event=\"customEventSPE\" data-fig-domain=\"LEFIGARO\">Une grande majorit\u00e9 de m\u00e9dias, de gauche et de droite, ont refus\u00e9 de le signer<\/a>.<\/p>\n<p>Soutiens du mouvement<\/p>\n<p class=\"fig-paragraph\">Ces r\u00e9centes d\u00e9cisions ont de quoi motiver une partie de la population am\u00e9ricaine. Face aux \u00ababus de pouvoir de Donald Trump et de ses alli\u00e9s\u00bb, \u00abnous ne nous laisserons pas r\u00e9duire au silence\u00bb, a assur\u00e9 une dirigeante de l\u2019importante organisation de d\u00e9fense des droits civiques et des libert\u00e9s publiques ACLU, Deirdre Schifeling, co-organisatrice de cette mobilisation.<\/p>\n<p>                                    <a class=\"fig-a11y-skip a11y-hidden\" href=\"#fig-a11y-skip-main-inarticle_mtf\"><br \/>\n        Passer la publicit\u00e9<br \/>\n    <\/a><\/p>\n<p class=\"fig-paragraph\">Ces manifestations sont soutenues par un grand nombre d\u2019\u00e9lus d\u00e9mocrates. Le s\u00e9nateur Bernie Sanders, un ind\u00e9pendant progressiste, et la d\u00e9put\u00e9e\u00a0<a href=\"http:\/\/www.lefigaro.fr\/vox\/monde\/alexandria-ocasio-cortez-loue-le-nucleaire-quand-les-ideologues-ecolos-se-convertissent-a-l-ecologie-rationnelle-20230227\" target=\"_blank\" data-fig-type=\"Article\" rel=\"noopener\" data-gtm-custom-categorie=\"navigation\" data-gtm-custom-action=\"crossclick\" data-gtm-custom-label=\"Contextuel\" data-gtm-event=\"customEventSPE\" data-fig-domain=\"LEFIGARO\">Alexandria Ocasio-Cortez<\/a>, d\u00e9mocrate, ont soutenu les marches, tout comme\u00a0<a href=\"http:\/\/www.lefigaro.fr\/international\/affaire-epstein-pourquoi-bill-et-hillary-clinton-sont-ils-convoques-a-s-expliquer-devant-le-congres-20250805\" target=\"_blank\" data-fig-type=\"Article\" rel=\"noopener\" data-gtm-custom-categorie=\"navigation\" data-gtm-custom-action=\"crossclick\" data-gtm-custom-label=\"Contextuel\" data-gtm-event=\"customEventSPE\" data-fig-domain=\"LEFIGARO\">Hillary Clinton<\/a>. L\u2019\u00e9lu du Maryland, Glenn Ivey, qui a pr\u00e9vu de d\u00e9filer samedi, a estim\u00e9 aupr\u00e8s de l\u2019AFP vendredi que \u00abce mouvement va jouer un r\u00f4le d\u00e9terminant pour l\u2019avenir de l\u2019Am\u00e9rique donc je comprends que les r\u00e9publicains soient nerveux\u00bb.<\/p>\n<p class=\"fig-paragraph\">Des c\u00e9l\u00e9brit\u00e9s, engag\u00e9es dans la cause d\u00e9mocrate, ont par ailleurs appel\u00e9 \u00e0 rejoindre le mouvement. Dans une vid\u00e9o, la star d\u2019Hollywood\u00a0<a href=\"http:\/\/www.lefigaro.fr\/culture\/robert-de-niro-appelle-les-americains-a-manifester-contre-le-roi-donald-ier-20251016\" target=\"_blank\" data-fig-type=\"Article\" rel=\"noopener\" data-gtm-custom-categorie=\"navigation\" data-gtm-custom-action=\"crossclick\" data-gtm-custom-label=\"Contextuel\" data-gtm-event=\"customEventSPE\" data-fig-domain=\"LEFIGARO\">Robert De Niro a incit\u00e9 ses concitoyens \u00e0 se soulever<\/a>\u00a0\u00abde mani\u00e8re non violente\u00bb contre le \u00abroi Donald Trump\u00bb. Lors des pr\u00e9c\u00e9dentes mobilisations, l\u2019acteur Mark Ruffalo et l\u2019humoriste Jimmy Kimmel &#8211; dont le talk-show a ensuite \u00e9t\u00e9 temporairement suspendu sous la pression du gouvernement Trump &#8211; se trouvaient parmi la foule.<\/p>\n<p>\u00abHaine contre l\u2019Am\u00e9rique\u00bb<\/p>\n<p class=\"fig-paragraph\">Depuis le d\u00e9but, le mouvement \u00abNo Kings\u00bb est diabolis\u00e9 par la droite qui fustige un mouvement \u00abde haine contre l\u2019Am\u00e9rique\u00bb. \u00c0 l\u2019aube de nouvelles manifestations ce week-end, des gouverneurs r\u00e9publicains de plusieurs \u00c9tats am\u00e9ricains ont plac\u00e9 des troupes de la Garde nationale en alerte en pr\u00e9vision, \u00e0 l\u2019instar de celui du Texas et de Virginie. \u00abNous devrons faire appel \u00e0 la Garde nationale\u00bb, a d\u00e9clar\u00e9 de son c\u00f4t\u00e9 le s\u00e9nateur du Kansas Roger Marshall, selon CNN. Et de poursuivre\u00a0: \u00abJ\u2019esp\u00e8re que ce sera pacifique. J\u2019en doute.\u00bb<\/p>\n<p class=\"fig-paragraph\">Certains \u00e9lus r\u00e9publicains vont m\u00eame jusqu\u2019\u00e0 apparenter ces rassemblements \u00e0 du terrorisme. Le pr\u00e9sident de la Chambre des repr\u00e9sentants Mike Johnson a lanc\u00e9\u00a0: \u00abJe parie que vous verrez des partisans du Hamas et des antifas\u00bb, en r\u00e9f\u00e9rence \u00e0 cette mouvance politique r\u00e9cemment class\u00e9e comme \u00aborganisation terroriste\u00bb par Donald Trump. Tom Emmer, un \u00e9lu r\u00e9publicain du Minnesota, a quant \u00e0 lui accus\u00e9 les d\u00e9mocrates d\u2019avoir c\u00e9d\u00e9 \u00e0 \u00abl\u2019aile terroriste de leur parti\u00bb.<\/p>\n<p class=\"fig-paragraph\">Face \u00e0 ces mobilisations, le pr\u00e9sident am\u00e9ricain avait dans un premier temps menac\u00e9 de r\u00e9pondre, en juin, avec une \u00abtr\u00e8s grande force\u00bb. Il a finalement, et sobrement, d\u00e9clar\u00e9 cette semaine sur Fox News\u00a0: \u00abIls me qualifient de roi. Je ne suis pas un roi.\u00bb<\/p>\n","protected":false},"excerpt":{"rendered":"Plus de 2700 rassemblements sont pr\u00e9vus dans les grandes villes am\u00e9ricaines, comme dans des bourgades d\u2019\u00c9tats r\u00e9publicains, ainsi&hellip;\n","protected":false},"author":2,"featured_media":472309,"comment_status":"","ping_status":"","sticky":false,"template":"","format":"standard","meta":{"footnotes":""},"categories":[1589],"tags":[11,75,73,1866,1272,12,1864,1865,1863,308],"class_list":{"0":"post-472308","1":"post","2":"type-post","3":"status-publish","4":"format-standard","5":"has-post-thumbnail","7":"category-etats-unis","8":"tag-actualites","9":"tag-donald-trump","10":"tag-etats-unis","11":"tag-etats-unis-damerique","12":"tag-manifestations","13":"tag-news","14":"tag-united-states","15":"tag-united-states-of-america","16":"tag-us","17":"tag-usa"},"share_on_mastodon":{"url":"https:\/\/pubeurope.com\/@fr\/115394842762451656","error":""},"_links":{"self":[{"href":"https:\/\/www.europesays.com\/fr\/wp-json\/wp\/v2\/posts\/472308","targetHints":{"allow":["GET"]}}],"collection":[{"href":"https:\/\/www.europesays.com\/fr\/wp-json\/wp\/v2\/posts"}],"about":[{"href":"https:\/\/www.europesays.com\/fr\/wp-json\/wp\/v2\/types\/post"}],"author":[{"embeddable":true,"href":"https:\/\/www.europesays.com\/fr\/wp-json\/wp\/v2\/users\/2"}],"replies":[{"embeddable":true,"href":"https:\/\/www.europesays.com\/fr\/wp-json\/wp\/v2\/comments?post=472308"}],"version-history":[{"count":0,"href":"https:\/\/www.europesays.com\/fr\/wp-json\/wp\/v2\/posts\/472308\/revisions"}],"wp:featuredmedia":[{"embeddable":true,"href":"https:\/\/www.europesays.com\/fr\/wp-json\/wp\/v2\/media\/472309"}],"wp:attachment":[{"href":"https:\/\/www.europesays.com\/fr\/wp-json\/wp\/v2\/media?parent=472308"}],"wp:term":[{"taxonomy":"category","embeddable":true,"href":"https:\/\/www.europesays.com\/fr\/wp-json\/wp\/v2\/categories?post=472308"},{"taxonomy":"post_tag","embeddable":true,"href":"https:\/\/www.europesays.com\/fr\/wp-json\/wp\/v2\/tags?post=472308"}],"curies":[{"name":"wp","href":"https:\/\/api.w.org\/{rel}","templated":true}]}}