{"id":472326,"date":"2025-10-18T11:13:13","date_gmt":"2025-10-18T11:13:13","guid":{"rendered":"https:\/\/www.europesays.com\/fr\/472326\/"},"modified":"2025-10-18T11:13:13","modified_gmt":"2025-10-18T11:13:13","slug":"apres-35-ans-le-president-passe-la-main","status":"publish","type":"post","link":"https:\/\/www.europesays.com\/fr\/472326\/","title":{"rendered":"apr\u00e8s 35 ans, le pr\u00e9sident passe la main"},"content":{"rendered":"<p>Ils ne sont qu\u2019une dizaine pour ce qui s\u2019annonce \u00eatre une saison de transition. Depuis septembre, le Volley club de Saint-Avold tourne au ralenti avec une seule s\u00e9ance par semaine, les lundis. Pas de quoi rebuter Jean-Jacques Jozefiak. \u00ab Quand j\u2019ai repris le club il y a trente-cinq ans, on \u00e9tait deux. Puis tr\u00e8s vite je me suis retrouv\u00e9 tout seul. \u00bb Au fil des ann\u00e9es, le pr\u00e9sident a appris \u00e0 travailler dans l\u2019adversit\u00e9. Comme sur le terrain, il ne l\u00e2che pas avant d\u2019avoir obtenu le r\u00e9sultat qu\u2019il souhaite. Son objectif aujourd\u2019hui : la reprise du club.<\/p>\n<p>Situation de crise ? Jean-Jacques Jozefiak ne verse pas dans le fatalisme. Il pr\u00e9f\u00e8re cultiver l\u2019image d\u2019un club r\u00e9silient, qui s\u2019est cr\u00e9\u00e9 tout seul. \u00ab On a toujours \u00e9t\u00e9 tr\u00e8s autonome \u00bb, souligne-t-il. \u00ab J\u2019ai toujours pens\u00e9 qu\u2019il fallait d\u2019abord que l\u2019on montre ce que l\u2019on sait faire, avant de demander quoi que ce soit. \u00bb<\/p>\n<p>Le pr\u00e9sident se souvient notamment de l\u2019\u00e9poque o\u00f9 il avait lanc\u00e9 les op\u00e9rations Macadam. Pendant plusieurs saisons, le <a href=\"https:\/\/www.republicain-lorrain.fr\/societe\/2025\/09\/13\/faire-encore-mieux-offensif-et-motive-le-volley-club-de-creutzwald-monte-au-filet-et-gravit-les-echelons\" target=\"_blank\" rel=\"noopener\">Volley <\/a> club naborien a, dans ce cadre, ouvert son activit\u00e9 \u00e0 un public \u00e0 mobilit\u00e9 r\u00e9duite. <a href=\"https:\/\/www.republicain-lorrain.fr\/edition-de-saint-avold-creutzwald\/2018\/04\/24\/photos-saint-avold-un-match-de-volley-pour-depasser-les-differences\" target=\"_blank\" rel=\"noopener\">\u00ab On travaillait en collaboration avec l\u2019IME de Valmont et Morhange. \u00bb<\/a><\/p>\n<p>  \u00ab Le plus important, ce n\u2019est pas le volley \u00bb<\/p>\n<p>Un engagement inclusif avant l\u2019heure, la plus grande fiert\u00e9 du pr\u00e9sident. \u00ab Je n\u2019ai jamais consid\u00e9r\u00e9 ce public diff\u00e9remment. Avec eux, c\u2019est peut-\u00eatre les moments les plus enrichissants que j\u2019ai connus \u00bb, reconna\u00eet-il, \u00e9mu. Aujourd\u2019hui \u00e0 l\u2019arr\u00eat, ces initiatives ont fait les belles ann\u00e9es du club jusqu\u2019en 2018. \u00ab Nous sommes \u00e9galement all\u00e9s dans les \u00e9coles pour proposer la pratique aux jeunes. \u00bb Ces id\u00e9es de transmission et d\u2019ouverture sont au c\u0153ur de l\u2019engagement de Jean-Jacques Jozefiak. \u00ab Le plus important, ce n\u2019est pas le volley, ce sont <a href=\"https:\/\/www.republicain-lorrain.fr\/edition-de-sarrebourg-chateau-salins\/2016\/08\/11\/impro-les-bienfaits-du-volley\" target=\"_blank\" rel=\"noopener\">les moments que l\u2019on construit ensemble. \u00bb<\/a><\/p>\n<p>L\u2019architecture qu\u2019il s\u2019est \u00e9vertu\u00e9 \u00e0 b\u00e2tir, le pr\u00e9sident souhaite maintenant la transmettre. \u00ab J\u2019avais dit que j\u2019arr\u00eatais en ao\u00fbt. Je suis toujours l\u00e0 car on ne trouve personne. Mais \u00e7a va venir \u00bb, assure-t-il, sourire en coin. Ces trente-cinq ann\u00e9es ont \u00e9t\u00e9 tourment\u00e9es, marqu\u00e9es par de belles r\u00e9alisations mais aussi des d\u00e9ceptions, des d\u00e9fections.<\/p>\n<p>Jean-Jacques Jozefiak en retire un temp\u00e9rament solide. \u00ab Ce qu\u2019il faut, c\u2019est de la pr\u00e9sence, savoir maintenir la coh\u00e9sion. Et dire les choses quand il faut les dire \u00bb, ajoute, avec son franc-parler, l\u2019ex-comptable de la plateforme de Carling.<\/p>\n<p>Qui pour reprendre le flambeau ? \u00ab Il n\u2019y a pas de profil type, balaie le pr\u00e9sident. Ce n\u2019est pas le bonhomme qui fait le club, mais le club qui fait le bonhomme. \u00bb Dans cette saison de transition, Jean-Jacques Jozefiak reste un homme de convictions.<\/p>\n","protected":false},"excerpt":{"rendered":"Ils ne sont qu\u2019une dizaine pour ce qui s\u2019annonce \u00eatre une saison de transition. Depuis septembre, le Volley&hellip;\n","protected":false},"author":2,"featured_media":472327,"comment_status":"","ping_status":"","sticky":false,"template":"","format":"standard","meta":{"footnotes":""},"categories":[1417],"tags":[15835,1011,27,42056,42057,104,517,1700,60,1631,1470,1632,1469],"class_list":{"0":"post-472326","1":"post","2":"type-post","3":"status-publish","4":"format-standard","5":"has-post-thumbnail","7":"category-volley","8":"tag-edition-saint-avold-creutzwald","9":"tag-fr","10":"tag-france","11":"tag-saint-avold","12":"tag-saint-avold-ville-57e","13":"tag-societe","14":"tag-sport","15":"tag-sport-lorrain","16":"tag-sports","17":"tag-vie-associative","18":"tag-volley","19":"tag-volley-ball","20":"tag-volleyball"},"share_on_mastodon":{"url":"https:\/\/pubeurope.com\/@fr\/115394878179557129","error":""},"_links":{"self":[{"href":"https:\/\/www.europesays.com\/fr\/wp-json\/wp\/v2\/posts\/472326","targetHints":{"allow":["GET"]}}],"collection":[{"href":"https:\/\/www.europesays.com\/fr\/wp-json\/wp\/v2\/posts"}],"about":[{"href":"https:\/\/www.europesays.com\/fr\/wp-json\/wp\/v2\/types\/post"}],"author":[{"embeddable":true,"href":"https:\/\/www.europesays.com\/fr\/wp-json\/wp\/v2\/users\/2"}],"replies":[{"embeddable":true,"href":"https:\/\/www.europesays.com\/fr\/wp-json\/wp\/v2\/comments?post=472326"}],"version-history":[{"count":0,"href":"https:\/\/www.europesays.com\/fr\/wp-json\/wp\/v2\/posts\/472326\/revisions"}],"wp:featuredmedia":[{"embeddable":true,"href":"https:\/\/www.europesays.com\/fr\/wp-json\/wp\/v2\/media\/472327"}],"wp:attachment":[{"href":"https:\/\/www.europesays.com\/fr\/wp-json\/wp\/v2\/media?parent=472326"}],"wp:term":[{"taxonomy":"category","embeddable":true,"href":"https:\/\/www.europesays.com\/fr\/wp-json\/wp\/v2\/categories?post=472326"},{"taxonomy":"post_tag","embeddable":true,"href":"https:\/\/www.europesays.com\/fr\/wp-json\/wp\/v2\/tags?post=472326"}],"curies":[{"name":"wp","href":"https:\/\/api.w.org\/{rel}","templated":true}]}}