{"id":472333,"date":"2025-10-18T11:18:11","date_gmt":"2025-10-18T11:18:11","guid":{"rendered":"https:\/\/www.europesays.com\/fr\/472333\/"},"modified":"2025-10-18T11:18:11","modified_gmt":"2025-10-18T11:18:11","slug":"gp-des-etats-unis-de-f1-la-grille-de-depart-de-la-course-sprint-isack-hadjar-malchanceux-grosse-surprise-en-2e-ligne-turbo-fr","status":"publish","type":"post","link":"https:\/\/www.europesays.com\/fr\/472333\/","title":{"rendered":"GP des \u00c9tats-Unis de F1 : la grille de d\u00e9part de la course sprint, Isack Hadjar malchanceux, grosse surprise en 2e ligne &#8211; Turbo.fr"},"content":{"rendered":"<ol>\n<li><a href=\"https:\/\/news.google.com\/rss\/articles\/CBMi-AFBVV95cUxQMFIzSmUtOW9TRTIyX3lISHBOUVdMSl9XNGJsdUNsSGd1OC1Wa29fRGRHVjVzUFBxTkQ3MUdkd2w5UVpidTU4emdITHNPdVB5TVBGZG1qem02cDhzWjBKTHdCWkRGdkljazQ2amxFRFRqTC1mTm5yU3U5WkgxRmVmYnFjaGxmWjd4c0NjNlN0dnZYMUpSMGxud3ItM29Nd0YxclJiZlpJVnNzd25RQ2VmZEF3RTJuMDhaMzlybU5PWHlfUHNsdnVVYzExcUphdjZzZkJBTklOLUxsd2pFSDlYZUNMX1BPV0tNcUhTT19MZlQyTUFsSXg4MQ?oc=5\" target=\"_blank\" rel=\"nofollow noopener\">GP des \u00c9tats-Unis de F1 : la grille de d\u00e9part de la course sprint, Isack Hadjar malchanceux, grosse surprise en 2e ligne<\/a>&nbsp;&nbsp;Turbo.fr<\/li>\n<li><a href=\"https:\/\/news.google.com\/rss\/articles\/CBMi9AFBVV95cUxNQ3luOHdTdl9Wbmx0MzI2ZXgtT0FsUmFuWTlyMHRPOEs4WDFNMXp1RkdUN09FdFV4ZXRKSmwtc3A1bDFmdDRheFNaaW1OMlNFQnBEM0doVWxNTS0zc2ZBX3NnZGx4V1huZDVyZ3JZUTZBRXBZZTVySGpmZGZybmZsckhQREN1bVBBU0RzVlN2RkRibGVJLVVZdjJMMHM5RkZLT25jQXRRamRHaGhZMjVFMFR1dy1RcDBvLUd3bE1RVUt5OXNKeXZvX0ZlcXJ5a1NmN0RTY2Vod0Fia2ZYQ0hTa19teDZ5c20wdnhjLTV0R3JQMnln?oc=5\" target=\"_blank\" rel=\"nofollow noopener\">Verstappen d\u00e9croche la pole de la course sprint devant les McLaren<\/a>&nbsp;&nbsp;L&rsquo;\u00c9quipe<\/li>\n<li><a href=\"https:\/\/news.google.com\/rss\/articles\/CBMiiwFBVV95cUxPbkc3UDUtYk40MGQ2Q0J2ZHlpTjZjR1VFTnNab29Wak1mZHpQbkJpY3FxQ2tESG1jcVZtMHpLbm1CVno3Wm1XSGNhMm8tejFhdVBoUERvYkowZE51Z3VTOFFvZkNYNlVkWjBjY3A1a3BBTWRMQ2tsczMtUWNDNnpFZ21fRVd3NFV5TlFF?oc=5\" target=\"_blank\" rel=\"nofollow noopener\">McLaren compte sur la chaleur du Texas pour battre Verstappen<\/a>&nbsp;&nbsp;Motorsport.com<\/li>\n<li><a href=\"https:\/\/news.google.com\/rss\/articles\/CBMi3wFBVV95cUxQdndWSjVyLV9CX2l0TWJYZ2laR3I0TG5ma0VxR3RSTkR0eWRXTXQxazF6Z2UwMXVzUnlIT05TSDgwVkQwTnF0NDg1NWVvTWhzWHZWUXNJSjh2OHdVNVo4bWg3T0hHWDVILTFQenh1LXJJVkhoRzRMbHlRcVJpQkZERHBCYWhoaHpiNUhYUm5EeXJkMkM4a3p0aU1GeXBoYTA0aTFnV0p6M1ZjRUlFSDE0ZG9Vblhpa3Q2RnJscHREV1Rwb1VLQXVNeDdtN182cTNYR1hmZW5QdFVGank1SFdF?oc=5\" target=\"_blank\" rel=\"nofollow noopener\">F1 &#8211; GP des Etats-Unis : Suivez la course sprint en direct \u00e0 partir de 19h00<\/a>&nbsp;&nbsp;Orange Actualit\u00e9s | Sports<\/li>\n<li><a href=\"https:\/\/news.google.com\/rss\/articles\/CBMihAJBVV95cUxPZWxVYTdDVmFGS1RWQW43VnE0MGpaQVdzai1oejlTUkl3b0xzRDlRY2ZiUGZvM3k3U0VBMncxemhXMXIwYzlkMmN4aVVrSllDWjA5b2laaGx2TzRRTVVfNVZXSTBTWTFCSFV0NTAzY0JuOHF4a3RLVUJ4VFdRZ1h4cm1aREpDOEx0UzJfdG02YXB1X0Q2VEFudURvbFdxS0pCZUdmWlBPcWFkWWFrV3d2N2l0RkZ0cTVZbG50V2NCTXZqaGNVMW02cUtPWmdXcVZCTjg0Y0s5c3JuTmx1SFBDczlob3BKN20zaW5neG1yVnVJbzNOZll2Rmg5Vm9OY2VQZFJxOQ?oc=5\" target=\"_blank\" rel=\"nofollow noopener\">F1. \u00c0 quelle heure et sur quelle cha\u00eene suivre la course sprint du GP des \u00c9tats-Unis en direct ?<\/a>&nbsp;&nbsp;Ouest-France<\/li>\n<\/ol>\n","protected":false},"excerpt":{"rendered":"GP des \u00c9tats-Unis de F1 : la grille de d\u00e9part de la course sprint, Isack Hadjar malchanceux, grosse&hellip;\n","protected":false},"author":2,"featured_media":395849,"comment_status":"","ping_status":"","sticky":false,"template":"","format":"standard","meta":{"footnotes":""},"categories":[1412],"tags":[1451,1452,1453,1454,1455,1011,27,60],"class_list":{"0":"post-472333","1":"post","2":"type-post","3":"status-publish","4":"format-standard","5":"has-post-thumbnail","7":"category-f1","8":"tag-f1","9":"tag-formula-1","10":"tag-formula1","11":"tag-formule-1","12":"tag-formule1","13":"tag-fr","14":"tag-france","15":"tag-sports"},"share_on_mastodon":{"url":"https:\/\/pubeurope.com\/@fr\/115394897840115376","error":""},"_links":{"self":[{"href":"https:\/\/www.europesays.com\/fr\/wp-json\/wp\/v2\/posts\/472333","targetHints":{"allow":["GET"]}}],"collection":[{"href":"https:\/\/www.europesays.com\/fr\/wp-json\/wp\/v2\/posts"}],"about":[{"href":"https:\/\/www.europesays.com\/fr\/wp-json\/wp\/v2\/types\/post"}],"author":[{"embeddable":true,"href":"https:\/\/www.europesays.com\/fr\/wp-json\/wp\/v2\/users\/2"}],"replies":[{"embeddable":true,"href":"https:\/\/www.europesays.com\/fr\/wp-json\/wp\/v2\/comments?post=472333"}],"version-history":[{"count":0,"href":"https:\/\/www.europesays.com\/fr\/wp-json\/wp\/v2\/posts\/472333\/revisions"}],"wp:featuredmedia":[{"embeddable":true,"href":"https:\/\/www.europesays.com\/fr\/wp-json\/wp\/v2\/media\/395849"}],"wp:attachment":[{"href":"https:\/\/www.europesays.com\/fr\/wp-json\/wp\/v2\/media?parent=472333"}],"wp:term":[{"taxonomy":"category","embeddable":true,"href":"https:\/\/www.europesays.com\/fr\/wp-json\/wp\/v2\/categories?post=472333"},{"taxonomy":"post_tag","embeddable":true,"href":"https:\/\/www.europesays.com\/fr\/wp-json\/wp\/v2\/tags?post=472333"}],"curies":[{"name":"wp","href":"https:\/\/api.w.org\/{rel}","templated":true}]}}