{"id":472334,"date":"2025-10-18T11:19:14","date_gmt":"2025-10-18T11:19:14","guid":{"rendered":"https:\/\/www.europesays.com\/fr\/472334\/"},"modified":"2025-10-18T11:19:14","modified_gmt":"2025-10-18T11:19:14","slug":"une-conti-pour-hugo-lennartsson-actualite","status":"publish","type":"post","link":"https:\/\/www.europesays.com\/fr\/472334\/","title":{"rendered":"Une Conti pour Hugo Lennartsson &#8211; Actualit\u00e9"},"content":{"rendered":"<p style=\"text-align: justify;\">Membre de l&rsquo;AVC Aix Provence Dole depuis trois saisons, Hugo Lennartsson va quitter la Conti F\u00e9d\u00e9rale pour une autre Conti. Il s&rsquo;est engag\u00e9 avec Lucky Sport Cycling, une formation su\u00e9doise.<\/p>\n<p><strong><a href=\"https:\/\/www.directvelo.com\/coureur\/41859\/hugo-lennartsson\" target=\"_blank\" rel=\"noopener\">Hugo Lennartsson<\/a><\/strong>, 22 ans, a termin\u00e9 8e d&rsquo;une \u00e9tape du Tour des Deux-S\u00e8vres, 9e d&rsquo;une \u00e9tape du Tour d&rsquo;Estonie (2.1), ou encore 11e du Grand Prix de la Sologne des Etangs, en Coupe de France N1.<\/p>\n<p>Le Su\u00e9dois a \u00e9galement d\u00e9croch\u00e9 la 13e place du Tour d&rsquo;Eure-et-Loir, la 19e du Circuit des 4 Cantons ou encore la 30e du g\u00e9n\u00e9ral du Tour d&rsquo;Estonie. Sur cette derni\u00e8re, il avait termin\u00e9 14e du classement g\u00e9n\u00e9ral, en 2023.<\/p>\n<p>Auparavant, Lucky Sport Cycling avait notamment annonc\u00e9 l&rsquo;arriv\u00e9e de l&rsquo;Estonien\u00a0<strong><a href=\"https:\/\/www.directvelo.com\/coureur\/44084\/frank-aron-ragilo\" target=\"_blank\" rel=\"noopener\">Franck Aron Ragilo<\/a><\/strong> (21 ans), qui arrive d&rsquo;Atom 6 Decca.<\/p>\n<p>Retrouvez tous les transferts de Conti <strong><a href=\"https:\/\/www.directvelo.com\/mutations\/2026#pro-conti\" target=\"_blank\" rel=\"noopener\">en cliquant ici<\/a><\/strong>.<\/p>\n","protected":false},"excerpt":{"rendered":"Membre de l&rsquo;AVC Aix Provence Dole depuis trois saisons, Hugo Lennartsson va quitter la Conti F\u00e9d\u00e9rale pour une&hellip;\n","protected":false},"author":2,"featured_media":472335,"comment_status":"","ping_status":"","sticky":false,"template":"","format":"standard","meta":{"footnotes":""},"categories":[1411],"tags":[834,828,836,829,837,827,83,826,824,823,1154,207,814,817,815,816,822,821,832,211,839,1011,27,820,818,819,835,831,830,833,838,60,212,208,825],"class_list":{"0":"post-472334","1":"post","2":"type-post","3":"status-publish","4":"format-standard","5":"has-post-thumbnail","7":"category-cyclisme","8":"tag-attaque","9":"tag-belgique","10":"tag-braquet","11":"tag-bretagne","12":"tag-chute","13":"tag-competition","14":"tag-coupe-de-france","15":"tag-coureur","16":"tag-course-cyclisme","17":"tag-course-cycliste","18":"tag-cycling","19":"tag-cyclisme","20":"tag-direct","21":"tag-direct-velo","22":"tag-directvelo","23":"tag-directvelo-com","24":"tag-epreuve","25":"tag-epreuve-cycliste","26":"tag-federation-francaise-de-cyclisme","27":"tag-ffc","28":"tag-flandres","29":"tag-fr","30":"tag-france","31":"tag-live","32":"tag-live-course","33":"tag-live-epreuve","34":"tag-peloton","35":"tag-radio-peloton","36":"tag-radio-tour","37":"tag-ravitaillement","38":"tag-relance","39":"tag-sports","40":"tag-uci","41":"tag-velo","42":"tag-velos"},"share_on_mastodon":{"url":"https:\/\/pubeurope.com\/@fr\/115394901786792107","error":""},"_links":{"self":[{"href":"https:\/\/www.europesays.com\/fr\/wp-json\/wp\/v2\/posts\/472334","targetHints":{"allow":["GET"]}}],"collection":[{"href":"https:\/\/www.europesays.com\/fr\/wp-json\/wp\/v2\/posts"}],"about":[{"href":"https:\/\/www.europesays.com\/fr\/wp-json\/wp\/v2\/types\/post"}],"author":[{"embeddable":true,"href":"https:\/\/www.europesays.com\/fr\/wp-json\/wp\/v2\/users\/2"}],"replies":[{"embeddable":true,"href":"https:\/\/www.europesays.com\/fr\/wp-json\/wp\/v2\/comments?post=472334"}],"version-history":[{"count":0,"href":"https:\/\/www.europesays.com\/fr\/wp-json\/wp\/v2\/posts\/472334\/revisions"}],"wp:featuredmedia":[{"embeddable":true,"href":"https:\/\/www.europesays.com\/fr\/wp-json\/wp\/v2\/media\/472335"}],"wp:attachment":[{"href":"https:\/\/www.europesays.com\/fr\/wp-json\/wp\/v2\/media?parent=472334"}],"wp:term":[{"taxonomy":"category","embeddable":true,"href":"https:\/\/www.europesays.com\/fr\/wp-json\/wp\/v2\/categories?post=472334"},{"taxonomy":"post_tag","embeddable":true,"href":"https:\/\/www.europesays.com\/fr\/wp-json\/wp\/v2\/tags?post=472334"}],"curies":[{"name":"wp","href":"https:\/\/api.w.org\/{rel}","templated":true}]}}