{"id":472338,"date":"2025-10-18T11:21:11","date_gmt":"2025-10-18T11:21:11","guid":{"rendered":"https:\/\/www.europesays.com\/fr\/472338\/"},"modified":"2025-10-18T11:21:11","modified_gmt":"2025-10-18T11:21:11","slug":"des-quil-sortait-une-expression-je-chialais-de-rire-on-a-vu-le-one-man-show-de-lancien-depute","status":"publish","type":"post","link":"https:\/\/www.europesays.com\/fr\/472338\/","title":{"rendered":"\u00ab\u00a0D\u00e8s qu\u2019il sortait une expression, je chialais de rire\u00a0\u00bb&#8230; On a vu le one man show de l\u2019ancien d\u00e9put\u00e9"},"content":{"rendered":"<p>De notre envoy\u00e9 sp\u00e9cial en Lassallie,<\/p>\n<p>A l\u2019entr\u00e9e du th\u00e9\u00e2tre de la tour Eiffel, un petit stand vend toute sorte de babioles \u00e0 l\u2019effigie de la star du soir. Livres politiques de <a href=\"https:\/\/www.20minutes.fr\/politique\/jean-lassalle\/\" class=\"c-link c-link--is-underlined\" target=\"_blank\" rel=\"noopener\">Jean Lassalle<\/a>, bien s\u00fbr, mais aussi affiches de Jean Lassalle, b\u00e9rets de Jean Lassalle, T-shirts et sweats avec la trogne de Jean Lassalle. Le public venu assister \u00e0 la <a href=\"https:\/\/www.20minutes.fr\/dossier\/premiere\" class=\"c-link c-link--is-underlined\" target=\"_blank\" rel=\"noopener\">premi\u00e8re<\/a> parisienne du one man show est conquis d\u2019entr\u00e9e.<\/p>\n<p>Et cela se confirme quand le colosse du <a href=\"https:\/\/www.20minutes.fr\/dossier\/bearn\" class=\"c-link c-link--is-underlined\" target=\"_blank\" rel=\"noopener\">B\u00e9arn<\/a> d\u00e9barque sur sc\u00e8ne. Le double candidat \u00e0 la pr\u00e9sidentielle salue la foule et lance en parodiant de Gaulle\u00a0: \u00ab\u00a0Paris occup\u00e9\u00a0! Paris martyris\u00e9\u00a0! Paris outrag\u00e9, mais Paris lib\u00e9r\u00e9\u2026 Moi, je suis venu vous dire, beaucoup plus modestement, comment j\u2019ai d\u00e9couvert Paris \u00e0 mes 18 ans\u2026\u00a0\u00bb<\/p>\n<\/p>\n<p>Gouaille et anecdotes<\/p>\n<p>L\u2019ancien d\u00e9put\u00e9 centriste des Pyr\u00e9n\u00e9es-Atlantiques, qui a quitt\u00e9 (pour l\u2019instant) le monde politique apr\u00e8s sa d\u00e9faite aux l\u00e9gislatives 2024, \u00e9voque donc son arriv\u00e9e dans la capitale, qui se confond finalement avec celle de son grand-p\u00e8re berger. \u00ab\u00a0Il \u00e9tait venu pacager les moutons sur le Champs-de-Mars\u00a0\u00bb. Puis Mai\u00a01968\u00a0: \u00ab\u00a0Mon p\u00e8re s\u2019\u00e9tait dit qu\u2019il faudrait des bras chez nous, \u00e0 cause de la d\u00e9sertification des campagnes. Alors, quand il avait vu les gaillards de mai\u00a01968 qui retournaient des bagnoles, il disait\u00a0: \u00ab\u00a0voil\u00e0 ce qu\u2019il nous faut\u00a0!\u00a0\u00bb\u00a0\u00bb On peine \u00e0 suivre quand Lassalle \u00e9voque \u00e0 tour de bras les <a href=\"https:\/\/www.20minutes.fr\/dossier\/brigades_rouges\" class=\"c-link c-link--is-underlined\" target=\"_blank\" rel=\"noopener\">Brigades rouges<\/a>, la bande \u00e0 Baader, <a href=\"https:\/\/www.20minutes.fr\/dossier\/action_directe\" class=\"c-link c-link--is-underlined\" target=\"_blank\" rel=\"noopener\">Action directe<\/a>, le commandant Massoud, des bergers et des p\u00eacheurs\u2026<\/p>\n<p>Le public s\u2019amuse plus ais\u00e9ment lorsque, avec sa gouaille l\u00e9gendaire, il d\u00e9peint sa conception dans les hautes montagnes du B\u00e9arn et sa naissance. \u00ab\u00a0Maman a mis neuf jours \u00e0 me mettre au monde. On me dit souvent \u00ab\u00a0comment \u00e7a se fait que vous soyez toujours en retard\u00a0?\u00a0\u00bb Je leur dis\u00a0: je pense que \u00e7a vient de trop loin pour que je puisse vous le dire\u00a0\u00bb.<\/p>\n<p>A 70 ans, l\u2019homme politique n\u2019a rien perdu de la verve qui amusait d\u00e9j\u00e0 ses coll\u00e8gues dans l\u2019h\u00e9micycle de l\u2019<a href=\"https:\/\/www.20minutes.fr\/dossier\/assemblee_nationale\" class=\"c-link c-link--is-underlined\" target=\"_blank\" rel=\"noopener\">Assembl\u00e9e nationale<\/a>. Il se moque de lui-m\u00eame lorsqu\u2019il \u00e9voque ses \u00ab\u00a0tests psychologiques\u00a0\u00bb \u00e0 l\u2019\u00e9cole\u00a0: \u00ab\u00a0Enfant ne pr\u00e9sentant aucun int\u00e9r\u00eat. Son regard, si par bonheur vous le croisez, n\u2019exprime rien. Point\u00a0! Quant \u00e0 son QI, il doit \u00eatre tr\u00e8s proche ou voisin de z\u00e9ro\u00a0\u00bb.<\/p>\n<p>\u00ab\u00a0J\u2019avais le sentiment de ne plus servir \u00e0 rien\u00a0\u00bb<\/p>\n<p>A 13 ans, il est fascin\u00e9 par le maire de sa commune. Et en\u00a01977, le fils de berger raconte comment il r\u00e9ussit \u00e0 se faire \u00e9lire \u00e0 21 ans, devenant l\u2019un des plus jeunes maires de France, dans son village natal de Lourdios-Ich\u00e8re. \u00ab\u00a0Je demande \u00e0 tous ceux qui voudraient former un gouvernement de m\u2019\u00e9couter attentivement, je veux dire un gouvernement qui pourrait durer un peu plus de 36 heures\u2026 Moi, j\u2019avais pris l\u2019habitude de convoquer mes colistiers tous les soirs car j\u2019avais peur qu\u2019ils passent \u00e0 la concurrence\u00a0!\u00a0\u00bb La description de son premier enterrement en tant qu\u2019\u00e9lu, qui voit deux cur\u00e9s bless\u00e9s tomber au sol, ou de son voyage \u00e0 <a href=\"https:\/\/www.20minutes.fr\/monde\/moscou\/\" class=\"c-link c-link--is-underlined\" target=\"_blank\" rel=\"noopener\">Moscou<\/a> o\u00f9, apr\u00e8s quelques verres de <a href=\"https:\/\/www.20minutes.fr\/dossier\/vodka\" class=\"c-link c-link--is-underlined\" target=\"_blank\" rel=\"noopener\">vodka<\/a> avec des Russes, il est invit\u00e9 \u00e0 chanter au Bolcho\u00ef devant Brejnev avec le c\u0153ur de l\u2019Arm\u00e9e rouge, s\u00e9duit son public.<\/p>\n<p><a href=\"https:\/\/www.20minutes.fr\/politique\/jean-lassalle\/\" class=\"c-link c-btn c-btn--primary\" target=\"_blank\" rel=\"noopener\">Les derni\u00e8res actus sur Jean Lassalle<\/a><\/p>\n<p>Les anecdotes burlesques s\u2019encha\u00eenent, s\u2019entrem\u00ealent, parfois dans la confusion. A la fin du spectacle, Jean Lassalle remercie les m\u00e9decins qui l\u2019ont soign\u00e9 apr\u00e8s son op\u00e9ration du c\u0153ur en\u00a02022, qui l\u2019avait emp\u00each\u00e9 de se pr\u00e9senter aux l\u00e9gislatives cette ann\u00e9e-l\u00e0. \u00ab\u00a0J\u2019ai alors sombr\u00e9 dans une forme de nullit\u00e9, j\u2019avais le sentiment de ne plus servir \u00e0 rien\u00a0\u00bb, reconna\u00eet-il. L\u2019\u00e9criture du spectacle, termin\u00e9 il y a un moins seulement, l\u2019a finalement sauv\u00e9. Jean Lassalle a pr\u00e9vu 12 repr\u00e9sentations \u00e0 Paris, avant une tourn\u00e9e dans toute la France, en\u00a02026. De quoi l\u2019aider, aussi, financi\u00e8rement\u00a0?<\/p>\n<p>En novembre\u00a02024, Jean Lassalle avait indiqu\u00e9 avoir accumul\u00e9 \u00ab\u00a0un million et demi\u00a0\u00bb d\u2019euros de dettes apr\u00e8s ses \u00e9checs aux europ\u00e9ennes et aux l\u00e9gislatives. Ce sont d\u2019ailleurs ses fils qui ont lanc\u00e9 la marque de v\u00eatements, propos\u00e9s \u00e0 l\u2019achat au th\u00e9\u00e2tre et sur un site internet. A la sortie, un groupe de jeunes fait le bilan de la soir\u00e9e\u00a0: \u00ab\u00a0C\u2019\u00e9tait g\u00e9nial. Au d\u00e9but, j\u2019ai eu tr\u00e8s peur. C\u2019est pas un sketch d\u2019humour, il nous raconte sa vie, mais c\u2019est tr\u00e8s dr\u00f4le\u00a0\u00bb, s\u2019amuse l\u2019un d\u2019eux. \u00ab\u00a0C\u2019\u00e9tait d\u00e9cousu et sur 2 heures de spectacle, y\u2019a 30 minutes que j\u2019ai pas compris. Mais \u00e0 chaque fois qu\u2019il sortait une expression, je chialais de rire\u00a0\u00bb.<\/p>\n","protected":false},"excerpt":{"rendered":"De notre envoy\u00e9 sp\u00e9cial en Lassallie, A l\u2019entr\u00e9e du th\u00e9\u00e2tre de la tour Eiffel, un petit stand vend&hellip;\n","protected":false},"author":2,"featured_media":472339,"comment_status":"","ping_status":"","sticky":false,"template":"","format":"standard","meta":{"footnotes":""},"categories":[1359],"tags":[47,3177,422,58,59,1011,27,662,30469,2219,626,973,316,6375],"class_list":{"0":"post-472338","1":"post","2":"type-post","3":"status-publish","4":"format-standard","5":"has-post-thumbnail","7":"category-people","8":"tag-actualite","9":"tag-aquitaine","10":"tag-depute","11":"tag-divertissement","12":"tag-entertainment","13":"tag-fr","14":"tag-france","15":"tag-ile-de-france","16":"tag-jean-lassalle","17":"tag-nouvelle-aquitaine","18":"tag-paris","19":"tag-people","20":"tag-politique","21":"tag-pyrenees-atlantiques"},"share_on_mastodon":{"url":"https:\/\/pubeurope.com\/@fr\/115394909656659150","error":""},"_links":{"self":[{"href":"https:\/\/www.europesays.com\/fr\/wp-json\/wp\/v2\/posts\/472338","targetHints":{"allow":["GET"]}}],"collection":[{"href":"https:\/\/www.europesays.com\/fr\/wp-json\/wp\/v2\/posts"}],"about":[{"href":"https:\/\/www.europesays.com\/fr\/wp-json\/wp\/v2\/types\/post"}],"author":[{"embeddable":true,"href":"https:\/\/www.europesays.com\/fr\/wp-json\/wp\/v2\/users\/2"}],"replies":[{"embeddable":true,"href":"https:\/\/www.europesays.com\/fr\/wp-json\/wp\/v2\/comments?post=472338"}],"version-history":[{"count":0,"href":"https:\/\/www.europesays.com\/fr\/wp-json\/wp\/v2\/posts\/472338\/revisions"}],"wp:featuredmedia":[{"embeddable":true,"href":"https:\/\/www.europesays.com\/fr\/wp-json\/wp\/v2\/media\/472339"}],"wp:attachment":[{"href":"https:\/\/www.europesays.com\/fr\/wp-json\/wp\/v2\/media?parent=472338"}],"wp:term":[{"taxonomy":"category","embeddable":true,"href":"https:\/\/www.europesays.com\/fr\/wp-json\/wp\/v2\/categories?post=472338"},{"taxonomy":"post_tag","embeddable":true,"href":"https:\/\/www.europesays.com\/fr\/wp-json\/wp\/v2\/tags?post=472338"}],"curies":[{"name":"wp","href":"https:\/\/api.w.org\/{rel}","templated":true}]}}