{"id":472361,"date":"2025-10-18T11:34:14","date_gmt":"2025-10-18T11:34:14","guid":{"rendered":"https:\/\/www.europesays.com\/fr\/472361\/"},"modified":"2025-10-18T11:34:14","modified_gmt":"2025-10-18T11:34:14","slug":"cet-evenement-que-louis-sarkozy-organise-pour-son-pere-tres-loin-de-menton","status":"publish","type":"post","link":"https:\/\/www.europesays.com\/fr\/472361\/","title":{"rendered":"Cet \u00e9v\u00e9nement que Louis Sarkozy organise pour son p\u00e8re, (tr\u00e8s) loin de Menton"},"content":{"rendered":"<p>        <img decoding=\"async\" loading=\"lazy\" src=\"https:\/\/www.europesays.com\/fr\/wp-content\/uploads\/2025\/10\/fe2dd04_upload-1-bgqoku0bbsrp-afp-20250926-hl-xbouzas-2897261-v1-highres-francepoliticsjusticesarkoz.jpeg\"  width=\"728\" height=\"409\" alt=\"Louis Sarkozy photographi\u00e9 au tribunal de Paris le 15\u00a0septembre.\"\/>  <\/p>\n<p>XOSE BOUZAS \/ Hans Lucas via AFP<\/p>\n<p>Louis Sarkozy photographi\u00e9 au tribunal de Paris le 15\u00a0septembre.<\/p>\n<p class=\"asset asset-text\">POLITIQUE &#8211; La date est coch\u00e9e sur le calendrier de Nicolas Sarkozy, mais aussi sur celui de ses proches. L\u2019ex-chef de l\u2019\u00c9tat sera <a href=\"https:\/\/www.huffingtonpost.fr\/justice\/article\/nicolas-sarkozy-en-prison-on-sait-ou-et-quand-sera-incarcere-l-ancien-president-condamne-a-5-ans-ferme_255940.html\" target=\"_blank\" rel=\"noopener\">incarc\u00e9r\u00e9 mardi 21\u00a0octobre<\/a> \u00e0 la prison de la Sant\u00e9 \u00e0 Paris, apr\u00e8s sa condamnation <a href=\"https:\/\/www.huffingtonpost.fr\/politique\/article\/nicolas-sarkozy-face-a-la-justice-dans-le-dossier-libyen-le-point-sur-cette-affaire-tentaculaire_255198.html\" target=\"_blank\" rel=\"noopener\">dans l\u2019affaire libyenne<\/a>. Un \u00e9v\u00e9nement <a href=\"https:\/\/www.huffingtonpost.fr\/justice\/article\/nicolas-sarkozy-en-prison-ces-prochains-jours-avant-une-probable-liberation-conditionnelle_255809.html\" target=\"_blank\" rel=\"noopener\">in\u00e9dit<\/a>, puisque c\u2019est la premi\u00e8re fois dans l\u2019histoire qu\u2019un ancien pr\u00e9sident de la R\u00e9publique est envoy\u00e9 derri\u00e8re les barreaux.<\/p>\n<p class=\"asset asset-text\">Et pour lequel veut s\u2019impliquer son fils Louis Sarkozy, d\u00e9laissant un temps <a href=\"https:\/\/www.huffingtonpost.fr\/politique\/article\/municipales-2026-la-bourde-de-louis-sarkozy-pour-l-inauguration-de-son-local-de-campagne_256108.html\" target=\"_blank\" rel=\"noopener\">sa campagne \u00e0 la mairie de Menton pour venir soutenir son p\u00e8re<\/a>. \u00ab\u00a0Soyons nombreux \u00e0 venir exprimer notre soutien \u00e0 Nicolas Sarkozy ce 21\u00a0octobre \u00e0 8h30. Angle de la rue Pierre Gu\u00e9rin et rue de la Source\u00a0\u00bb, a-t-il publi\u00e9 sur son compte X ce samedi 18\u00a0octobre, en joignant \u00e0 son message un montage vid\u00e9o \u00e0 la gloire de celui qui a \u00e9t\u00e9 condamn\u00e9 <a href=\"https:\/\/www.huffingtonpost.fr\/politique\/article\/apres-la-condamnation-de-nicolas-sarkozy-pourquoi-les-indignations-en-proces-politique-ne-tiennent-pas_255287.html\" target=\"_blank\" rel=\"noopener\">pour association de malfaiteurs<\/a>.<\/p>\n<p class=\"asset asset-text\">L\u2019adresse du rendez-vous se situe au sein de la Villa Montmorency, r\u00e9sidence hupp\u00e9e (et ferm\u00e9e) du XVIe arrondissement o\u00f9 demeure la famille Sarkozy. Quant au clip, il se termine avec le slogan \u00ab\u00a0La fin de l\u2019histoire n\u2019est pas \u00e9crite\u00a0\u00bb, que les fid\u00e8les de Nicolas Sarkozy reproduisent \u00e0 l\u2019envi sur les r\u00e9seaux sociaux, diffusant <a href=\"https:\/\/www.huffingtonpost.fr\/politique\/article\/apres-la-condamnation-de-nicolas-sarkozy-pourquoi-les-indignations-en-proces-politique-ne-tiennent-pas_255287.html\" target=\"_blank\" rel=\"noopener\">la fable d\u2019une \u00ab\u00a0justice politique\u00a0\u00bb<\/a> s\u2019abattant sur l\u2019ex-patron de la droite.<\/p>\n<p class=\"asset asset-text\">Cit\u00e9 par BFMTV, l\u2019entourage de l\u2019ancien pr\u00e9sident relativise la port\u00e9e de l\u2019initiative prises par Louis Sarkozy. \u00ab\u00a0Il n\u2019y a \u00e9videmment rien d\u2019organis\u00e9, ce n\u2019est que la traduction d\u2019une vague d\u2019\u00e9motion que nous voyons depuis le 25 septembre sur les r\u00e9seaux sociaux face \u00e0 cette d\u00e9cision inou\u00efe d\u2019envoyer Nicolas Sarkozy en prison\u00a0\u00bb, assurent ses proches, pr\u00e9cisant que les fils de l\u2019int\u00e9ress\u00e9 \u00ab\u00a0r\u00e9agissent avec leur c\u0153ur et ne font que porter la voix de tous ces soutiens anonymes qui veulent t\u00e9moigner \u00e0 Nicolas Sarkozy affection et soutien\u00a0\u00bb.<\/p>\n<p> La lecture de ce contenu est susceptible d\u2019entra\u00eener un d\u00e9p\u00f4t de cookies de la part de l\u2019op\u00e9rateur tiers qui l\u2019h\u00e9berge. Compte-tenu des choix que vous avez exprim\u00e9s en mati\u00e8re de d\u00e9p\u00f4t de cookies, nous avons bloqu\u00e9 l\u2019affichage de ce contenu. Si vous souhaitez y acc\u00e9der, vous devez accepter la cat\u00e9gorie de cookies \u201cContenus tiers\u201d en cliquant sur le bouton ci-dessous. <\/p>\n<p> Lire la Vid\u00e9o        <\/p>\n<p class=\"asset asset-text\">L\u2019ancien chef de l\u2019\u00c9tat a \u00e9t\u00e9 reconnu coupable d\u2019association de malfaiteurs jeudi 25\u00a0septembre\u00a0<a href=\"https:\/\/www.huffingtonpost.fr\/politique\/article\/mort-de-ziad-takieddine-personnage-cle-du-proces-sarkozy-et-des-soupcons-de-financement-libyens_255169.html\" target=\"_blank\" rel=\"noopener\">dans l\u2019affaire des soup\u00e7ons de financements libyens<\/a>\u00a0de sa campagne pr\u00e9sidentielle de 2007. Nicolas Sarkozy, d\u00e9j\u00e0 condamn\u00e9 d\u00e9finitivement dans\u00a0<a href=\"https:\/\/www.huffingtonpost.fr\/justice\/article\/nicolas-sarkozy-definitivement-condamne-dans-l-affaire-paul-bismuth_243715.html\" target=\"_blank\" rel=\"noopener\">l\u2019affaire Bismuth<\/a>, a fait l\u2019objet d\u2019un mandat de d\u00e9p\u00f4t avec ex\u00e9cution provisoire en raison de la \u00ab\u00a0gravit\u00e9 exceptionnelle\u00a0\u00bb, des faits, \u00ab\u00a0de nature \u00e0 alt\u00e9rer la confiance des citoyens dans ceux qui les repr\u00e9sentent et sont cens\u00e9s agir dans le sens de l\u2019int\u00e9r\u00eat g\u00e9n\u00e9ral, mais aussi dans les institutions m\u00eames de la R\u00e9publique\u00a0\u00bb.<\/p>\n<p class=\"asset asset-text\">Dans ce dossier, plusieurs de ses proches collaborateurs de l\u2019\u00e9poque ont aussi \u00e9t\u00e9 condamn\u00e9s, \u00e0 l\u2019image de Claude Gu\u00e9ant ou Brice Hortefeux. Louis Sarkozy, comme ses fr\u00e8res, \u00e9tait pr\u00e9sent au tribunal lors de l\u2019annonce de la d\u00e9cision.<\/p>\n","protected":false},"excerpt":{"rendered":"XOSE BOUZAS \/ Hans Lucas via AFP Louis Sarkozy photographi\u00e9 au tribunal de Paris le 15\u00a0septembre. POLITIQUE &#8211;&hellip;\n","protected":false},"author":2,"featured_media":472362,"comment_status":"","ping_status":"","sticky":false,"template":"","format":"standard","meta":{"footnotes":""},"categories":[4],"tags":[11,1011,27,303,17927,12,3091,316,806,25],"class_list":{"0":"post-472361","1":"post","2":"type-post","3":"status-publish","4":"format-standard","5":"has-post-thumbnail","7":"category-france","8":"tag-actualites","9":"tag-fr","10":"tag-france","11":"tag-justice","12":"tag-louis-sarkozy","13":"tag-news","14":"tag-nicolas-sarkozy","15":"tag-politique","16":"tag-prison","17":"tag-republique-francaise"},"share_on_mastodon":{"url":"https:\/\/pubeurope.com\/@fr\/115394961079371154","error":""},"_links":{"self":[{"href":"https:\/\/www.europesays.com\/fr\/wp-json\/wp\/v2\/posts\/472361","targetHints":{"allow":["GET"]}}],"collection":[{"href":"https:\/\/www.europesays.com\/fr\/wp-json\/wp\/v2\/posts"}],"about":[{"href":"https:\/\/www.europesays.com\/fr\/wp-json\/wp\/v2\/types\/post"}],"author":[{"embeddable":true,"href":"https:\/\/www.europesays.com\/fr\/wp-json\/wp\/v2\/users\/2"}],"replies":[{"embeddable":true,"href":"https:\/\/www.europesays.com\/fr\/wp-json\/wp\/v2\/comments?post=472361"}],"version-history":[{"count":0,"href":"https:\/\/www.europesays.com\/fr\/wp-json\/wp\/v2\/posts\/472361\/revisions"}],"wp:featuredmedia":[{"embeddable":true,"href":"https:\/\/www.europesays.com\/fr\/wp-json\/wp\/v2\/media\/472362"}],"wp:attachment":[{"href":"https:\/\/www.europesays.com\/fr\/wp-json\/wp\/v2\/media?parent=472361"}],"wp:term":[{"taxonomy":"category","embeddable":true,"href":"https:\/\/www.europesays.com\/fr\/wp-json\/wp\/v2\/categories?post=472361"},{"taxonomy":"post_tag","embeddable":true,"href":"https:\/\/www.europesays.com\/fr\/wp-json\/wp\/v2\/tags?post=472361"}],"curies":[{"name":"wp","href":"https:\/\/api.w.org\/{rel}","templated":true}]}}