{"id":472365,"date":"2025-10-18T11:37:01","date_gmt":"2025-10-18T11:37:01","guid":{"rendered":"https:\/\/www.europesays.com\/fr\/472365\/"},"modified":"2025-10-18T11:37:01","modified_gmt":"2025-10-18T11:37:01","slug":"gael-perdriau-au-conseil-municipal-de-saint-etienne-et-si-cetait-sa-derniere-seance","status":"publish","type":"post","link":"https:\/\/www.europesays.com\/fr\/472365\/","title":{"rendered":"Ga\u00ebl Perdriau au conseil municipal de Saint-Etienne\u00a0: et si c&rsquo;\u00e9tait sa derni\u00e8re s\u00e9ance\u00a0?"},"content":{"rendered":"<p class=\"is-style-chapo\">Baroud d\u2019honneur en attendant que le rideau sur l\u2019\u00e9cran tombe ou r\u00e9elle foi en sa relaxe\u00a0le 1er d\u00e9cembre ? En pr\u00e9sence d\u2019un Ga\u00ebl Perdriau se voulant aussi \u00ab\u00a0serein\u00a0\u00bb que \u00ab\u00a0combatif\u00a0\u00bb, le premier conseil municipal de Saint-Etienne post <a href=\"https:\/\/www.if-saint-etienne.fr\/immobilier-vie-juridique\/chantage-le-proces\" target=\"_blank\" rel=\"noreferrer noopener\">proc\u00e8s<\/a> a \u00e9videmment \u00e9t\u00e9 aiguill\u00e9 par l\u2019affaire provoquant un d\u00e9but de s\u00e9ance tr\u00e8s mouvement\u00e9. Tellement que deux groupes d\u2019opposition l\u2019ont quitt\u00e9 au bout d\u20191 h 15. Derri\u00e8re une joute verbale dont le conseil est dramatiquement coutumier, le maire Ga\u00ebl Perdriau vient \u2013 peut-\u00eatre \u2013 de conna\u00eetre son ultime assembl\u00e9e communale. Selon ses propres <a href=\"https:\/\/www.if-saint-etienne.fr\/breves\/gael-perdriau-si-la-moindre-culpabilite-etait-retenue-contre-moi-je-demissionnerai-de-mes-mandats-des-le-delibere\" target=\"_blank\" rel=\"noreferrer noopener\">d\u00e9clarations<\/a>, ce sera le cas si condamnation il y a.<\/p>\n<p><img fetchpriority=\"high\" decoding=\"async\" width=\"1024\" height=\"576\" src=\"https:\/\/www.europesays.com\/fr\/wp-content\/uploads\/2025\/10\/20251013_121838-1024x576.jpg\" alt=\"\" class=\"wp-image-80751\"  \/>Ultime assembl\u00e9e municipale pour Ga\u00ebl Perdiau en cas de condamnation : \u00ab\u00a0Oui, j\u2019en ai conscience\u00a0\u00bb, a-t-il r\u00e9pondu \u00e0 la presse le matin pr\u00e9c\u00e9dant le conseil. \u00a9Xavier Alix \/ If Saint-Etienne<\/p>\n<p>D\u00e9tendu, souriant et \u2013 \u00e0 nouveau \u2013 s\u00fbr de lui.\u00a0Timbre de voix, d\u00e9bit, expression du visage\u2026 le contraste avec son ultime prise de parole face aux juges le 30 septembre au tribunal est saisissant. Saisissant et, semble-t-il, ma\u00eetris\u00e9\u2026 Le matin, confront\u00e9 \u00e0 la presse, puis, l\u2019apr\u00e8s-midi face aux interventions \u00ab\u00a0liminaires\u00a0\u00bb attendues des \u00e9lus d\u2019opposition, Ga\u00ebl Perdriau s\u2019est voulu \u00ab\u00a0serein\u00a0\u00bb, toujours aussi \u00ab\u00a0combatif\u00a0\u00bb, toujours \u00e0 clamer imperturbablement qu\u2019il n\u2019est pour rien dans les horreurs faites \u00e0 Gilles Artigues. Plus d\u2019un groupe d\u2019opposition lui avaient r\u00e9clam\u00e9 de se retirer de ses fonctions avant ce <a href=\"https:\/\/www.saint-etienne.fr\/seances-du-conseil-municipal\" target=\"_blank\" rel=\"noreferrer noopener\">conseil<\/a> municipal (au-del\u00e0 d\u2019une d\u00e9mission exig\u00e9e depuis 3 ans), au moins en attendant le rendu du jugement du <a href=\"https:\/\/www.if-saint-etienne.fr\/immobilier-vie-juridique\/chantage-le-proces\" target=\"_blank\" rel=\"noreferrer noopener\">proc\u00e8s<\/a>, fix\u00e9 au 1er d\u00e9cembre. Que la requ\u00eate fasse mouche aurait \u00e9t\u00e9 une surprise. Toute aussi saisissante.<\/p>\n<p>Dans l\u2019attente de la d\u00e9cision qui d\u00e9terminera son <a href=\"https:\/\/www.if-saint-etienne.fr\/immobilier-vie-juridique\/chantage-le-proces\/le-ministere-public-requiert-5-ans-demprisonnement-et-une-ineligibilite-immediate-envers-gael-perdriau\" target=\"_blank\" rel=\"noreferrer noopener\">avenir<\/a> politique <a href=\"https:\/\/www.if-saint-etienne.fr\/breves\/gael-perdriau-si-la-moindre-culpabilite-etait-retenue-contre-moi-je-demissionnerai-de-mes-mandats-des-le-delibere\" target=\"_blank\" rel=\"noreferrer noopener\">imm\u00e9diat<\/a> (et tr\u00e8s probablement d\u00e9finitif), \u00ab\u00a0confiant\u00a0\u00bb\u00a0puisqu\u2019\u00ab\u00a0innocent \u00bb, l\u2019int\u00e9ress\u00e9 a voulu envoyer le message que lui et son \u00e9quipe \u00e9taient imperturbablement au travail \u2013 96 d\u00e9lib\u00e9rations au menu de ce conseil qui, sans le proc\u00e8s, aurait eu lieu en septembre \u2013 \u00e0 la diff\u00e9rence d\u2019oppositions int\u00e9ress\u00e9es, dit-il, par la seule affaire, par pur \u00ab\u00a0int\u00e9r\u00eat politique\u00a0\u00bb\u00a0: \u00ab\u00a0Le conseil n\u2019est pas un tribunal. Ils n\u2019ont aucune proposition \u00e0 faire et se fichent bien des St\u00e9phanois donc ne parlent que de \u00e7a. A part Saint-Etienne Avant Tout (groupe de 9 \u00e9lus ayant quitt\u00e9 sa majorit\u00e9 en <a href=\"https:\/\/www.if-saint-etienne.fr\/politique-societe\/conseil-municipal-de-saint-etienne-autopsie-dun-chaos\" target=\"_blank\" rel=\"noreferrer noopener\">juin<\/a> 2024), pas un seul groupe d\u2019opposition n\u2019\u00e9tait repr\u00e9sent\u00e9 ce matin (lors de l\u2019habituelle r\u00e9union entre pr\u00e9sidents de groupes d\u2019avant conseil, Ndlr). Non, ce n\u2019est pas plus compliqu\u00e9 de travailler pour nous.\u00a0Regardez\u00a0: on vient de conna\u00eetre une belle F\u00eate du Livre. Eliminer Perdriau ne fait pas un projet municipal.\u00bb<\/p>\n<p>\u00ab\u00a0La v\u00e9rit\u00e9 est ailleurs\u00a0\u00bb<\/p>\n<blockquote>\n<p>Ils n\u2019ont aucune proposition \u00e0 faire et se fichent bien des St\u00e9phanois. Eliminer Perdriau ne fait pas un projet municipal. <\/p>\n<p>Ga\u00ebl Perdriau<\/p><\/blockquote>\n<p>Pas l\u00e0 ce matin car \u00ab\u00a0\u00e0 quoi bon\u00a0?\u00a0\u00bb, pour r\u00e9sumer la r\u00e9ponse quelques heures plus tard en s\u00e9ance publique d\u2019Isabelle Dumestre, pr\u00e9sidente de Saint-Etienne Demain (PS, alli\u00e9s et apparent\u00e9s)\u00a0: \u00ab\u00a0C\u2019est impossible d\u2019avoir un dialogue avec vous. Vous \u00eates dans le mensonge et ne laissez pas la parole \u00e0 votre interlocuteur.\u00bb Explication envoy\u00e9e en pleine entame tr\u00e8s mouvement\u00e9e du conseil. Le refus de se mettre en retrait sur le champ en confiant ses pouvoirs \u00e0 son 1er adjoint et la r\u00e9ponse globale de Ga\u00ebl Perdriau aux diff\u00e9rentes interventions \u00ab\u00a0liminaires\u00a0\u00bb de ses opposants a en effet provoqu\u00e9 deux interruptions de s\u00e9ance moins d\u2019une heure apr\u00e8s son lancement. Le maire a refus\u00e9 de poursuivre \u00ab\u00a0l\u2019\u00e9change\u00a0\u00bb avec Isabelle Dumestre, administrant coupures de micro et par cons\u00e9quence, une bonne dose de col\u00e8re \u00e0 l\u2019\u00e9lue d\u2019opposition. De quoi provoquer le d\u00e9part de son groupe aux c\u00f4t\u00e9s de celui des communistes, ces derniers ne souhaitant pas davantage \u00ab\u00a0\u00e9couter plusieurs heures d\u2019autosatisfaction\u00a0\u00bb alors que \u00ab\u00a0vous n\u2019avez pas la d\u00e9cence de vous retirer\u00a0pour ces 3 mois restant, accroch\u00e9 au pouvoir par l\u2019\u00e9nergie d\u00e9sespoir au nom de la pr\u00e9somption innocence \u00bb.<\/p>\n<p>Lui est rest\u00e9 dans la salle, avec son groupe, Le Temps de l\u2019Ecologie. Olivier Longeon avait, avant cela, (r) allum\u00e9\u00a0la m\u00e8che, le premier, sur l\u2019affaire : \u00ab\u00a0Que les St\u00e9phanoises et le St\u00e9phanois se souviennent\u00a0: pendant les 3 ann\u00e9es d\u2019instruction de l\u2019affaire de la sextape, le maire de la ville leur a promis un gros boum le jour du proc\u00e8s.\u00a0Je crois que nous l\u2019avons tous vu, ce fut un petit pschitt et pour lui un gros boum sur la t\u00eate.\u00a0Il avait promis de grandes r\u00e9v\u00e9lations, il a tent\u00e9 de dire que ce n\u2019\u00e9tait que complot. Une fois c\u2019\u00e9tait le complot d\u2019une partie de la droite. Une autre fois c\u2019\u00e9tait le complot de la gauche. Une autre fois encore, c\u2019\u00e9tait un complot ma\u00e7onnique, des accusations d\u2019ailleurs o\u00f9 nous avons cru revenir aux pires accusations de l\u2019histoire fran\u00e7aise et une nouvelle fois la v\u00e9rit\u00e9 est ailleurs.\u00a0\u00bb\u00a0(\u2026)<\/p>\n<p>\u00ab\u00a0Il y a bien eu\u2026\u00a0\u00bb<\/p>\n<p>\u00ab\u00a0Il y a bien eu un film intime capt\u00e9 en toute ill\u00e9galit\u00e9.\u00a0Il y a bien eu des gens qui l\u2019ont vu.\u00a0Il y a bien eu des gens qui s\u2019en sont servi.\u00a0Il y a bien eu dans cette ville, des gens qui en ont parl\u00e9 entre eux.\u00a0Il y a bien eu \u00e0 Saint-Etienne des subventions \u00e0 des associations dont on pense qu\u2019elles ne servaient pas \u00e0 ce \u00e0 quoi elles \u00e9taient destin\u00e9es.\u00a0(\u2026) Allez sur les march\u00e9s, dans les rues, dans les transports en commun, dans les commerces de la ville. Je parle bien d\u2019aller dans Saint-Etienne et pas d\u2019aller faire ses courses \u00e0 Steel ou dans les autres centres p\u00e9riph\u00e9riques. Rencontrez les St\u00e9phanoises et les St\u00e9phanois, leur conviction est faite. Plus beaucoup qui vous disent, droit dans les yeux, qu\u2019il ne s\u2019est rien pass\u00e9. Une majorit\u00e9 qui accuse, et dit avec ses mots \u00ab dehors \u00bb.\u00a0\u00bb\u00a0\u00a0<\/p>\n<p><img loading=\"lazy\" decoding=\"async\" width=\"1024\" height=\"576\" src=\"https:\/\/www.europesays.com\/fr\/wp-content\/uploads\/2025\/10\/thumbnail_20251013_143434-1024x576.jpg\" alt=\"\" class=\"wp-image-80753\"  \/>Il s\u2019agit, peut-\u00eatre, de la derni\u00e8re image de Ga\u00ebl Perdriau, pr\u00e9sidant un conseil municipal st\u00e9phanois. \u00a9Xavier Alix \/ If Saint-Etienne<\/p>\n<p>Isabelle Dumestre avait enchain\u00e9\u00a0: \u00ab\u00a0En attendant cette d\u00e9livrance, en ce conseil municipal si particulier, nous voulons nous adresser aux St\u00e9phanoises et aux St\u00e9phanois. Nous voulons leur dire que nous sommes, tout comme eux, atterr\u00e9s, \u00e9c\u0153ur\u00e9s, d\u00e9go\u00fbt\u00e9s, par le grand d\u00e9ballage auquel nous avons pu assister lors de ce proc\u00e8s. (\u2026) Nous voulons leur dire clairement que non, la gestion d\u2019une ville, ce n\u2019est pas \u00e7a. (\u2026) Que tout n\u2019est pas que vulgarit\u00e9, intimidations, manipulations, trahisons et coups bas, derri\u00e8re les murs d\u2019un H\u00f4tel de Ville, en temps normal.\u00a0\u00bb<\/p>\n<p>\u00ab\u00a0Torrent de boue\u00a0\u00bb<\/p>\n<p>Elle poursuivait\u00a0: \u00ab\u00a0Voil\u00e0 2 ans qu\u2019on nous promettait, dans cette enceinte, des r\u00e9v\u00e9lations fracassantes, que la \u00ab vraie v\u00e9rit\u00e9 \u00bb allait \u00eatre enfin r\u00e9v\u00e9l\u00e9e\u2026 Mais, le \u00ab\u00a0grand boum\u00a0\u00bb tant annonc\u00e9 n\u2019a pas eu lieu. (\u2026) Et, au final, la seule chose qui aura fait \u00ab\u00a0boum\u00a0\u00bb, c\u2019est le bruit des r\u00e9quisitions. De la prison ferme requise. Plusieurs ann\u00e9es. De l\u2019in\u00e9ligibilit\u00e9 requise, \u00e0 titre ex\u00e9cutoire. \u00c0 ce stade, vous demeurez pr\u00e9sum\u00e9 innocent. Mais il faut que vous et vos soutiens commenciez \u00e0 l\u2019entendre : nous ne sommes plus dans les r\u00e9v\u00e9lations d\u2019une \u00ab\u00a0certaine presse \u00bb ou dans \u00ab des ragots de torchons \u00bb. Nous ne sommes plus dans une histoire orient\u00e9e par les fuites du secret de l\u2019instruction.\u00a0Il y a eu enqu\u00eate. Aux conclusions accablantes. Il y a eu un proc\u00e8s. Au contenu accablant. Il y a eu des <a href=\"https:\/\/www.if-saint-etienne.fr\/immobilier-vie-juridique\/chantage-le-proces\/le-ministere-public-requiert-5-ans-demprisonnement-et-une-ineligibilite-immediate-envers-gael-perdriau\" target=\"_blank\" rel=\"noreferrer noopener\">r\u00e9quisitions<\/a>.\u00a0\u00bb<\/p>\n<blockquote>\n<p>Je ne devrais pas parler de l\u2019affaire cet apr\u00e8s-midi mais votre pr\u00e9sence y oblige. Votre obsession \u00e0 rester est une faute. <\/p>\n<p>Lionel Boucher, \u00e9lu UDI d\u2019opposition<\/p><\/blockquote>\n<p>Sa strat\u00e9gie de d\u00e9fense, estime Isabelle Dumestre, \u00ab\u00a0s\u2019est jusqu\u2019ici r\u00e9sum\u00e9e \u00e0 d\u00e9verser un torrent de boue sur toutes celles et ceux qui ne vont pas dans votre sens\u00a0: la presse, les policiers, les juges, les avocats, les victimes, vos alli\u00e9s d\u2019hier ou vos opposants des prochaines \u00e9lections.\u00a0\u00bb Ex adjoint UDI du maire Lionel Boucher embrayait\u00a0: \u00ab\u00a0Il est temps de tourner cette page sordide de 3 ans qui a abim\u00e9 l\u2019image de Saint-Etienne, et je le crains, pour plus que 3 ans. J\u2019ai d\u00e9fendu une victime et l\u2019ai <a href=\"https:\/\/www.if-saint-etienne.fr\/politique\/lionel-boucher-gael-perdriau-a-donne-le-coup-denvoi-des-municipales-2026\" target=\"_blank\" rel=\"noreferrer noopener\">pay\u00e9<\/a> cher\u2026 L\u2019essentiel est ailleurs\u00a0: Gilles Artigues est une victime et c\u2019est un fait incontest\u00e9.\u00a0Je ne devrais pas parler de l\u2019affaire cet apr\u00e8s-midi mais votre pr\u00e9sence y oblige. Votre obsession \u00e0 rester est une faute. Nous appelons (apr\u00e8s les \u00e9lections, Ndlr) \u00e0 revenir \u00e0 des conseils mensuels, \u00e0 l\u2019ordre du jour raisonnable, permettant de vraiment discuter des d\u00e9cisions et \u00e0 une place plus respectueuse de l\u2019opposition. Un maire, une \u00e9quipe ne doit pas dominer mais servir, et agir sans \u00e9craser.\u00a0\u00bb<\/p>\n<p>\u00ab\u00a0Votre pr\u00e9sence est une perte de temps\u00a0\u00bb<\/p>\n<p>Nicole Peycelon, pr\u00e9sidente du groupe Saint-Etienne Avant Tout, associait aussi sa pr\u00e9sence persistante \u00e0 une provocation st\u00e9rilisante\u00a0: \u00ab\u00a0Votre pr\u00e9sence est une perte de temps, source de joutes oratoires. Si vous vous \u00e9tiez retir\u00e9 comme demand\u00e9, attendre que Justice se fasse se serait fait dans la s\u00e9r\u00e9nit\u00e9. Nous pourrions d\u00e9battre des d\u00e9lib\u00e9rations tranquillement, dans l\u2019int\u00e9r\u00eat des St\u00e9phanois.\u00a0\u00bb Et Julie Tokhi (EELV) de passer la derni\u00e8re couche. Sans vernis\u00a0: \u00ab\u00a0Ce qu\u2019on retiendra, c\u2019est que 3 ans n\u2019auront pas suffi pour construire un r\u00e9cit alternatif parce que celui-ci n\u2019existait pas. Dans l\u2019affaire Virenque, ma\u00eetre Collard avait une enveloppe qu\u2019il brandissait devant les m\u00e9dias en disant qu\u2019il l\u2019ouvrirait le jour du proc\u00e8s pour r\u00e9v\u00e9ler la vraie v\u00e9rit\u00e9. Au proc\u00e8s du dopage, il n\u2019y avait plus d\u2019enveloppe car celle-ci \u00e9tait vide, et Richard Virenque a pu d\u00e9couvrir que les avocats ne peuvent pas l\u2019impossible.\u00a0\u00bb<\/p>\n<blockquote>\n<p>Ce qu\u2019on retiendra, c\u2019est que 3 ans n\u2019auront pas suffi pour construire un r\u00e9cit alternatif parce que celui-ci n\u2019existait pas.<\/p>\n<p>Julie Tokhi, \u00e9lue d\u2019opposition EELV<\/p><\/blockquote>\n<p>Elle appelait la trentaine d\u2019\u00e9lus composant\u00a0encore la majorit\u00e9 de Ga\u00ebl Perdriau \u00e0 le quitter, dans un sursaut, l\u00e0, sur le champ. Le pr\u00e9 est rest\u00e9 plein et le dernier carr\u00e9 ira, semble-t-il, bel et bien et jusqu\u2019au bout. Ce bout-l\u00e0 sera-t-il cependant le 1er d\u00e9cembre en cas\u00a0de Waterloo ou au-del\u00e0, m\u00eame dans le cas o\u00f9 il serait priv\u00e9 de leur leader\u00a0? \u00ab\u00a0D\u2019autres prises de parole\u00a0?\u00a0\u00bb, questionnait, lui, Ga\u00ebl Perdriau apr\u00e8s avoir patiemment \u00e9cout\u00e9, un \u00e0 un, ses adversaires. A leurs diatribes \u00e9coul\u00e9es suivait la sienne, faisant faire part de son propre constat, parfois arm\u00e9 d\u2019un sourire en coin\u00a0: les boums promis ont bien eu lieu et ils ont \u00e9t\u00e9 retentissants, estime-t-il\u00a0:\u00a0\u00ab\u00a0On pourrait en citer quatre et bien d\u2019autres encore.\u00a0\u00bb Et de passer en revue, puisque la presse les aurait tues, ces \u00ab\u00a0preuves mat\u00e9rielles\u00a0\u00bb dont le camp d\u2019en face serait, lui, priv\u00e9.<\/p>\n<p>\u00ab\u00a0Les St\u00e9phanois attendent de nous du travail\u00ab\u00a0<\/p>\n<p>\u00ab\u00a0J\u2019ai d\u00e9cid\u00e9 de me mettre en retrait M\u00e9tropole et on n\u2019y a jamais autant parl\u00e9 de moi que depuis que je n\u2019y si\u00e8ge plus. Tant que la Justice ne m\u2019a pas condamn\u00e9, d\u00e9finitivement (sic), je demeure pr\u00e9sum\u00e9 innocent. (\u2026) Je suis innocent. D\u2019ailleurs Mme la procureure a dit qu\u2019elle ne souhaitait pas de demi-mesure\u00a0: relaxe totale ou forte condamnation. (\u2026) Vous avez tous regrett\u00e9 que nous abordions cette affaire avant les 100 dossiers qui nous rassemblent et la mettez quand m\u00eame sur le tapis, c\u2019est plus fort que vous pour certains.\u00a0\u00bb Des interventions qu\u2019il qualifie \u00ab\u00a0pleines de morales, pleines de m\u00e9pris mais rarement de v\u00e9rit\u00e9.\u00a0Il ne faut jamais se r\u00e9jouir des difficult\u00e9s de sa ville, les amplifier pour des raisons politiques. Les St\u00e9phanois attendent de nous du travail, pas du th\u00e9\u00e2tre. \u00bb<\/p>\n<blockquote>\n<p>Des faits \u00e9tablis qui posent question dont les preuves mat\u00e9rielles ont \u00e9t\u00e9 d\u00e9pos\u00e9es \u00e0 la Justice et sur lesquels la presse a \u00e9t\u00e9 d\u2019une discr\u00e9tion qui interroge.\u00a0<\/p>\n<p>Ga\u00ebl Perdriau<\/p><\/blockquote>\n<p>Et de trouver \u00ab\u00a0cocasse que le candidat PS \u00e0 la mairie de Saint-Etienne R\u00e9gis Juanico, organise prochainement un atelier sur l\u2019\u00e9thique, la probit\u00e9 et l\u2019exemplarit\u00e9 des \u00e9lus. Il n\u2019est pas vraiment le mieux plac\u00e9 pour en parler compte tenu du faux t\u00e9moignage qu\u2019il a prononc\u00e9 devant la Justice apr\u00e8s avoir pr\u00eat\u00e9 serment.\u00a0\u00bb G. Perdriau a bien pr\u00e9par\u00e9 sa propre \u00ab\u00a0liste\u00a0\u00bb\u00a0: celle \u00ab\u00a0des faits \u00e9tablis qui posent question dont les preuves mat\u00e9rielles ont \u00e9t\u00e9 d\u00e9pos\u00e9es \u00e0 la Justice et sur lesquels la presse a \u00e9t\u00e9 d\u2019une discr\u00e9tion qui interroge\u00a0\u00bb. Alors (re) voil\u00e0 ces \u00ab\u00a0boums\u00a0\u00bb que notre r\u00e9daction, comme d\u2019autres, ont d\u00e9j\u00e0 cit\u00e9s\u00a0: \u00ab\u00a0R\u00e9gis Juanico a eu connaissance de la vid\u00e9o intime au moins \u00e0 partir d\u00e8s f\u00e9vrier 2022, six mois avant la parution de Mediapart, et pourtant pas fait appel \u00e0 l\u2019article <a href=\"https:\/\/www.plus.transformation.gouv.fr\/experiences\/4676491_fonctionnaire-et-article-40-du-code-penal#:~:text=%C2%AB%20Toute%20autorit%C3%A9%20constitu%C3%A9e%2C%20tout%20officier,du%20code%20de%20proc%C3%A9dure%20p%C3%A9nale).\" target=\"_blank\" rel=\"noreferrer noopener\">40<\/a>. Pourquoi\u00a0? Peut-\u00eatre parce que c\u2019est ami proche de Gilles Rossary-Lenglet avec qui il \u00e9changeait sur messagerie crypt\u00e9e. Il a pr\u00e9f\u00e9r\u00e9 en faire un usage politique. (\u2026) Lionel Boucher avait lui aussi eu connaissance de la vid\u00e9o intime d\u00e8s 2018. Il n\u2019a rien fait aussi. Pourquoi\u00a0? Je ne lui en veux pas\u00a0: il avait les m\u00eames raisons que moi.\u00a0\u00bb<\/p>\n<p>Claquage de porte<\/p>\n<p>3 ans que \u00ab\u00a0je r\u00e9p\u00e8te que je croyais Gilles Artigues consentant (\u00e0 propos du filmage \u00e0 son insu du massage) et non une victime abus\u00e9e. Il a d\u2019ailleurs reconnu avoir \u00e9t\u00e9 consentant. Cela n\u2019enl\u00e8ve rien \u00e0 l\u2019atteinte de sa vie priv\u00e9e, que je condamne. Certains se sont r\u00e9jouis publiquement de l\u2019\u00e9pisode unique o\u00f9 j\u2019ai \u00e9t\u00e9 conspu\u00e9 dans un restaurant. Gr\u00e2ce au dossier, nous savons que ce n\u2019\u00e9tait pas n\u2019importe o\u00f9\u00a0: le g\u00e9rant cachait chez lui des vid\u00e9os remises par Gilles Rossary-Lenglet \u00e0 M\u00e9diapart, qu\u2019il voulait cacher \u00e0 la police lors des perquisitions. Cela s\u2019appelle une dissimulation de preuves. Si ces quatre informations \u2013 il y en a bien d\u2019autres \u2013 ne font pas boum, Mme Dumestre, c\u2019est qu\u2019elles ne vous \u00e9tonnent pas, donc que vous les connaissiez. J\u2019en tire les m\u00eames conclusions qu\u2019avec R\u00e9gis Juanico et Lionel Boucher. (\u2026) Le 1er d\u00e9cembre, la Justice rendra sa d\u00e9cision, je m\u2019y soumettrai. En attendant, je continuerai \u00e0 faire mon travail.\u00a0\u00bb<\/p>\n<p>L\u2019attaque sur la probit\u00e9 de R\u00e9gis Juanico, celle des oppositions en g\u00e9n\u00e9ral et la volont\u00e9 de passer imm\u00e9diatement \u00e0 l\u2019ordre du jour en sifflant la fin pr\u00e9matur\u00e9e de la partie de ping pong, quitte \u00e0 couper le micro d\u2019une Isabelle Dumestre, et provoquer sa col\u00e8re, ont donc donn\u00e9 lieu \u00e0 deux interruptions de s\u00e9ance. Avant le d\u00e9part de la salle des groupes Saint-Etienne Demain et communistes puis dans la foul\u00e9e, l\u2019annonce d\u2019une <a href=\"https:\/\/www.if-saint-etienne.fr\/breves\/regis-juanico-va-porter-plainte-contre-gael-perdriau-pour-diffamation\" target=\"_blank\" rel=\"noreferrer noopener\">plainte<\/a> pour diffamation de la part de R\u00e9gis Juanico envers Ga\u00ebl Perdriau\u2026 Au moins une observation mettra l\u2019ensemble de la sc\u00e8ne parfaitement d\u2019accord\u00a0: tout cela n\u2019a que trop dur\u00e9.<\/p>\n","protected":false},"excerpt":{"rendered":"Baroud d\u2019honneur en attendant que le rideau sur l\u2019\u00e9cran tombe ou r\u00e9elle foi en sa relaxe\u00a0le 1er d\u00e9cembre&hellip;\n","protected":false},"author":2,"featured_media":472366,"comment_status":"","ping_status":"","sticky":false,"template":"","format":"standard","meta":{"footnotes":""},"categories":[9653],"tags":[1111,11,2430,8841,41208,36219,33268,1777,674,1011,27,12242,12,25,4001,48100,15880],"class_list":{"0":"post-472365","1":"post","2":"type-post","3":"status-publish","4":"format-standard","5":"has-post-thumbnail","7":"category-saint-etienne","8":"tag-actu","9":"tag-actualites","10":"tag-auvergne-rhone-alpes","11":"tag-chantage","12":"tag-chantage-a-la-video-intime","13":"tag-conseil-municipal-de-saint-etienne","14":"tag-corrosif","15":"tag-eu","16":"tag-europe","17":"tag-fr","18":"tag-france","19":"tag-gael-perdriau","20":"tag-news","21":"tag-republique-francaise","22":"tag-saint-etienne","23":"tag-sextape","24":"tag-ville-de-saint-etienne"},"share_on_mastodon":{"url":"https:\/\/pubeurope.com\/@fr\/115394972972908887","error":""},"_links":{"self":[{"href":"https:\/\/www.europesays.com\/fr\/wp-json\/wp\/v2\/posts\/472365","targetHints":{"allow":["GET"]}}],"collection":[{"href":"https:\/\/www.europesays.com\/fr\/wp-json\/wp\/v2\/posts"}],"about":[{"href":"https:\/\/www.europesays.com\/fr\/wp-json\/wp\/v2\/types\/post"}],"author":[{"embeddable":true,"href":"https:\/\/www.europesays.com\/fr\/wp-json\/wp\/v2\/users\/2"}],"replies":[{"embeddable":true,"href":"https:\/\/www.europesays.com\/fr\/wp-json\/wp\/v2\/comments?post=472365"}],"version-history":[{"count":0,"href":"https:\/\/www.europesays.com\/fr\/wp-json\/wp\/v2\/posts\/472365\/revisions"}],"wp:featuredmedia":[{"embeddable":true,"href":"https:\/\/www.europesays.com\/fr\/wp-json\/wp\/v2\/media\/472366"}],"wp:attachment":[{"href":"https:\/\/www.europesays.com\/fr\/wp-json\/wp\/v2\/media?parent=472365"}],"wp:term":[{"taxonomy":"category","embeddable":true,"href":"https:\/\/www.europesays.com\/fr\/wp-json\/wp\/v2\/categories?post=472365"},{"taxonomy":"post_tag","embeddable":true,"href":"https:\/\/www.europesays.com\/fr\/wp-json\/wp\/v2\/tags?post=472365"}],"curies":[{"name":"wp","href":"https:\/\/api.w.org\/{rel}","templated":true}]}}