{"id":472367,"date":"2025-10-18T11:38:17","date_gmt":"2025-10-18T11:38:17","guid":{"rendered":"https:\/\/www.europesays.com\/fr\/472367\/"},"modified":"2025-10-18T11:38:17","modified_gmt":"2025-10-18T11:38:17","slug":"saint-etienne-le-mans-les-compositions-probables","status":"publish","type":"post","link":"https:\/\/www.europesays.com\/fr\/472367\/","title":{"rendered":"Saint-\u00c9tienne Le Mans : Les compositions probables"},"content":{"rendered":"<p style=\"text-align: justify;\" align=\"justify\"><strong>LIGUE 2 2025-2026 \u2013 Selon L\u2019\u00c9quipe, voici les compositions probables du match entre Saint-\u00c9tienne et Le Mans pr\u00e9vu ce samedi.<\/strong><\/p>\n<p style=\"text-align: justify;\">Apr\u00e8s sa d\u00e9faite \u00e0 domicile face \u00e0 <strong>Guingamp<\/strong>, <strong>Saint-\u00c9tienne<\/strong> a retrouv\u00e9 le chemin de la victoire avant la tr\u00eave internationale en disposant de Montpellier sur le score de 2 \u00e0 0. <strong>Le<\/strong> <strong>Mans<\/strong> reste de son c\u00f4t\u00e9 sur un match nul deux partout face \u00e0 Troyes, gr\u00e2ce \u00e0 une \u00e9galisation tardive de <strong>Lucas<\/strong> <strong>Calodat<\/strong>.<\/p>\n<p style=\"text-align: justify;\">Saint-\u00c9tienne devrait aligner du classique pour ce match, avec <strong>Lucas<\/strong> <strong>Stassin<\/strong> en pointe, qui sera accompagn\u00e9 de <strong>Zuriko<\/strong> <strong>Davitashvili<\/strong> et <strong>Augustine<\/strong> <strong>Boakye<\/strong>. Au milieu de terrain, <strong>Igor<\/strong> <strong>Miladinovi\u0107<\/strong> devrait d\u00e9buter avec <strong>Florian<\/strong> <strong>Tardieu<\/strong> et <strong>Mahmoud<\/strong> <strong>Jaber<\/strong>.<\/p>\n<p style=\"text-align: justify;\"><strong>Le<\/strong> <strong>Mans<\/strong> va reconduire son 3-5-2 pour ce choc face \u00e0 <strong>Saint-\u00c9tienne<\/strong>. <strong>Martin<\/strong> <strong>Rossignol<\/strong>, absent face \u00e0 <strong>Troyes<\/strong> avant la tr\u00eave internationale, devrait faire son retour dans le onze de d\u00e9part. Pour le reste, la composition devrait ressembler \u00e0 celle \u00e0 aligner il y a quinze jours.<\/p>\n<p>La composition probable de Saint-\u00c9tienne<\/p>\n<p style=\"text-align: justify;\">Larsonneur \u2013 Ma\u00e7on, Ferreira, Nad\u00e9, Annan \u2013 Jaber, Miladinovic, Tardieu \u2013 Boakye, Stassin, Davitashvili<\/p>\n<p>La composition probable de Le Mans<\/p>\n<p style=\"text-align: justify;\">Kocik \u2013 Voyer, Yohou, Eyoum \u2013 Buades, Robin, Quarshie, Rossignol, Calodat \u2013 Rabillard, Gueye<\/p>\n<p>Les cotes de Saint-\u00c9tienne Le Mans<\/p>\n<tr style=\"height: 16px;\">\n<td style=\"background-color: #404040; border-color: #ededed; width: 840px; text-align: left;\" colspan=\"3\"><strong><img loading=\"lazy\" decoding=\"async\" class=\"alignnone wp-image-512842 perfmatters-lazy\" alt=\"\" width=\"14\" height=\"13\" src=\"https:\/\/www.europesays.com\/fr\/wp-content\/uploads\/2025\/05\/Logo-Winamax.png\"  data-\/> Samedi 18 octobre, 20h00<\/strong><\/td>\n<\/tr>\n<tr style=\"height: 24px;\">\n<td style=\"background-color: #ffffff; border-color: #ededed; vertical-align: middle; text-align: center; width: 266px;\"><strong>Saint-\u00c9tienne<br \/><\/strong><a href=\"https:\/\/www.winamax.fr\/paris-sportifs\/match\/61527518?banid=33423\" class=\"su-button su-button-style-flat su-button-wide\" style=\"color:#000;background-color:#00ffcf;border-color:#00cca6;border-radius:5px\" target=\"_blank\" rel=\"noopener noreferrer\"> 1.49<\/a><\/td>\n<td style=\"background-color: #ffffff; border-color: #ededed; vertical-align: middle; text-align: center; width: 266px;\"><strong>Match nul<\/strong><br \/><a href=\"https:\/\/www.winamax.fr\/paris-sportifs\/match\/61527518?banid=33423\" class=\"su-button su-button-style-flat su-button-wide\" style=\"color:#000;background-color:#00ffcf;border-color:#00cca6;border-radius:5px\" target=\"_blank\" rel=\"noopener noreferrer\"> 4.20<\/a><\/td>\n<td style=\"background-color: #ffffff; border-color: #ededed; vertical-align: middle; text-align: center; width: 266px;\"><strong>Le Mans<\/strong><br \/><a href=\"https:\/\/www.winamax.fr\/paris-sportifs\/match\/61527518?banid=33423\" class=\"su-button su-button-style-flat su-button-wide\" style=\"color:#000;background-color:#00ffcf;border-color:#00cca6;border-radius:5px\" target=\"_blank\" rel=\"noopener noreferrer\"> 5.40<\/a><\/td>\n<\/tr>\n<p style=\"text-align: justify;\">Tentez votre chance en profitant de votre <a href=\"https:\/\/www.winamax.fr\/registration\/landing\/affiliation_Bonus100?banid=33423\" target=\"_blank\" rel=\"noopener\">1er d\u00e9p\u00f4t doubl\u00e9 jusqu\u2019\u00e0 100 \u20ac<\/a> direct en paris gratuits sur Winamax !<\/p>\n","protected":false},"excerpt":{"rendered":"LIGUE 2 2025-2026 \u2013 Selon L\u2019\u00c9quipe, voici les compositions probables du match entre Saint-\u00c9tienne et Le Mans pr\u00e9vu&hellip;\n","protected":false},"author":2,"featured_media":472368,"comment_status":"","ping_status":"","sticky":false,"template":"","format":"standard","meta":{"footnotes":""},"categories":[9653],"tags":[1111,11,2430,2113,1777,674,63,1011,27,2191,12,25,4001],"class_list":{"0":"post-472367","1":"post","2":"type-post","3":"status-publish","4":"format-standard","5":"has-post-thumbnail","7":"category-saint-etienne","8":"tag-actu","9":"tag-actualites","10":"tag-auvergne-rhone-alpes","11":"tag-breve","12":"tag-eu","13":"tag-europe","14":"tag-football","15":"tag-fr","16":"tag-france","17":"tag-le-mans","18":"tag-news","19":"tag-republique-francaise","20":"tag-saint-etienne"},"share_on_mastodon":{"url":"https:\/\/pubeurope.com\/@fr\/115394976519442201","error":""},"_links":{"self":[{"href":"https:\/\/www.europesays.com\/fr\/wp-json\/wp\/v2\/posts\/472367","targetHints":{"allow":["GET"]}}],"collection":[{"href":"https:\/\/www.europesays.com\/fr\/wp-json\/wp\/v2\/posts"}],"about":[{"href":"https:\/\/www.europesays.com\/fr\/wp-json\/wp\/v2\/types\/post"}],"author":[{"embeddable":true,"href":"https:\/\/www.europesays.com\/fr\/wp-json\/wp\/v2\/users\/2"}],"replies":[{"embeddable":true,"href":"https:\/\/www.europesays.com\/fr\/wp-json\/wp\/v2\/comments?post=472367"}],"version-history":[{"count":0,"href":"https:\/\/www.europesays.com\/fr\/wp-json\/wp\/v2\/posts\/472367\/revisions"}],"wp:featuredmedia":[{"embeddable":true,"href":"https:\/\/www.europesays.com\/fr\/wp-json\/wp\/v2\/media\/472368"}],"wp:attachment":[{"href":"https:\/\/www.europesays.com\/fr\/wp-json\/wp\/v2\/media?parent=472367"}],"wp:term":[{"taxonomy":"category","embeddable":true,"href":"https:\/\/www.europesays.com\/fr\/wp-json\/wp\/v2\/categories?post=472367"},{"taxonomy":"post_tag","embeddable":true,"href":"https:\/\/www.europesays.com\/fr\/wp-json\/wp\/v2\/tags?post=472367"}],"curies":[{"name":"wp","href":"https:\/\/api.w.org\/{rel}","templated":true}]}}