{"id":472377,"date":"2025-10-18T11:43:11","date_gmt":"2025-10-18T11:43:11","guid":{"rendered":"https:\/\/www.europesays.com\/fr\/472377\/"},"modified":"2025-10-18T11:43:11","modified_gmt":"2025-10-18T11:43:11","slug":"les-eleveurs-face-a-la-gestion-pastorale-et-labreuvement-en-zones-humides","status":"publish","type":"post","link":"https:\/\/www.europesays.com\/fr\/472377\/","title":{"rendered":"Les \u00e9leveurs face \u00e0 la gestion pastorale et l\u2019abreuvement en zones humides"},"content":{"rendered":"<p>\n                                                                Le Conservatoire d\u2019espaces naturels d\u2019Occitanie (CEN) organise mardi 21\u00a0octobre 2025, de 14\u00a0h \u00e0 17\u00a0h, une rencontre technique. Le but\u00a0: int\u00e9grer les enjeux de pr\u00e9servation de l\u2019eau et des milieux dans les projets.\n                            <\/p>\n<p>Le Conservatoire d\u2019espaces naturels d\u2019Occitanie (CEN) organise mardi 21\u00a0octobre, de 14\u00a0heures \u00e0 17\u00a0heures, une rencontre technique sur le terrain pour aider \u00e0 la d\u00e9finition de projets durables en lien avec l\u2019abreuvement du b\u00e9tail en zones humides.<\/p>\n<p>Partage d\u2019informations et retours d\u2019exp\u00e9riences<\/p>\n<p>Cette rencontre d\u00e9di\u00e9e aux \u00e9leveurs a pour objet de partager informations et retours d\u2019exp\u00e9riences d\u2019\u00e9leveurs autour de cas concrets sur deux tourbi\u00e8res du plateau de Charpal, sur la commune d\u2019Arzenc-de-Randon.<\/p>\n<p>Session organis\u00e9e dans le cadre de l\u2019animation du r\u00e9seau Zones humides \u2013 SAGNE 48 \u2013 cellule d\u2019assistance technique aux zones humides port\u00e9e par le CEN Occitanie en Loz\u00e8re, avec l\u2019appui financier des Agences de l\u2019eau Adour Garonne et Loire Bretagne, de l\u2019Union europ\u00e9enne et du d\u00e9partement de la Loz\u00e8re.<\/p>\n<p>Rendez-vous \u00e0 14\u00a0heures, au carrefour des 4 chemins, \u00e0 Pelouse. Gratuit, inscriptions obligatoires avant le 20\u00a0octobre, aupr\u00e8s d\u2019Anne R\u00e9mond, au 06\u00a012\u00a030\u00a027\u00a058 ou anne.remond@cen-occitanie.org<\/p>\n","protected":false},"excerpt":{"rendered":"Le Conservatoire d\u2019espaces naturels d\u2019Occitanie (CEN) organise mardi 21\u00a0octobre 2025, de 14\u00a0h \u00e0 17\u00a0h, une rencontre technique. Le&hellip;\n","protected":false},"author":2,"featured_media":472378,"comment_status":"","ping_status":"","sticky":false,"template":"","format":"standard","meta":{"footnotes":""},"categories":[9599],"tags":[1111,11,1777,674,1011,27,2208,12,2680,25],"class_list":{"0":"post-472377","1":"post","2":"type-post","3":"status-publish","4":"format-standard","5":"has-post-thumbnail","7":"category-montpellier","8":"tag-actu","9":"tag-actualites","10":"tag-eu","11":"tag-europe","12":"tag-fr","13":"tag-france","14":"tag-montpellier","15":"tag-news","16":"tag-occitanie","17":"tag-republique-francaise"},"share_on_mastodon":{"url":"https:\/\/pubeurope.com\/@fr\/115394996117556724","error":""},"_links":{"self":[{"href":"https:\/\/www.europesays.com\/fr\/wp-json\/wp\/v2\/posts\/472377","targetHints":{"allow":["GET"]}}],"collection":[{"href":"https:\/\/www.europesays.com\/fr\/wp-json\/wp\/v2\/posts"}],"about":[{"href":"https:\/\/www.europesays.com\/fr\/wp-json\/wp\/v2\/types\/post"}],"author":[{"embeddable":true,"href":"https:\/\/www.europesays.com\/fr\/wp-json\/wp\/v2\/users\/2"}],"replies":[{"embeddable":true,"href":"https:\/\/www.europesays.com\/fr\/wp-json\/wp\/v2\/comments?post=472377"}],"version-history":[{"count":0,"href":"https:\/\/www.europesays.com\/fr\/wp-json\/wp\/v2\/posts\/472377\/revisions"}],"wp:featuredmedia":[{"embeddable":true,"href":"https:\/\/www.europesays.com\/fr\/wp-json\/wp\/v2\/media\/472378"}],"wp:attachment":[{"href":"https:\/\/www.europesays.com\/fr\/wp-json\/wp\/v2\/media?parent=472377"}],"wp:term":[{"taxonomy":"category","embeddable":true,"href":"https:\/\/www.europesays.com\/fr\/wp-json\/wp\/v2\/categories?post=472377"},{"taxonomy":"post_tag","embeddable":true,"href":"https:\/\/www.europesays.com\/fr\/wp-json\/wp\/v2\/tags?post=472377"}],"curies":[{"name":"wp","href":"https:\/\/api.w.org\/{rel}","templated":true}]}}