{"id":472379,"date":"2025-10-18T11:44:16","date_gmt":"2025-10-18T11:44:16","guid":{"rendered":"https:\/\/www.europesays.com\/fr\/472379\/"},"modified":"2025-10-18T11:44:16","modified_gmt":"2025-10-18T11:44:16","slug":"direct-dunkerque-mhsc-au-nord-montpellier-veut-trouver-son-cap-vers-le-haut-de-la-ligue-2-ce-samedi-a-14-h","status":"publish","type":"post","link":"https:\/\/www.europesays.com\/fr\/472379\/","title":{"rendered":"DIRECT Dunkerque-MHSC\u00a0: au Nord, Montpellier veut trouver son cap vers le haut de la Ligue 2, ce samedi \u00e0 14\u00a0h"},"content":{"rendered":"<p>\n                                                                En match d\u00e9cal\u00e9 de la 10e journ\u00e9e de Ligue 2, Montpellier se d\u00e9place au stade Marcel-Tribut pour y affronter Dunkerque, ce samedi 18\u00a0octobre \u00e0 14\u00a0h.\n                            <\/p>\n<p>Montpellier a bien eu besoin de ces deux semaines de tr\u00eave internationale pour dig\u00e9rer <a href=\"https:\/\/www.midilibre.fr\/2025\/10\/04\/direct-mhsc-asse-face-a-larmada-stephanoise-montpellier-passe-un-serieux-test-ce-samedi-a-20-h-12970281.php\" target=\"_blank\" rel=\"nofollow noopener\">la d\u00e9faite \u00e0 domicile contre Saint-Etienne (0-2)<\/a>. Auteur de peut-\u00eatre sa meilleure performance depuis le d\u00e9but de la saison, le MHSC s\u2019est fait punir par le r\u00e9alisme des St\u00e9phanois.<\/p>\n<p>Dans le Nord, contre une \u00e9quipe de Dunkerque qui talonne les Montpelli\u00e9rains au classement (11e contre 10e), le MHSC va devoir imposer son jeu pour aller chercher une victoire importante pour lancer ce nouveau bloc de rencontres.<\/p>\n<p>Concr\u00e9tiser les progr\u00e8s entrevus<\/p>\n<p>Car pour ne pas \u00eatre d\u00e9croch\u00e9 au classement, Montpellier qui pointe \u00e0 la 10e place, 2\u00a0points devant la zone rouge, et 4 derri\u00e8re la premi\u00e8re place de barragiste doit revenir de Dunkerque avec les trois points.<\/p>\n<p>Montpellier va surtout devoir trouver du liant offensif pour pouvoir inscrire un peu plus de buts, son attaque \u00e9tant la 16e de Ligue 2. Dans ce secteur, <a href=\"https:\/\/www.midilibre.fr\/2025\/10\/17\/dunkerque-mhsc-mbuku-absent-du-deplacement-dans-le-nord-premiere-pour-sishuba-12999323.php\" target=\"_blank\" rel=\"nofollow noopener\">Camara sera priv\u00e9 de Mbuku<\/a> pour ce d\u00e9placement mais pourra compter sur la recrue Sishuba, apte au jeu.<\/p>\n<p>C\u2019est donc Pays et Orakpo qui s\u2019occuperont des ailes pour encadrer Mendy. Le milieu sera compos\u00e9 de Savanier, Chennahi et Everson. Omeragic reste en d\u00e9fense centrale aux c\u00f4t\u00e9s de Laporte.<\/p>\n<blockquote data-class=\"twitter-tweet\">\n<p lang=\"fr\" dir=\"ltr\">\u231a\ufe0fH-1 | ?? ?????<\/p>\n<p>Le 1\ufe0f\u20e31\ufe0f\u20e3 de d\u00e9part \u00e9tabli par notre coach ??????? ?????? pour cette 10\u00e8me journ\u00e9e de <a href=\"https:\/\/twitter.com\/Ligue2BKT?ref_src=twsrc%5Etfw\" rel=\"nofollow noopener\" target=\"_blank\">@Ligue2BKT<\/a> ?<a href=\"https:\/\/twitter.com\/hashtag\/USLDMHSC?src=hash&amp;ref_src=twsrc%5Etfw\" rel=\"nofollow noopener\" target=\"_blank\">#USLDMHSC<\/a> <a href=\"https:\/\/t.co\/8Ebv4s8oEx\" rel=\"nofollow\">pic.twitter.com\/8Ebv4s8oEx<\/a><\/p>\n<p>\u2014 MHSC (@MontpellierHSC) <a href=\"https:\/\/twitter.com\/MontpellierHSC\/status\/1979504546356338698?ref_src=twsrc%5Etfw\" rel=\"nofollow noopener\" target=\"_blank\">October 18, 2025<\/a><\/p><\/blockquote>\n<p><strong>Un match \u00e0 suivre en direct comment\u00e9 ici\u00a0:<\/strong><\/p>\n<p>                                                                                                                                                                                                        <script async src=\"https:\/\/platform.twitter.com\/widgets.js\" charset=\"utf-8\"><\/script><\/p>\n","protected":false},"excerpt":{"rendered":"En match d\u00e9cal\u00e9 de la 10e journ\u00e9e de Ligue 2, Montpellier se d\u00e9place au stade Marcel-Tribut pour y&hellip;\n","protected":false},"author":2,"featured_media":472380,"comment_status":"","ping_status":"","sticky":false,"template":"","format":"standard","meta":{"footnotes":""},"categories":[9599],"tags":[1111,11,1777,674,1011,27,2208,12,2680,25],"class_list":{"0":"post-472379","1":"post","2":"type-post","3":"status-publish","4":"format-standard","5":"has-post-thumbnail","7":"category-montpellier","8":"tag-actu","9":"tag-actualites","10":"tag-eu","11":"tag-europe","12":"tag-fr","13":"tag-france","14":"tag-montpellier","15":"tag-news","16":"tag-occitanie","17":"tag-republique-francaise"},"share_on_mastodon":{"url":"https:\/\/pubeurope.com\/@fr\/115394999935886236","error":""},"_links":{"self":[{"href":"https:\/\/www.europesays.com\/fr\/wp-json\/wp\/v2\/posts\/472379","targetHints":{"allow":["GET"]}}],"collection":[{"href":"https:\/\/www.europesays.com\/fr\/wp-json\/wp\/v2\/posts"}],"about":[{"href":"https:\/\/www.europesays.com\/fr\/wp-json\/wp\/v2\/types\/post"}],"author":[{"embeddable":true,"href":"https:\/\/www.europesays.com\/fr\/wp-json\/wp\/v2\/users\/2"}],"replies":[{"embeddable":true,"href":"https:\/\/www.europesays.com\/fr\/wp-json\/wp\/v2\/comments?post=472379"}],"version-history":[{"count":0,"href":"https:\/\/www.europesays.com\/fr\/wp-json\/wp\/v2\/posts\/472379\/revisions"}],"wp:featuredmedia":[{"embeddable":true,"href":"https:\/\/www.europesays.com\/fr\/wp-json\/wp\/v2\/media\/472380"}],"wp:attachment":[{"href":"https:\/\/www.europesays.com\/fr\/wp-json\/wp\/v2\/media?parent=472379"}],"wp:term":[{"taxonomy":"category","embeddable":true,"href":"https:\/\/www.europesays.com\/fr\/wp-json\/wp\/v2\/categories?post=472379"},{"taxonomy":"post_tag","embeddable":true,"href":"https:\/\/www.europesays.com\/fr\/wp-json\/wp\/v2\/tags?post=472379"}],"curies":[{"name":"wp","href":"https:\/\/api.w.org\/{rel}","templated":true}]}}