{"id":472381,"date":"2025-10-18T11:46:15","date_gmt":"2025-10-18T11:46:15","guid":{"rendered":"https:\/\/www.europesays.com\/fr\/472381\/"},"modified":"2025-10-18T11:46:15","modified_gmt":"2025-10-18T11:46:15","slug":"sm-caen-malherbe-inquiete-a-tout-point-de-vue-avant-le-derby-contre-rouen","status":"publish","type":"post","link":"https:\/\/www.europesays.com\/fr\/472381\/","title":{"rendered":"SM Caen. Malherbe inqui\u00e8te \u00e0 tout point de vue avant le derby contre Rouen"},"content":{"rendered":"<p>            Par<br \/>\n        <strong><br \/>\n            <a href=\"https:\/\/actu.fr\/auteur\/aline-chatel\" title=\"Consulter tous les articles de Aline Chatel\" target=\"_blank\" rel=\"noopener\">Aline Chatel<\/a><br \/>\n        <\/strong><\/p>\n<p>        Publi\u00e9 le<\/p>\n<p>            18 oct. 2025 \u00e0 11h28        <\/p>\n<p>Bien s\u00fbr, la victoire sur Le Puy (<a href=\"https:\/\/actu.fr\/normandie\/caen_14118\/ligue-2-le-sm-caen-assure-lessentiel-en-renouant-avec-la-victoire-contre-le-puy_63254852.html\" target=\"_blank\" rel=\"noopener\">2-0<\/a>) et la qualification en Coupe de France (<a href=\"https:\/\/actu.fr\/normandie\/caen_14118\/coupe-de-france-malgre-un-match-dune-faiblesse-abyssale-le-sm-caen-elimine-lag-caen_63286588.html\" target=\"_blank\" rel=\"noopener\">1-2<\/a> contre l\u2019AG Caen, R1) <b>n\u2019avaient tromp\u00e9 personne<\/b>. Le <a href=\"https:\/\/actu.fr\/tag\/stade-malherbe-de-caen\" target=\"_blank\" rel=\"noopener\">Stade Malherbe Caen<\/a> restait sur deux victoires cons\u00e9cutives avant de se rendre \u00e0 Orl\u00e9ans, mais rien de ce qu\u2019il avait montr\u00e9 <b>n\u2019\u00e9tait susceptible de rassurer pleinement<\/b>. N\u00e9anmoins, le revers conc\u00e9d\u00e9 dans le Loiret, vendredi 17 octobre 2025 (<a href=\"https:\/\/actu.fr\/normandie\/caen_14118\/national-a-nouveau-decevant-le-stade-malherbe-caen-replonge-a-orleans_63318553.html\" target=\"_blank\" rel=\"noopener\">2-1<\/a>), sonne comme <b>une nouvelle rechute <\/b>au moment d\u2019entamer le deuxi\u00e8me quart de la saison.\u00a0<\/p>\n<p class=\" wall-content\">La troisi\u00e8me d\u00e9faite des Malherbistes ne dit que peu de choses de la faiblesse qu\u2019ils ont d\u00e9montr\u00e9e au stade de la Source. Les leaders attendus sont<b> tr\u00e8s loin du niveau escompt\u00e9<\/b>, \u00e0 l\u2019image des exp\u00e9riment\u00e9s Valentin Henry et Lorenzo Rajot. Les recrues sont, pour beaucoup d\u2019entre elles, d\u2019un niveau insuffisant. Les coups tent\u00e9s au mercato peinent \u00e0 convaincre \u2013 c\u2019est un euph\u00e9misme. Quand Ivann Botella, de retour d\u2019une petite blessure, n\u2019est pas dans le onze de d\u00e9part,<b> les solutions manquent en attaque<\/b>. Adama Diakit\u00e9 a travers\u00e9 la rencontre de mani\u00e8re presque fantomatique \u00e0 Orl\u00e9ans, tant ses partenaires ont pein\u00e9 \u00e0 le trouver.<\/p>\n<p>Quel projet commun ?<\/p>\n<p class=\" wall-content\">Les limites individuelles, <b>un peu partout sur le terrain<\/b>, sont une \u00e9vidence. Mais elles vont de pair avec une forme d\u2019errance collective. Il n\u2019y a <b>pas de projet commun dans ce que d\u00e9gage le Stade Malherbe<\/b>, pas plus que d\u2019envie ou d\u2019allant. Face \u00e0 une \u00e9quipe orl\u00e9anaise fringante, Caen a oppos\u00e9 beaucoup de passivit\u00e9. Pas seulement dans son faible pressing d\u00e9sorganis\u00e9 \u00e0 la perte de balle et les occasions franches laiss\u00e9es \u00e0 Orl\u00e9ans.\u00a0<\/p>\n<blockquote class=\"ac-article-quote wall-content\">\n<p>Il n\u2019y a pas eu assez de courses vers l\u2019avant alors que leur ligne arri\u00e8re \u00e9tait assez haute par moments. On n\u2019a pas \u00e9t\u00e9 pertinents dans les premiers choix. On \u00e9tait trop lisibles. \u00c7a a donn\u00e9 ce petit match.<\/p>\n<p>Maxime d\u2019Ornano, entra\u00eeneur du SM Caen<\/p><\/blockquote>\n<p class=\" wall-content\">Est-ce parce que \u00ab\u00a0techniquement, c\u2019\u00e9tait vraiment trop moyen\u00a0\u00bb que les Malherbistes ont \u00e9t\u00e9 incapables de proposer du jeu et de d\u00e9s\u00e9quilibrer leurs adversaires ? Ou est-ce parce qu\u2019ils n\u2019ont <b>pas eu les intentions initiales<\/b>, la volont\u00e9 de faire mal, une certaine intelligence de jeu, qu\u2019ils ont perdu tant de ballons et laiss\u00e9 tant de latitude \u00e0 leurs h\u00f4tes ?\u00a0<\/p>\n<p>Maxime d\u2019Ornano inquiet ? \u00ab\u00a0Oui et non\u00a0\u00bb<\/p>\n<p class=\" wall-content\">Une chose est s\u00fbre, <b>Caen \u00ab\u00a0n\u2019a pas pes\u00e9 sur la rencontre\u00a0\u00bb<\/b>, comme le conc\u00e8de son entra\u00eeneur. Volontiers protecteur, Maxime d\u2019Ornano n\u2019a pu cacher sa <b>contrari\u00e9t\u00e9<\/b> apr\u00e8s la copie rendue dans le Loiret.<\/p>\n<blockquote class=\"ac-article-quote wall-content\">\n<p>Je suis d\u00e9\u00e7u parce qu\u2019on n\u2019a rien montr\u00e9, clairement. Pour moi, l\u2019\u00e9quipe n\u2019a pas \u00e9t\u00e9 au niveau.<\/p>\n<p>Maxime d\u2019Ornano, entra\u00eeneur du SM Caen<\/p><\/blockquote>\n<p>Votre r\u00e9gion, votre actu !<\/p>\n<p>Recevez chaque jour les infos qui comptent pour vous.<\/p>\n<p>\t<a href=\"https:\/\/actu.fr\/newsletter\" class=\"ac-btn ac-btn--corner ac-btn--medium ac-btn--blue800\" target=\"_blank\" rel=\"noopener\">S&rsquo;incrire<\/a><\/p>\n<p class=\" wall-content\">Maxime d\u2019Ornano voyait dans le d\u00e9placement \u00e0 Orl\u00e9ans la possibilit\u00e9 d\u2019une <b>\u00ab\u00a0bascule\u00a0\u00bb<\/b>. Ce n\u2019est certainement pas celle qu\u2019il imaginait. Apr\u00e8s dix matchs, <b>Caen est septi\u00e8me \u00e0 sept points du deuxi\u00e8me Versailles<\/b>, qui compte une rencontre de moins. Les chiffres ont beau \u00eatre cons\u00e9quents, l\u2019impression visuelle est encore plus frappante. Maxime d\u2019Ornano est-il inquiet ? Notre confr\u00e8re d\u2019Ici Normandie lui a pos\u00e9 la question et le technicien y a r\u00e9pondu en deux temps.\u00a0<\/p>\n<blockquote class=\"ac-article-quote wall-content\">\n<p>Oui et non. Oui, parce que \u00e7a ne ressemble pas \u00e0 ce qu\u2019on souhaite faire. Non parce qu\u2019on rejoue d\u00e8s mardi. On sait qu\u2019il y aura du monde. C\u2019est l\u2019occasion de marquer le coup pour nous.<\/p>\n<p>Maxime d\u2019Ornano, entra\u00eeneur du SM Caen<\/p><\/blockquote>\n<p class=\" wall-content\">Caen accueillera le FC Rouen, <b>leader en grande forme<\/b>, vainqueur 3-0 de Paris 13 vendredi 17 octobre. Il y aura foule pour ce derby \u2013 15 000 spectateurs sont attendus au stade d\u2019Ornano \u2013 et <b>la col\u00e8re pourrait vite se faire entendre <\/b>si les Malherbistes ne montrent pas d\u2019autres attitudes. Il s\u2019agira de ne pas basculer dans la crise.<\/p>\n<p class=\" wall-content\">Personnalisez votre actualit\u00e9 en ajoutant vos villes et m\u00e9dias en favori avec <a href=\"https:\/\/moncompte.actu.fr\" title=\"D\u00e9couvez Mon Actu\" rel=\"nofollow noopener\" data-trk=\"{&quot;cta&quot;:{&quot;action&quot;:&quot;https:\\\/\\\/moncompte.actu.fr&quot;,&quot;category&quot;:&quot;mon compte&quot;,&quot;from&quot;:&quot;article footer&quot;,&quot;name&quot;:&quot;Mon actu&quot;,&quot;type&quot;:&quot;cta&quot;}}\" target=\"_blank\">Mon Actu<\/a>.<\/p>\n","protected":false},"excerpt":{"rendered":"Par Aline Chatel Publi\u00e9 le 18 oct. 2025 \u00e0 11h28 Bien s\u00fbr, la victoire sur Le Puy (2-0)&hellip;\n","protected":false},"author":2,"featured_media":472382,"comment_status":"","ping_status":"","sticky":false,"template":"","format":"standard","meta":{"footnotes":""},"categories":[9587],"tags":[1111,11,1777,674,63,1011,27,12,5161,25,9590,15104,1745,60,266],"class_list":{"0":"post-472381","1":"post","2":"type-post","3":"status-publish","4":"format-standard","5":"has-post-thumbnail","7":"category-rouen","8":"tag-actu","9":"tag-actualites","10":"tag-eu","11":"tag-europe","12":"tag-football","13":"tag-fr","14":"tag-france","15":"tag-news","16":"tag-normandie","17":"tag-republique-francaise","18":"tag-rouen","19":"tag-sm-caen","20":"tag-sport-caen","21":"tag-sports","22":"tag-stade-malherbe-de-caen"},"share_on_mastodon":{"url":"https:\/\/pubeurope.com\/@fr\/115395007847530305","error":""},"_links":{"self":[{"href":"https:\/\/www.europesays.com\/fr\/wp-json\/wp\/v2\/posts\/472381","targetHints":{"allow":["GET"]}}],"collection":[{"href":"https:\/\/www.europesays.com\/fr\/wp-json\/wp\/v2\/posts"}],"about":[{"href":"https:\/\/www.europesays.com\/fr\/wp-json\/wp\/v2\/types\/post"}],"author":[{"embeddable":true,"href":"https:\/\/www.europesays.com\/fr\/wp-json\/wp\/v2\/users\/2"}],"replies":[{"embeddable":true,"href":"https:\/\/www.europesays.com\/fr\/wp-json\/wp\/v2\/comments?post=472381"}],"version-history":[{"count":0,"href":"https:\/\/www.europesays.com\/fr\/wp-json\/wp\/v2\/posts\/472381\/revisions"}],"wp:featuredmedia":[{"embeddable":true,"href":"https:\/\/www.europesays.com\/fr\/wp-json\/wp\/v2\/media\/472382"}],"wp:attachment":[{"href":"https:\/\/www.europesays.com\/fr\/wp-json\/wp\/v2\/media?parent=472381"}],"wp:term":[{"taxonomy":"category","embeddable":true,"href":"https:\/\/www.europesays.com\/fr\/wp-json\/wp\/v2\/categories?post=472381"},{"taxonomy":"post_tag","embeddable":true,"href":"https:\/\/www.europesays.com\/fr\/wp-json\/wp\/v2\/tags?post=472381"}],"curies":[{"name":"wp","href":"https:\/\/api.w.org\/{rel}","templated":true}]}}