{"id":472393,"date":"2025-10-18T11:54:16","date_gmt":"2025-10-18T11:54:16","guid":{"rendered":"https:\/\/www.europesays.com\/fr\/472393\/"},"modified":"2025-10-18T11:54:16","modified_gmt":"2025-10-18T11:54:16","slug":"nice-une-gestion-financiere-validee","status":"publish","type":"post","link":"https:\/\/www.europesays.com\/fr\/472393\/","title":{"rendered":"Nice. Une gestion financi\u00e8re valid\u00e9e\u2026"},"content":{"rendered":"<p><img decoding=\"async\" src=\"https:\/\/www.europesays.com\/fr\/wp-content\/uploads\/2025\/10\/9529-nice-galets-plage.jpg\" title=\"\" alt=\"\"\/><\/p>\n<p>R\u00e9f\u00e9rence nationale en mati\u00e8re d\u2019analyse financi\u00e8re des collectivit\u00e9s locales, le cabinet a publi\u00e9 en septembre 2025 un rapport ind\u00e9pendant sur la situation financi\u00e8re de Nice. Ses conclusions sont claires\u00a0: \u00ab\u00a0La ville, au regard des indicateurs traditionnellement examin\u00e9s par les agences sp\u00e9cialis\u00e9es, pourrait l\u00e9gitimement pr\u00e9tendre \u00e0 une note de aa-\/aa3 (17\/20), soit le niveau le plus \u00e9lev\u00e9 actuellement attribu\u00e9 aux collectivit\u00e9s fran\u00e7aises.\u00a0\u00bb<\/p>\n<p>Cette \u00e9valuation vient r\u00e9compenser des ann\u00e9es de gestion rigoureuse et confirme la capacit\u00e9 de la ville \u00e0 conjuguer ambition d\u2019investissement et ma\u00eetrise des \u00e9quilibres financiers. Ainsi, les imp\u00f4ts locaux demeurent inf\u00e9rieurs \u00e0 la moyenne des grandes villes, tout en offrant de solides marges de man\u0153uvre. Le Cabinet constate que la ville a un taux en dessous de la moyenne nationale.\u00a0<\/p>\n<p>\u00ab\u00a0Entre 2019 et 2024, les d\u00e9penses de fonctionnement n\u2019ont progress\u00e9 que de 1,6% par an, soit pr\u00e8s de deux fois moins que la moyenne nationale des grandes villes. Nice a pilot\u00e9 une stricte ma\u00eetrise des charges, ce malgr\u00e9 le contexte inflationniste. Alors que les d\u00e9penses de fonctionnement des collectivit\u00e9s sont r\u00e9put\u00e9es peu flexibles, la ville appara\u00eet en position plus favorable avec un niveau d\u2019\u00e9pargne sup\u00e9rieur proportionnellement \u00e0 ses recettes \u00e0 la moyenne des collectivit\u00e9s fran\u00e7aise not\u00e9es. C\u2019est encore un atout\u00a0!\u00a0\u00bb\u00a0<\/p>\n<p>En 2024, l\u2019\u00e9pargne brute a atteint 80,5 M\u20ac, avec un taux d\u2019\u00e9pargne de 12.7\u00a0% des recettes courantes, bien au-dessus du seuil de vigilance de 10% et des autres villes, not\u00e9es aa- (11,2% en moyenne). Cette am\u00e9lioration de l\u2019\u00e9pargne a permis \u00e0 Nice de renforcer sa capacit\u00e9 \u00e0 investir tout en r\u00e9duisant son endettement. Fin 2024, stabilis\u00e9e \u00e0 543,5 M\u20ac, la dette reste parfaitement contenue, traduisant une gestion prudente et responsable. La capacit\u00e9 de d\u00e9sendettement \u2013 indicateur cl\u00e9 pour mesurer la solidit\u00e9 financi\u00e8re \u2013 a \u00e9t\u00e9 ramen\u00e9e \u00e0 6,75 ans fin 2024, contre 14 ans fin 2023, soit un redressement exceptionnel.\u00a0<\/p>\n<p>\u00ab\u00a0La capacit\u00e9 de d\u00e9sendettement ressort \u00e0 un meilleur niveau que toutes les autres villes not\u00e9es hormis Lyon (selon les donn\u00e9es publiques\u00a0: Marseille \u00e0 8 ans, Rennes 8.4 ans, Strasbourg 10.1 ans, Levallois Perret 11 ans)\u00a0\u00bb indiquait le cabinet Klopfer. Le rapport confirme \u00e9galement que l\u2019int\u00e9gralit\u00e9 de la dette est class\u00e9e dans la cat\u00e9gorie la moins risqu\u00e9e (1A) et la d\u00e9crit comme \u00ab\u00a0non risqu\u00e9e\u00a0\u00bb, avec un profil d\u2019annuit\u00e9s r\u00e9gulier et ma\u00eetris\u00e9.<\/p>\n<p>Pour le cabinet Klopfer, \u00ab\u00a0dans la perspective d\u2019une notation en bonne et due forme par les agences sp\u00e9cialis\u00e9es, la Ville de Nice cumule \u00e0 l\u2019\u00e9vidence une majorit\u00e9 d\u2019atouts, en particulier au regard de ses indicateurs financiers\u00a0\u00bb. Elle d\u00e9montre ainsi sa capacit\u00e9 \u00e0 investir dans l\u2019avenir tout en garantissant la stabilit\u00e9 de ses finances &#8211; un mod\u00e8le de bonne gestion reconnu par les experts de l\u2019agence. CQFD\u00a0!<\/p>\n","protected":false},"excerpt":{"rendered":"R\u00e9f\u00e9rence nationale en mati\u00e8re d\u2019analyse financi\u00e8re des collectivit\u00e9s locales, le cabinet a publi\u00e9 en septembre 2025 un rapport&hellip;\n","protected":false},"author":2,"featured_media":472394,"comment_status":"","ping_status":"","sticky":false,"template":"","format":"standard","meta":{"footnotes":""},"categories":[2819],"tags":[1111,47,11,1777,674,1011,27,1110,1031,12,2401,882,25],"class_list":{"0":"post-472393","1":"post","2":"type-post","3":"status-publish","4":"format-standard","5":"has-post-thumbnail","7":"category-nice","8":"tag-actu","9":"tag-actualite","10":"tag-actualites","11":"tag-eu","12":"tag-europe","13":"tag-fr","14":"tag-france","15":"tag-informations","16":"tag-magazine","17":"tag-news","18":"tag-nice","19":"tag-provence-alpes-cote-dazur","20":"tag-republique-francaise"},"share_on_mastodon":{"url":"https:\/\/pubeurope.com\/@fr\/115395039379960263","error":""},"_links":{"self":[{"href":"https:\/\/www.europesays.com\/fr\/wp-json\/wp\/v2\/posts\/472393","targetHints":{"allow":["GET"]}}],"collection":[{"href":"https:\/\/www.europesays.com\/fr\/wp-json\/wp\/v2\/posts"}],"about":[{"href":"https:\/\/www.europesays.com\/fr\/wp-json\/wp\/v2\/types\/post"}],"author":[{"embeddable":true,"href":"https:\/\/www.europesays.com\/fr\/wp-json\/wp\/v2\/users\/2"}],"replies":[{"embeddable":true,"href":"https:\/\/www.europesays.com\/fr\/wp-json\/wp\/v2\/comments?post=472393"}],"version-history":[{"count":0,"href":"https:\/\/www.europesays.com\/fr\/wp-json\/wp\/v2\/posts\/472393\/revisions"}],"wp:featuredmedia":[{"embeddable":true,"href":"https:\/\/www.europesays.com\/fr\/wp-json\/wp\/v2\/media\/472394"}],"wp:attachment":[{"href":"https:\/\/www.europesays.com\/fr\/wp-json\/wp\/v2\/media?parent=472393"}],"wp:term":[{"taxonomy":"category","embeddable":true,"href":"https:\/\/www.europesays.com\/fr\/wp-json\/wp\/v2\/categories?post=472393"},{"taxonomy":"post_tag","embeddable":true,"href":"https:\/\/www.europesays.com\/fr\/wp-json\/wp\/v2\/tags?post=472393"}],"curies":[{"name":"wp","href":"https:\/\/api.w.org\/{rel}","templated":true}]}}