{"id":472401,"date":"2025-10-18T11:58:17","date_gmt":"2025-10-18T11:58:17","guid":{"rendered":"https:\/\/www.europesays.com\/fr\/472401\/"},"modified":"2025-10-18T11:58:17","modified_gmt":"2025-10-18T11:58:17","slug":"a-bordeaux-elle-occupe-illegalement-un-logement-crous-et-bloque-le-dossier-de-28-autres-etudiants","status":"publish","type":"post","link":"https:\/\/www.europesays.com\/fr\/472401\/","title":{"rendered":"\u00c0 Bordeaux, elle occupe ill\u00e9galement un logement Crous et bloque le dossier de 28 autres \u00e9tudiants"},"content":{"rendered":"<p>            Par<br \/>\n        <strong><br \/>\n            <a href=\"https:\/\/actu.fr\/auteur\/redaction-bordeaux\" title=\"Consulter tous les articles de R\u00e9daction Bordeaux\" target=\"_blank\" rel=\"noopener\">R\u00e9daction Bordeaux<\/a><br \/>\n        <\/strong><\/p>\n<p>        Publi\u00e9 le<\/p>\n<p>            18 oct. 2025 \u00e0 6h58        <\/p>\n<p>La juge des r\u00e9f\u00e9r\u00e9s du <a href=\"https:\/\/actu.fr\/tag\/tribunal-de-bordeaux\" target=\"_blank\" rel=\"noopener\">tribunal administratif de Bordeaux<\/a> a fait injonction \u00e0 une \u00e9tudiante en fin de contrat d\u2019apprentissage de quitter sa chambre en <a href=\"https:\/\/actu.fr\/tag\/universite-de-bordeaux\" target=\"_blank\" rel=\"noopener\">Cit\u00e9 universitaire \u00e0 Bordeaux<\/a> (Gironde). Apr\u00e8s avoir emm\u00e9nag\u00e9 au sein de la r\u00e9sidence Bastide, au 29 avenue d\u2019Abadie en septembre 2024, elle n\u2019avait pas pr\u00e9sent\u00e9 \u00e0 la fin de l\u2019ann\u00e9e scolaire de demande de <a href=\"https:\/\/actu.fr\/tag\/logement\" target=\"_blank\" rel=\"noopener\">r\u00e9servation d\u2019un logement<\/a> pour la rentr\u00e9e suivante, explique la juge, dans une ordonnance en date du 26 septembre 2025 qui vient d\u2019\u00eatre rendue publique. Le <strong>Crous Bordeaux-Aquitaine<\/strong> lui avait donc donn\u00e9 jusqu\u2019au 31 ao\u00fbt 2025 pour quitter sa chambre. Sans nouvelles, il avait sollicit\u00e9 le tribunal administratif pour la sommer de<strong> partir \u00ab\u00a0sans d\u00e9lai\u00a0\u00bb<\/strong>.<\/p>\n<p class=\" wall-content\">Sans solution de logement, <a href=\"https:\/\/actu.fr\/tag\/etudiantses\" target=\"_blank\" rel=\"noopener\">l\u2019\u00e9tudiante<\/a> refusait de quitter les lieux. Elle avait d\u2019ailleurs subi une <strong>op\u00e9ration chirurgicale<\/strong> au cours de l\u2019\u00e9t\u00e9 et avait <strong>besoin d\u2019un logement stable<\/strong> pour sa convalescence, justifiait-elle. Son contrat d\u2019apprentissage prenait d\u2019ailleurs fin une semaine apr\u00e8s l\u2019audience, soit le 30 septembre 2025. \u00ab\u00a0Cette situation me cause un <strong>stress intense<\/strong> et une <strong>profonde angoisse<\/strong>, s\u2019\u00e9tait-elle inqui\u00e9t\u00e9e aupr\u00e8s de la juge. Cela pourrait compromettre la poursuite de mon parcours professionnel et personnel.\u00a0\u00bb<\/p>\n<p>L\u2019\u00e9tudiante a ignor\u00e9 le Crous<\/p>\n<p class=\" wall-content\">Lorsqu\u2019elle s\u2019\u00e9tait aper\u00e7ue de son \u00ab\u00a0erreur dans l\u2019envoi de son message\u00a0\u00bb au Crous pour r\u00e9server son logement pour l\u2019ann\u00e9e 2025-2026, l\u2019\u00e9tudiante en avait d\u2019ailleurs renvoy\u00e9 un autre \u00ab\u00a0pour demander le renouvellement de son logement\u00a0\u00bb mais ce dernier n\u2019avait pas \u00e9t\u00e9 \u00ab\u00a0pris en compte\u00a0\u00bb.<\/p>\n<p class=\" wall-content\">\u00ab\u00a0Malgr\u00e9 l\u2019information d\u00e9livr\u00e9e par le Crous par courriels, affiches et appels t\u00e9l\u00e9phoniques, Mme X n\u2019a pas pr\u00e9sent\u00e9 de demande de r\u00e9servation d\u2019un logement pour l\u2019ann\u00e9e universitaire 2025-2026 dans les d\u00e9lais\u00a0\u00bb, retient toutefois la juge des r\u00e9f\u00e9r\u00e9s bordelaise.<\/p>\n<p class=\" wall-content\">\u00ab\u00a0Les services du Crous ont contact\u00e9 en vain Mme X par messages, les 19 et 16 ao\u00fbt 2025, afin de proc\u00e9der \u00e0 l\u2019\u00e9tat des lieux de sortie. Malgr\u00e9 plusieurs relances, <strong>une sommation de d\u00e9guerpir lui a \u00e9t\u00e9 remise<\/strong> par commissaire de justice le 1er septembre 2025.\u00a0\u00bb<\/p>\n<p>59 000 demandes pour 8 200 places disponibles<\/p>\n<p class=\" wall-content\">Cette<strong> \u00ab\u00a0occupation ill\u00e9gale\u00a0\u00bb<\/strong> de la chambre de la r\u00e9sidence universitaire fait donc \u00ab\u00a0obstacle \u00e0 la gestion r\u00e9guli\u00e8re et transparente du parc\u00a0\u00bb et \u00ab\u00a0porte une atteinte imm\u00e9diate \u00e0 la continuit\u00e9 du service public et \u00e0 son fonctionnement normal\u00a0\u00bb : le logement \u00ab\u00a0ne peut \u00eatre attribu\u00e9 \u00e0 un \u00e9tudiant affect\u00e9\u00a0\u00bb, rappelle la juge des r\u00e9f\u00e9r\u00e9s dans son ordonnance.<\/p>\n<p>Votre r\u00e9gion, votre actu !<\/p>\n<p>Recevez chaque jour les infos qui comptent pour vous.<\/p>\n<p>\t<a href=\"https:\/\/actu.fr\/newsletter\" class=\"ac-btn ac-btn--corner ac-btn--medium ac-btn--blue800\" target=\"_blank\" rel=\"noopener\">S&rsquo;incrire<\/a><\/p>\n<p class=\" wall-content\">\u00ab\u00a0Sur <a href=\"https:\/\/actu.fr\/tag\/bordeaux-metropole\" target=\"_blank\" rel=\"noopener\">Bordeaux M\u00e9tropole<\/a>, <strong>59 000 demandes de logement<\/strong> sont pr\u00e9sent\u00e9es pour<strong> 8 200 places disponibles<\/strong> et, en ce qui concerne le seul logement occup\u00e9 par l\u2019\u00e9tudiante, 28 demandes ont \u00e9t\u00e9 enregistr\u00e9es\u00a0\u00bb, souligne-t-elle.<\/p>\n<p class=\" wall-content\">Le refus de l\u2019apprentie de \u00ab\u00a0lib\u00e9rer ce logement porte ainsi atteinte au bon fonctionnement du service public du logement des \u00e9tudiants, eu \u00e9gard notamment \u00e0 la difficult\u00e9 du Crous de pourvoir \u00e0 toutes les demandes\u00a0\u00bb. Et \u00ab\u00a0il ne r\u00e9sulte pas de l\u2019instruction que son \u00e9tat de sant\u00e9 ferait obstacle \u00e0 son expulsion\u00a0\u00bb, pr\u00e9cise au passage la magistrate.<\/p>\n<p class=\" wall-content\"><strong>PressPepper<\/strong><\/p>\n<p class=\" wall-content\">Personnalisez votre actualit\u00e9 en ajoutant vos villes et m\u00e9dias en favori avec <a href=\"https:\/\/moncompte.actu.fr\" title=\"D\u00e9couvez Mon Actu\" rel=\"nofollow noopener\" data-trk=\"{&quot;cta&quot;:{&quot;action&quot;:&quot;https:\\\/\\\/moncompte.actu.fr&quot;,&quot;category&quot;:&quot;mon compte&quot;,&quot;from&quot;:&quot;article footer&quot;,&quot;name&quot;:&quot;Mon actu&quot;,&quot;type&quot;:&quot;cta&quot;}}\" target=\"_blank\">Mon Actu<\/a>.<\/p>\n","protected":false},"excerpt":{"rendered":"Par R\u00e9daction Bordeaux Publi\u00e9 le 18 oct. 2025 \u00e0 6h58 La juge des r\u00e9f\u00e9r\u00e9s du tribunal administratif de&hellip;\n","protected":false},"author":2,"featured_media":472402,"comment_status":"","ping_status":"","sticky":false,"template":"","format":"standard","meta":{"footnotes":""},"categories":[2817],"tags":[1111,11,1997,1064,1777,674,1011,27,1908,12,2219,25,104,28002],"class_list":{"0":"post-472401","1":"post","2":"type-post","3":"status-publish","4":"format-standard","5":"has-post-thumbnail","7":"category-bordeaux","8":"tag-actu","9":"tag-actualites","10":"tag-bordeaux","11":"tag-etudiantses","12":"tag-eu","13":"tag-europe","14":"tag-fr","15":"tag-france","16":"tag-logement","17":"tag-news","18":"tag-nouvelle-aquitaine","19":"tag-republique-francaise","20":"tag-societe","21":"tag-universite-de-bordeaux"},"share_on_mastodon":{"url":"https:\/\/pubeurope.com\/@fr\/115395055046895713","error":""},"_links":{"self":[{"href":"https:\/\/www.europesays.com\/fr\/wp-json\/wp\/v2\/posts\/472401","targetHints":{"allow":["GET"]}}],"collection":[{"href":"https:\/\/www.europesays.com\/fr\/wp-json\/wp\/v2\/posts"}],"about":[{"href":"https:\/\/www.europesays.com\/fr\/wp-json\/wp\/v2\/types\/post"}],"author":[{"embeddable":true,"href":"https:\/\/www.europesays.com\/fr\/wp-json\/wp\/v2\/users\/2"}],"replies":[{"embeddable":true,"href":"https:\/\/www.europesays.com\/fr\/wp-json\/wp\/v2\/comments?post=472401"}],"version-history":[{"count":0,"href":"https:\/\/www.europesays.com\/fr\/wp-json\/wp\/v2\/posts\/472401\/revisions"}],"wp:featuredmedia":[{"embeddable":true,"href":"https:\/\/www.europesays.com\/fr\/wp-json\/wp\/v2\/media\/472402"}],"wp:attachment":[{"href":"https:\/\/www.europesays.com\/fr\/wp-json\/wp\/v2\/media?parent=472401"}],"wp:term":[{"taxonomy":"category","embeddable":true,"href":"https:\/\/www.europesays.com\/fr\/wp-json\/wp\/v2\/categories?post=472401"},{"taxonomy":"post_tag","embeddable":true,"href":"https:\/\/www.europesays.com\/fr\/wp-json\/wp\/v2\/tags?post=472401"}],"curies":[{"name":"wp","href":"https:\/\/api.w.org\/{rel}","templated":true}]}}