{"id":472411,"date":"2025-10-18T12:04:11","date_gmt":"2025-10-18T12:04:11","guid":{"rendered":"https:\/\/www.europesays.com\/fr\/472411\/"},"modified":"2025-10-18T12:04:11","modified_gmt":"2025-10-18T12:04:11","slug":"le-couronnement-par-les-airs-de-la-bonne-mere","status":"publish","type":"post","link":"https:\/\/www.europesays.com\/fr\/472411\/","title":{"rendered":"Le couronnement par les airs de la Bonne M\u00e8re"},"content":{"rendered":"\n<p>C\u2019est avec une grande agilit\u00e9 que le pilote du Super Puma d\u2019Airbus Helicopter a hiss\u00e9 hier \u00e0 9h30 le caisson de 150 kilos contenant la couronne de la Vierge pour le d\u00e9poser sur une plateforme au-dessus des \u00e9chafaudages qui enlacent la Bonne M\u00e8re. La s\u00e9quence marque la fin du chantier de restauration commenc\u00e9 le 2 f\u00e9vrier.<\/p>\n<p>Le p\u00e8re Olivier Spinosa, recteur de la basilique et \u00c9douard Detaille, responsable m\u00e9c\u00e9nat du dioc\u00e8se ont salu\u00e9 le travail accompli par les diff\u00e9rents corps de m\u00e9tier. Il y avait Xavier David et Arthur Rafine, les architectes du chantier, Thomas Pages, l\u2019artisan chaudronnier qui a r\u00e9nov\u00e9 la couronne avant sa dorure, Lionel Fadat, le conducteur de travaux de l\u2019entreprise Girard qui avec ses tailleurs ont trait\u00e9 les sculptures en pierre de Calissane, Gr\u00e9gory Bernard, le conducteur de travaux des Ateliers Gohard accompagn\u00e9 de Cyrielle d\u2019Antony, une des cinq doreuses qui la semaine derni\u00e8re ont pos\u00e9 les derni\u00e8res feuilles d\u2019or.<\/p>\n<p>Lundi, le nouveau paratonnerre de la soci\u00e9t\u00e9 Protibat Sud sera pos\u00e9 sur la couronne avec les feux rouges de nuit de l\u2019aviation civile. Le d\u00e9montage des 50 tonnes d\u2019\u00e9chafaudage pourra alors commencer.<\/p>\n","protected":false},"excerpt":{"rendered":"C\u2019est avec une grande agilit\u00e9 que le pilote du Super Puma d\u2019Airbus Helicopter a hiss\u00e9 hier \u00e0 9h30&hellip;\n","protected":false},"author":2,"featured_media":472412,"comment_status":"","ping_status":"","sticky":false,"template":"","format":"standard","meta":{"footnotes":""},"categories":[2814],"tags":[1111,11,45274,1777,674,1011,27,884,12,882,25],"class_list":{"0":"post-472411","1":"post","2":"type-post","3":"status-publish","4":"format-standard","5":"has-post-thumbnail","7":"category-marseille","8":"tag-actu","9":"tag-actualites","10":"tag-bonne-mere","11":"tag-eu","12":"tag-europe","13":"tag-fr","14":"tag-france","15":"tag-marseille","16":"tag-news","17":"tag-provence-alpes-cote-dazur","18":"tag-republique-francaise"},"share_on_mastodon":{"url":"https:\/\/pubeurope.com\/@fr\/115395078700589540","error":""},"_links":{"self":[{"href":"https:\/\/www.europesays.com\/fr\/wp-json\/wp\/v2\/posts\/472411","targetHints":{"allow":["GET"]}}],"collection":[{"href":"https:\/\/www.europesays.com\/fr\/wp-json\/wp\/v2\/posts"}],"about":[{"href":"https:\/\/www.europesays.com\/fr\/wp-json\/wp\/v2\/types\/post"}],"author":[{"embeddable":true,"href":"https:\/\/www.europesays.com\/fr\/wp-json\/wp\/v2\/users\/2"}],"replies":[{"embeddable":true,"href":"https:\/\/www.europesays.com\/fr\/wp-json\/wp\/v2\/comments?post=472411"}],"version-history":[{"count":0,"href":"https:\/\/www.europesays.com\/fr\/wp-json\/wp\/v2\/posts\/472411\/revisions"}],"wp:featuredmedia":[{"embeddable":true,"href":"https:\/\/www.europesays.com\/fr\/wp-json\/wp\/v2\/media\/472412"}],"wp:attachment":[{"href":"https:\/\/www.europesays.com\/fr\/wp-json\/wp\/v2\/media?parent=472411"}],"wp:term":[{"taxonomy":"category","embeddable":true,"href":"https:\/\/www.europesays.com\/fr\/wp-json\/wp\/v2\/categories?post=472411"},{"taxonomy":"post_tag","embeddable":true,"href":"https:\/\/www.europesays.com\/fr\/wp-json\/wp\/v2\/tags?post=472411"}],"curies":[{"name":"wp","href":"https:\/\/api.w.org\/{rel}","templated":true}]}}