{"id":472413,"date":"2025-10-18T12:05:15","date_gmt":"2025-10-18T12:05:15","guid":{"rendered":"https:\/\/www.europesays.com\/fr\/472413\/"},"modified":"2025-10-18T12:05:15","modified_gmt":"2025-10-18T12:05:15","slug":"la-corniche-redevient-pietonne-ce-dimanche-19-octobre-pour-la-voie-est-libre","status":"publish","type":"post","link":"https:\/\/www.europesays.com\/fr\/472413\/","title":{"rendered":"la Corniche redevient pi\u00e9tonne ce dimanche 19 octobre pour \u00ab\u00a0La Voie est libre\u00a0\u00bb"},"content":{"rendered":"<p>Profitez de la corniche pi\u00e9tonne \u00e0 Marseille ce dimanche 19 octobre pour \u00ab\u00a0La Voie est libre\u00a0\u00bb. De 10h \u00e0 19h, de nombreuses animations gratuites (escalade, v\u00e9los) vous attendent en famille.<\/p>\n<p>C&rsquo;est un rendez-vous d\u00e9sormais incontournable pour les Marseillais. Ce <strong>dimanche 19 octobre<\/strong>, l&rsquo;op\u00e9ration \u00ab\u00a0La Voie est libre\u00a0\u00bb revient pour sa 32e \u00e9dition. De <strong>10h \u00e0 19h<\/strong>, la c\u00e9l\u00e8bre corniche sera enti\u00e8rement rendue aux pi\u00e9tons, v\u00e9los et promeneurs, sur le tron\u00e7on allant de la rue Capitaine Dessemond jusqu\u2019au parc Talabot.<\/p>\n<p>Des milliers de personnes sont attendues pour profiter de ce cadre unique, les pieds sur l&rsquo;asphalte et les yeux riv\u00e9s sur la mer, sans le bruit des voitures.<\/p>\n<p>\u00a0<\/p>\n<p>Escalade, bien-\u00eatre et musique : les animations gratuites<\/p>\n<p>\u00a0<\/p>\n<p>Comme \u00e0 chaque \u00e9dition depuis 2021, le succ\u00e8s de l&rsquo;\u00e9v\u00e9nement repose sur les multiples activit\u00e9s <strong>enti\u00e8rement gratuites<\/strong> propos\u00e9es aux petits et grands. Cette ann\u00e9e encore, il y en aura pour tous les go\u00fbts.<\/p>\n<p>Voici ce qui vous attend sur place :<\/p>\n<ul>\n<li>\n<p>Un <strong>mur d\u2019escalade<\/strong> pour prendre de la hauteur<\/p>\n<\/li>\n<li>\n<p>Des <strong>activit\u00e9s manuelles<\/strong> et un stand bien-\u00eatre<\/p>\n<\/li>\n<li>\n<p>Une <strong>ludoth\u00e8que<\/strong> pour les enfants<\/p>\n<\/li>\n<li>\n<p>Diverses <strong>animations musicales<\/strong> pour rythmer votre promenade<\/p>\n<\/li>\n<li>\n<p>D&rsquo;autres activit\u00e9s culturelles et sportives<\/p>\n<\/li>\n<\/ul>\n<p>\u00a0<\/p>\n<p>Rosalies et karts \u00e0 p\u00e9dales de retour<\/p>\n<p>\u00a0<\/p>\n<p>Pour ceux qui souhaitent d\u00e9couvrir la corniche autrement qu&rsquo;\u00e0 pied, les fameux engins de mobilit\u00e9 douce seront \u00e0 nouveau mis \u00e0 disposition des promeneurs. Il sera possible de profiter de <strong>rosalies, triplettes, quadruplettes, tandems et duos karts<\/strong> pour une balade ludique en famille ou entre amis.<\/p>\n","protected":false},"excerpt":{"rendered":"Profitez de la corniche pi\u00e9tonne \u00e0 Marseille ce dimanche 19 octobre pour \u00ab\u00a0La Voie est libre\u00a0\u00bb. De 10h&hellip;\n","protected":false},"author":2,"featured_media":190647,"comment_status":"","ping_status":"","sticky":false,"template":"","format":"standard","meta":{"footnotes":""},"categories":[2814],"tags":[1111,11,7958,1777,674,1011,27,32872,884,12,882,25],"class_list":{"0":"post-472413","1":"post","2":"type-post","3":"status-publish","4":"format-standard","5":"has-post-thumbnail","7":"category-marseille","8":"tag-actu","9":"tag-actualites","10":"tag-corniche","11":"tag-eu","12":"tag-europe","13":"tag-fr","14":"tag-france","15":"tag-la-voie-est-libre","16":"tag-marseille","17":"tag-news","18":"tag-provence-alpes-cote-dazur","19":"tag-republique-francaise"},"share_on_mastodon":{"url":"https:\/\/pubeurope.com\/@fr\/115395082678295421","error":""},"_links":{"self":[{"href":"https:\/\/www.europesays.com\/fr\/wp-json\/wp\/v2\/posts\/472413","targetHints":{"allow":["GET"]}}],"collection":[{"href":"https:\/\/www.europesays.com\/fr\/wp-json\/wp\/v2\/posts"}],"about":[{"href":"https:\/\/www.europesays.com\/fr\/wp-json\/wp\/v2\/types\/post"}],"author":[{"embeddable":true,"href":"https:\/\/www.europesays.com\/fr\/wp-json\/wp\/v2\/users\/2"}],"replies":[{"embeddable":true,"href":"https:\/\/www.europesays.com\/fr\/wp-json\/wp\/v2\/comments?post=472413"}],"version-history":[{"count":0,"href":"https:\/\/www.europesays.com\/fr\/wp-json\/wp\/v2\/posts\/472413\/revisions"}],"wp:featuredmedia":[{"embeddable":true,"href":"https:\/\/www.europesays.com\/fr\/wp-json\/wp\/v2\/media\/190647"}],"wp:attachment":[{"href":"https:\/\/www.europesays.com\/fr\/wp-json\/wp\/v2\/media?parent=472413"}],"wp:term":[{"taxonomy":"category","embeddable":true,"href":"https:\/\/www.europesays.com\/fr\/wp-json\/wp\/v2\/categories?post=472413"},{"taxonomy":"post_tag","embeddable":true,"href":"https:\/\/www.europesays.com\/fr\/wp-json\/wp\/v2\/tags?post=472413"}],"curies":[{"name":"wp","href":"https:\/\/api.w.org\/{rel}","templated":true}]}}