{"id":472414,"date":"2025-10-18T12:06:16","date_gmt":"2025-10-18T12:06:16","guid":{"rendered":"https:\/\/www.europesays.com\/fr\/472414\/"},"modified":"2025-10-18T12:06:16","modified_gmt":"2025-10-18T12:06:16","slug":"lyon-une-jeune-automobiliste-sans-permis-transportait-des-stupefiants","status":"publish","type":"post","link":"https:\/\/www.europesays.com\/fr\/472414\/","title":{"rendered":"Lyon. Une jeune automobiliste sans permis transportait des stup\u00e9fiants"},"content":{"rendered":"<p>Mardi 14\u00a0octobre vers 21\u00a0h\u00a030, un \u00e9quipage de police en patrouille dans le 7e arrondissement de Lyon a rep\u00e9r\u00e9 une voiture, dans laquelle se trouvaient deux jeunes femmes, et qui roulait beaucoup trop vite.<\/p>\n<p>Les policiers ont donc d\u00e9cid\u00e9 de contr\u00f4ler ce v\u00e9hicule et ont tout de suite remarqu\u00e9 qu\u2019une forte odeur de cannabis provenait de l\u2019habitacle. La conductrice n\u2019\u00e9tait pas titulaire du permis de conduire et a remis aux policiers des stup\u00e9fiants qui \u00e9taient visibles depuis l\u2019ext\u00e9rieur, soit 39\u00a0g de coca\u00efne, 11\u00a0g de r\u00e9sine de cannabis, 14\u00a0g d\u2019herbe, ainsi que 115\u00a0euros en esp\u00e8ces.<\/p>\n<p>  Deux jeunes femmes \u00e2g\u00e9es de 19 ans<\/p>\n<p>En garde \u00e0 vue, la conductrice et sa passag\u00e8re, toutes deux \u00e2g\u00e9es de 19 ans, ont ni\u00e9 <a href=\"https:\/\/www.leprogres.fr\/faits-divers-justice\/2021\/03\/04\/vente-de-stups-combien-ils-gagnent-comment-ils-se-partagent-l-argent\" target=\"_blank\" rel=\"noopener\">la d\u00e9tention et le transport de stup\u00e9fiants<\/a>. La conductrice, connue des services de police, a \u00e9t\u00e9 pr\u00e9sent\u00e9e ce jeudi au parquet. La passag\u00e8re a \u00e9t\u00e9 laiss\u00e9e libre.<\/p>\n","protected":false},"excerpt":{"rendered":"Mardi 14\u00a0octobre vers 21\u00a0h\u00a030, un \u00e9quipage de police en patrouille dans le 7e arrondissement de Lyon a rep\u00e9r\u00e9&hellip;\n","protected":false},"author":2,"featured_media":472415,"comment_status":"","ping_status":"","sticky":false,"template":"","format":"standard","meta":{"footnotes":""},"categories":[1889],"tags":[1111,11,2430,271,272,2757,1777,674,274,1011,27,2428,5947,5946,12,25,2429],"class_list":{"0":"post-472414","1":"post","2":"type-post","3":"status-publish","4":"format-standard","5":"has-post-thumbnail","7":"category-lyon","8":"tag-actu","9":"tag-actualites","10":"tag-auvergne-rhone-alpes","11":"tag-crime","12":"tag-delit-et-contravention","13":"tag-edition-lyon-villeurbanne","14":"tag-eu","15":"tag-europe","16":"tag-faits-divers-justice","17":"tag-fr","18":"tag-france","19":"tag-lyon","20":"tag-lyon-7e","21":"tag-lyon-7e-arrondissement","22":"tag-news","23":"tag-republique-francaise","24":"tag-rhone"},"share_on_mastodon":{"url":"https:\/\/pubeurope.com\/@fr\/115395086531763289","error":""},"_links":{"self":[{"href":"https:\/\/www.europesays.com\/fr\/wp-json\/wp\/v2\/posts\/472414","targetHints":{"allow":["GET"]}}],"collection":[{"href":"https:\/\/www.europesays.com\/fr\/wp-json\/wp\/v2\/posts"}],"about":[{"href":"https:\/\/www.europesays.com\/fr\/wp-json\/wp\/v2\/types\/post"}],"author":[{"embeddable":true,"href":"https:\/\/www.europesays.com\/fr\/wp-json\/wp\/v2\/users\/2"}],"replies":[{"embeddable":true,"href":"https:\/\/www.europesays.com\/fr\/wp-json\/wp\/v2\/comments?post=472414"}],"version-history":[{"count":0,"href":"https:\/\/www.europesays.com\/fr\/wp-json\/wp\/v2\/posts\/472414\/revisions"}],"wp:featuredmedia":[{"embeddable":true,"href":"https:\/\/www.europesays.com\/fr\/wp-json\/wp\/v2\/media\/472415"}],"wp:attachment":[{"href":"https:\/\/www.europesays.com\/fr\/wp-json\/wp\/v2\/media?parent=472414"}],"wp:term":[{"taxonomy":"category","embeddable":true,"href":"https:\/\/www.europesays.com\/fr\/wp-json\/wp\/v2\/categories?post=472414"},{"taxonomy":"post_tag","embeddable":true,"href":"https:\/\/www.europesays.com\/fr\/wp-json\/wp\/v2\/tags?post=472414"}],"curies":[{"name":"wp","href":"https:\/\/api.w.org\/{rel}","templated":true}]}}