{"id":472430,"date":"2025-10-18T12:15:29","date_gmt":"2025-10-18T12:15:29","guid":{"rendered":"https:\/\/www.europesays.com\/fr\/472430\/"},"modified":"2025-10-18T12:15:29","modified_gmt":"2025-10-18T12:15:29","slug":"frappes-russes-sur-lukraine-des-coupures-de-courant-massives-touchent-plusieurs-regions","status":"publish","type":"post","link":"https:\/\/www.europesays.com\/fr\/472430\/","title":{"rendered":"Frappes russes sur l&rsquo;Ukraine : des coupures de courant massives touchent plusieurs r\u00e9gions"},"content":{"rendered":"<p>  Par&amp;nbsp<a href=\"https:\/\/fr.euronews.com\/profils\/3472\" rel=\"nofollow noopener\" target=\"_blank\">Jeremiah Fisayo-Bambi<\/a>&amp;nbsp&amp;&amp;nbsp<b>Jean-Philippe LIABOT<\/b>&amp;nbspavec&amp;nbsp<b>AP<\/b><\/p>\n<p>\n                    Publi\u00e9 le                 17\/10\/2025 &#8211; 11:58 UTC+2<br \/>\n                \u2022Mis \u00e0 jour<br \/>\n                                     12:08\n                                        <\/p>\n<p>          <img decoding=\"async\" class=\"c-ad__placeholder__logo\" src=\"https:\/\/static.euronews.com\/website\/images\/logos\/logo-euronews-stacked-outlined-72x72-grey-9.svg\" width=\"72\" height=\"72\" alt=\"\" loading=\"lazy\"\/><br \/>\n          PUBLICIT\u00c9<\/p>\n<p>Alors que <strong>Volodymyr Zelensky<\/strong> est \u00e0 la Maison Blanche pour rencontrer le pr\u00e9sident am\u00e9ricain <strong>Donald Trump<\/strong>, les autorit\u00e9s ukrainiennes ont d\u00e9clar\u00e9 jeudi que les <strong>attaques russes<\/strong> sur les infrastructures \u00e9nerg\u00e9tiques ont provoqu\u00e9 des <strong>pannes de courant<\/strong> \u00e0 travers le pays.<\/p>\n<p>Huit r\u00e9gions ukrainiennes ont \u00e9t\u00e9 impact\u00e9es apr\u00e8s un tir de barrage, a indiqu\u00e9 l&rsquo;op\u00e9rateur \u00e9nerg\u00e9tique national ukrainien, <strong>Ukrenergo<\/strong>.<\/p>\n<p>Selon Zelensky, la Russie a tir\u00e9 plus de 300 drones et 37 missiles sur l&rsquo;Ukraine durant la nuit. Il a accus\u00e9 Moscou d&rsquo;utiliser des munitions \u00e0 fragmentation et de mener des frappes r\u00e9p\u00e9t\u00e9es sur les m\u00eames cibles pour atteindre les \u00e9quipes d&rsquo;urgence et les ing\u00e9nieurs travaillant \u00e0 la r\u00e9paration du r\u00e9seau.<\/p>\n<p>\u00ab Cet automne, les Russes utilisent chaque jour pour frapper notre infrastructure \u00e9nerg\u00e9tique \u00bb, a d\u00e9clar\u00e9 Zelensky sur Telegram.<\/p>\n<p>L&rsquo;attaque russe est la derni\u00e8re en date d&rsquo;une s\u00e9rie de bombardements lourds sur le r\u00e9seau \u00e9lectrique ukrainien et survient alors que Zelensky fait pression pour obtenir des <strong>missiles am\u00e9ricains Tomahawk<\/strong> capables de p\u00e9n\u00e9trer plus profond\u00e9ment en Russie, ce qu&rsquo;il croit dissuadera Moscou de continuer sa guerre contre son pays.<\/p>\n<p>Ce jeudi, avant la r\u00e9union de vendredi avec Zelensky, Donald Trump a parl\u00e9 avec <strong>Vladimir Poutine lors d&rsquo;un appel t\u00e9l\u00e9phonique<\/strong> qui, selon la Maison Blanche, a \u00e9t\u00e9 initi\u00e9 par le Kremlin et a dur\u00e9 plus de deux heures.<\/p>\n<p>Trump a annonc\u00e9 apr\u00e8s l&rsquo;appel qu&rsquo;il rencontrerait Poutine \u00e0 <strong>Budapest, en Hongrie<\/strong>, pour tenter de mettre fin \u00e0 la guerre. Aucune date n&rsquo;a \u00e9t\u00e9 fix\u00e9e pour cette r\u00e9union.<\/p>\n<p>Trump a d\u00e9clar\u00e9 dans un post sur Truth Social qu&rsquo;il discutera de son appel avec Poutine \u00ab et bien plus encore \u00bb lors de ses entretiens avec Zelensky vendredi, ajoutant qu\u2019\u00ab il croit que de grands progr\u00e8s ont \u00e9t\u00e9 r\u00e9alis\u00e9s lors de cette conversation t\u00e9l\u00e9phonique \u00bb.<\/p>\n<p>Le r\u00e9seau \u00e9lectrique ukrainien, une des principales cibles de la Russie<\/p>\n<p>Jeudi, DTEK, la plus grande entreprise priv\u00e9e d&rsquo;\u00e9nergie du pays, a signal\u00e9 des pannes dans la capitale, Kyiv, et a indiqu\u00e9 avoir d\u00fb arr\u00eater son extraction de gaz naturel dans la r\u00e9gion centrale de Poltava en raison des frappes.<\/p>\n<p>Les infrastructures de gaz naturel ont \u00e9t\u00e9 endommag\u00e9es pour la sixi\u00e8me fois ce mois-ci, a d\u00e9clar\u00e9 Naftogaz, la compagnie p\u00e9troli\u00e8re et gazi\u00e8re publique ukrainienne.<\/p>\n<p>Comme c&rsquo;est devenu courant, les attaques russes augmentent \u00e0 l&rsquo;approche des mois de froid intense, dans une strat\u00e9gie que les responsables ukrainiens qualifient de \u00ab <strong>militarisation de l&rsquo;hiver<\/strong> \u00bb. La Russie affirme de son c\u00f4t\u00e9 ne viser que des cibles de valeur militaire.<\/p>\n<p>L&rsquo;Ukraine a r\u00e9pliqu\u00e9 en ciblant des raffineries de p\u00e9trole et des infrastructures connexes cruciales pour l&rsquo;\u00e9conomie et l&rsquo;effort de guerre russes, notamment en Crim\u00e9e \u00e0 <strong>Simferopol<\/strong> comme le montrait les r\u00e9seaux sociaux ce vendredi. <\/p>\n<p>L&rsquo;\u00e9tat-major g\u00e9n\u00e9ral ukrainien a d\u00e9clar\u00e9 jeudi que ses forces avaient aussi frapp\u00e9 la raffinerie de p\u00e9trole de Saratov, dans la r\u00e9gion russe du m\u00eame nom, pour la deuxi\u00e8me fois en deux mois.<\/p>\n<p>L&rsquo;installation est situ\u00e9e \u00e0 environ 500 kilom\u00e8tres de la fronti\u00e8re ukrainienne. Moscou n&rsquo;a pas imm\u00e9diatement comment\u00e9 cette affirmation.<\/p>\n<p>Ces attaques r\u00e9p\u00e9t\u00e9es sur des installations \u00e9nerg\u00e9tiques cruciales, perturbent l&rsquo;approvisionnement en carburant de nombreuses r\u00e9gions russes depuis quelques semaines.<\/p>\n<p><strong>L&rsquo;Ukraine cherche des d\u00e9fenses a\u00e9riennes et des missiles d&rsquo;attaque<\/strong><\/p>\n<p>Les forces ukrainiennes ont r\u00e9sist\u00e9 depuis pr\u00e8s de 4 ans \u00e0 une arm\u00e9e plus grande et mieux \u00e9quip\u00e9e, la limitant \u00e0 une guerre d&rsquo;usure le long de la ligne de front d&rsquo;environ 1 000 kilom\u00e8tres.<\/p>\n<p>Mais l&rsquo;Ukraine, un territoire presque de la taille de l&rsquo;\u00c9tat am\u00e9ricain du Texas, est difficile \u00e0 d\u00e9fendre enti\u00e8rement depuis les airs, et les responsables de Kyiv cherchent davantage d&rsquo;aide occidentale pour repousser les attaques a\u00e9riennes incessantes et riposter contre la Russie.<\/p>\n<p>Elle cherche \u00e0 obtenir des missiles de croisi\u00e8re Tomahawk, des syst\u00e8mes de d\u00e9fense a\u00e9rienne Patriot, et des accords de production conjointe de drones des \u00c9tats-Unis, selon les responsables de Kyiv. Zelensky souhaite \u00e9galement des sanctions \u00e9conomiques internationales plus s\u00e9v\u00e8res contre Moscou.<\/p>\n","protected":false},"excerpt":{"rendered":"Par&amp;nbspJeremiah Fisayo-Bambi&amp;nbsp&amp;&amp;nbspJean-Philippe LIABOT&amp;nbspavec&amp;nbspAP Publi\u00e9 le 17\/10\/2025 &#8211; 11:58 UTC+2 \u2022Mis \u00e0 jour 12:08 PUBLICIT\u00c9 Alors que Volodymyr Zelensky&hellip;\n","protected":false},"author":2,"featured_media":472431,"comment_status":"","ping_status":"","sticky":false,"template":"","format":"standard","meta":{"footnotes":""},"categories":[1590],"tags":[11,1777,674,131,2025,12,132,220,134],"class_list":{"0":"post-472430","1":"post","2":"type-post","3":"status-publish","4":"format-standard","5":"has-post-thumbnail","7":"category-ukraine","8":"tag-actualites","9":"tag-eu","10":"tag-europe","11":"tag-guerre-en-ukraine","12":"tag-invasion-de-la-russie-en-ukraine","13":"tag-news","14":"tag-russie","15":"tag-ukraine","16":"tag-volodymyr-zelensky"},"share_on_mastodon":{"url":"https:\/\/pubeurope.com\/@fr\/115395121948361680","error":""},"_links":{"self":[{"href":"https:\/\/www.europesays.com\/fr\/wp-json\/wp\/v2\/posts\/472430","targetHints":{"allow":["GET"]}}],"collection":[{"href":"https:\/\/www.europesays.com\/fr\/wp-json\/wp\/v2\/posts"}],"about":[{"href":"https:\/\/www.europesays.com\/fr\/wp-json\/wp\/v2\/types\/post"}],"author":[{"embeddable":true,"href":"https:\/\/www.europesays.com\/fr\/wp-json\/wp\/v2\/users\/2"}],"replies":[{"embeddable":true,"href":"https:\/\/www.europesays.com\/fr\/wp-json\/wp\/v2\/comments?post=472430"}],"version-history":[{"count":0,"href":"https:\/\/www.europesays.com\/fr\/wp-json\/wp\/v2\/posts\/472430\/revisions"}],"wp:featuredmedia":[{"embeddable":true,"href":"https:\/\/www.europesays.com\/fr\/wp-json\/wp\/v2\/media\/472431"}],"wp:attachment":[{"href":"https:\/\/www.europesays.com\/fr\/wp-json\/wp\/v2\/media?parent=472430"}],"wp:term":[{"taxonomy":"category","embeddable":true,"href":"https:\/\/www.europesays.com\/fr\/wp-json\/wp\/v2\/categories?post=472430"},{"taxonomy":"post_tag","embeddable":true,"href":"https:\/\/www.europesays.com\/fr\/wp-json\/wp\/v2\/tags?post=472430"}],"curies":[{"name":"wp","href":"https:\/\/api.w.org\/{rel}","templated":true}]}}