{"id":472432,"date":"2025-10-18T12:16:11","date_gmt":"2025-10-18T12:16:11","guid":{"rendered":"https:\/\/www.europesays.com\/fr\/472432\/"},"modified":"2025-10-18T12:16:11","modified_gmt":"2025-10-18T12:16:11","slug":"aux-etats-unis-la-repression-contre-les-immigres-prend-des-airs-de-goulag","status":"publish","type":"post","link":"https:\/\/www.europesays.com\/fr\/472432\/","title":{"rendered":"Aux \u00c9tats-Unis, la r\u00e9pression contre les immigr\u00e9s prend des airs de \u201cgoulag\u201d"},"content":{"rendered":"\n<p>La sc\u00e8ne se d\u00e9roule en juillet, dans un ascenseur du b\u00e2timent f\u00e9d\u00e9ral Jacob K. Javits, \u00e0 New York. Face aux deux agents f\u00e9d\u00e9raux masqu\u00e9s qui se saisissent de lui, le visage d\u2019un homme est marqu\u00e9 par l\u2019incompr\u00e9hension. C\u2019est cette sc\u00e8ne qu\u2019a choisie <a class=\"ithalc\" data-ithal=\"lien_externe\" data-ithalc=\"[nav_article]\" target=\"_blank\" href=\"https:\/\/www.motherjones.com\/politics\/2025\/10\/american-gulag-immigration-police-state-ice-deportation-detention-centers-trump-miller\/\" rel=\"noopener\">le magazine de gauche <strong>Mother Jones<\/strong><\/a> pour illustrer son num\u00e9ro de novembre et d\u00e9cembre 2025, consacr\u00e9 aux m\u00e9thodes brutales employ\u00e9es par l\u2019Immigration and Customs Enforcement (ICE), la police de l\u2019immigration am\u00e9ricaine.<\/p>\n<p>\u201cEn mati\u00e8re de politique d\u2019immigration, le pr\u00e9sident Donald Trump a toujours fait preuve de cruaut\u00e9, souligne le magazine, mais son animosit\u00e9 envers les immigr\u00e9s s\u2019accompagne d\u00e9sormais d\u2019un financement, de moyens humains et de technologies sans pr\u00e9c\u00e9dent\u201d.<\/p>\n<p>Avec son dossier, Mother Jones entend d\u00e9voiler les coulisses du syst\u00e8me r\u00e9pressif d\u2019ampleur mis en place par le gouvernement am\u00e9ricain. Financ\u00e9 par un budget colossal de \u201cdizaines de milliards de dollars\u201d, celui-ci ne se limite plus \u00e0 l\u2019emploi de la force physique et \u00e0 l\u2019enfermement dans des centres de d\u00e9tention.<\/p>\n<p>                    Jusqu\u2019au-boutisme       <\/p>\n<p>Le magazine d\u00e9crit la mise au pas de l\u2019\u00e9conomie am\u00e9ricaine, au service de la r\u00e9pression. \u201cDes entrepreneurs proches de l\u2019administration s\u2019affairent \u00e0 proposer des applications de scan de l\u2019iris\u201d, peut-on lire. Le gouvernement fait aussi appel \u00e0 \u201cleur expertise en logistique\u201d pour mettre \u00e0 disposition des \u201cflottes d\u2019avions pr\u00eats pour l\u2019expulsion\u201d.<\/p>\n<p>Cette philosophie jusqu\u2019au-boutiste repose sur des objectifs chiffr\u00e9s\u00a0: \u201cUn\u00a0million d\u2019expulsions d\u2019ici \u00e0 la fin de l\u2019ann\u00e9e\u201d, 50\u00a0nouveaux centres de d\u00e9tention, \u201c107\u00a0000\u00a0d\u00e9tenus\u201d\u2026 Le tout sans \u00e9gard pour les vies humaines impliqu\u00e9es. L\u2019un des volets du dossier r\u00e9v\u00e8le ainsi la \u201cguerre psychologique\u201d \u00e0 laquelle sont soumis les occupants du centre de d\u00e9tention Alligator Alcatraz, en Floride, o\u00f9 des ch\u00e2timents comme \u201cl\u2019exposition au soleil et aux moustiques\u201d compl\u00e8tent les privations d\u2019usage, dont un acc\u00e8s restreint \u00e0 l\u2019eau potable.<\/p>\n","protected":false},"excerpt":{"rendered":"La sc\u00e8ne se d\u00e9roule en juillet, dans un ascenseur du b\u00e2timent f\u00e9d\u00e9ral Jacob K. Javits, \u00e0 New York.&hellip;\n","protected":false},"author":2,"featured_media":472433,"comment_status":"","ping_status":"","sticky":false,"template":"","format":"standard","meta":{"footnotes":""},"categories":[1589],"tags":[11,3822,75,73,1866,1061,12,316,1857,770,22336,1864,1865,1863,308],"class_list":{"0":"post-472432","1":"post","2":"type-post","3":"status-publish","4":"format-standard","5":"has-post-thumbnail","7":"category-etats-unis","8":"tag-actualites","9":"tag-amu00e9riques","10":"tag-donald-trump","11":"tag-etats-unis","12":"tag-etats-unis-damerique","13":"tag-immigration","14":"tag-news","15":"tag-politique","16":"tag-sociu00e9tu00e9","17":"tag-u00e9tats-unis","18":"tag-une-du-jour","19":"tag-united-states","20":"tag-united-states-of-america","21":"tag-us","22":"tag-usa"},"share_on_mastodon":{"url":"https:\/\/pubeurope.com\/@fr\/115395125910829488","error":""},"_links":{"self":[{"href":"https:\/\/www.europesays.com\/fr\/wp-json\/wp\/v2\/posts\/472432","targetHints":{"allow":["GET"]}}],"collection":[{"href":"https:\/\/www.europesays.com\/fr\/wp-json\/wp\/v2\/posts"}],"about":[{"href":"https:\/\/www.europesays.com\/fr\/wp-json\/wp\/v2\/types\/post"}],"author":[{"embeddable":true,"href":"https:\/\/www.europesays.com\/fr\/wp-json\/wp\/v2\/users\/2"}],"replies":[{"embeddable":true,"href":"https:\/\/www.europesays.com\/fr\/wp-json\/wp\/v2\/comments?post=472432"}],"version-history":[{"count":0,"href":"https:\/\/www.europesays.com\/fr\/wp-json\/wp\/v2\/posts\/472432\/revisions"}],"wp:featuredmedia":[{"embeddable":true,"href":"https:\/\/www.europesays.com\/fr\/wp-json\/wp\/v2\/media\/472433"}],"wp:attachment":[{"href":"https:\/\/www.europesays.com\/fr\/wp-json\/wp\/v2\/media?parent=472432"}],"wp:term":[{"taxonomy":"category","embeddable":true,"href":"https:\/\/www.europesays.com\/fr\/wp-json\/wp\/v2\/categories?post=472432"},{"taxonomy":"post_tag","embeddable":true,"href":"https:\/\/www.europesays.com\/fr\/wp-json\/wp\/v2\/tags?post=472432"}],"curies":[{"name":"wp","href":"https:\/\/api.w.org\/{rel}","templated":true}]}}