{"id":472436,"date":"2025-10-18T12:18:24","date_gmt":"2025-10-18T12:18:24","guid":{"rendered":"https:\/\/www.europesays.com\/fr\/472436\/"},"modified":"2025-10-18T12:18:24","modified_gmt":"2025-10-18T12:18:24","slug":"victoire-de-lallemagne-la-france-tenue-en-echec","status":"publish","type":"post","link":"https:\/\/www.europesays.com\/fr\/472436\/","title":{"rendered":"Victoire de l&rsquo;Allemagne, la France tenue en \u00e9chec"},"content":{"rendered":"<p>L&rsquo;Allemagne s&rsquo;est impos\u00e9e 1-0 en Irlande du Nord dans le match au sommet de son groupe de qualification pour la Coupe du monde. De son c\u00f4t\u00e9, la France n&rsquo;a fait que 2-2 en Islande alors que la Belgique a pris le dessus sur le Pays de Galles (4-2).<\/p>\n<p>Nick Woltemade a marqu\u00e9 le but de la victoire 1-0 \u00e0 la 31e minute, de l&rsquo;\u00e9paule, sur un corner de David Raum. Pour l&rsquo;attaquant de Newcastle United, il s&rsquo;agissait de son premier but en six matchs internationaux. Les Nord-Irlandais, qui avaient marqu\u00e9 en position de hors-jeu \u00e0 la 14e minute, ont r\u00e9sist\u00e9 et ont eu de bonnes occasions de but apr\u00e8s la pause.<\/p>\n<p>Gr\u00e2ce \u00e0 cette victoire, l&rsquo;Allemagne reste en t\u00eate du classement, \u00e0 \u00e9galit\u00e9 de points avec la Slovaquie, qui a f\u00eat\u00e9 une victoire 2-0 \u00e0 domicile contre le Luxembourg. Les Allemands rencontreront la Slovaquie \u00e0 Leipzig le 17 novembre pour clore les qualifications. Avant cela, l&rsquo;Allemagne jouera au Luxembourg et la Slovaquie \u00e0 domicile contre l&rsquo;Irlande du Nord.<\/p>\n<p>La France prend 1 point en Islande, la Belgique mate le Pays de Galles<\/p>\n<p>Sans Kylian Mbapp\u00e9, bless\u00e9, et de nombreux autres joueurs absents, la France a conc\u00e9d\u00e9 le nul en Islande. Christopher Nkunku et Jean-Philippe Mateta ont certes r\u00e9ussi \u00e0 renverser la vapeur en marquant apr\u00e8s un peu plus d&rsquo;une heure de jeu (2-1), mais les Islandais ont \u00e9galis\u00e9 peu apr\u00e8s par Kristian Hlynsson (2-2). En t\u00eate du classement, les Fran\u00e7ais ont encore trois points d&rsquo;avance sur l&rsquo;Ukraine, vainqueure 2-1 contre l&rsquo;Azerba\u00efdjan.<\/p>\n<p>Enfin, la Belgique a f\u00eat\u00e9 une victoire importante en s&rsquo;imposant 4-2 au Pays de Galles apr\u00e8s avoir \u00e9t\u00e9 men\u00e9e au score. Kevin de Bruyne a marqu\u00e9 un doubl\u00e9 gr\u00e2ce \u00e0 deux penalties. Avec ces trois points, la Belgique a non seulement distanc\u00e9 le Pays de Galles dans un groupe J tr\u00e8s disput\u00e9, mais elle a \u00e9galement d\u00e9pass\u00e9 la Mac\u00e9doine du Nord, qui n&rsquo;a fait que 1-1 face au Kazakhstan.<\/p>\n<p><strong class=\"inline-title\">&gt;&gt; A lire aussi\u00a0: <\/strong><a href=\"https:\/\/www.rts.ch\/sport\/football\/2025\/article\/suisse-slovenie-0-0-un-point-precieux-pour-la-qualification-au-mondial-2026-29028064.html\" data-item-id=\"richtext_link\" target=\"_blank\" rel=\"noopener\">\u00ab\u00a0Ce n&rsquo;est d\u00e9finitivement pas un mauvais mais un bon point\u00a0\u00bb, souligne Embolo<\/a>, <a href=\"https:\/\/www.rts.ch\/sport\/football\/2025\/article\/suisse-slovenie-0-0-qualification-pour-le-mondial-2026-retardee-29028001.html\" data-item-id=\"richtext_link\" target=\"_blank\" rel=\"noopener\">Accroch\u00e9e par la Slov\u00e9nie, la Suisse doit encore patienter<\/a> et <a href=\"https:\/\/www.rts.ch\/sport\/football\/2025\/article\/le-cap-vert-se-qualifie-pour-sa-1ere-coupe-du-monde-exploit-historique-29027889.html\" data-item-id=\"richtext_link\" target=\"_blank\" rel=\"noopener\">Le Cap-Vert se qualifie pour la premi\u00e8re fois de son histoire<\/a><\/p>\n<p class=\"sources\">ats\/pza<\/p>\n","protected":false},"excerpt":{"rendered":"L&rsquo;Allemagne s&rsquo;est impos\u00e9e 1-0 en Irlande du Nord dans le match au sommet de son groupe de qualification&hellip;\n","protected":false},"author":2,"featured_media":472437,"comment_status":"","ping_status":"","sticky":false,"template":"","format":"standard","meta":{"footnotes":""},"categories":[1587],"tags":[11,672,1804,29369,14306,24277,1805,1803,1777,674,63,27,1801,16776,59584,12528,12,33579,12044,59585,1802,517,1264],"class_list":{"0":"post-472436","1":"post","2":"type-post","3":"status-publish","4":"format-standard","5":"has-post-thumbnail","7":"category-allemagne","8":"tag-actualites","9":"tag-allemagne","10":"tag-bundesrepublik-deutschland","11":"tag-competition-de-qualification","12":"tag-competition-sportive","13":"tag-coupe-du-monde-de-football","14":"tag-de","15":"tag-deutschland","16":"tag-eu","17":"tag-europe","18":"tag-football","19":"tag-france","20":"tag-germany","21":"tag-irlande-du-nord","22":"tag-irlande-du-nord-allemagne","23":"tag-islande","24":"tag-news","25":"tag-nick-woltemade","26":"tag-pays-de-galles","27":"tag-qualifs-coupe-du-monde-groupe-a-4e-journee","28":"tag-republique-federale-dallemagne","29":"tag-sport","30":"tag-victoire"},"share_on_mastodon":{"url":"https:\/\/pubeurope.com\/@fr\/115395133747619818","error":""},"_links":{"self":[{"href":"https:\/\/www.europesays.com\/fr\/wp-json\/wp\/v2\/posts\/472436","targetHints":{"allow":["GET"]}}],"collection":[{"href":"https:\/\/www.europesays.com\/fr\/wp-json\/wp\/v2\/posts"}],"about":[{"href":"https:\/\/www.europesays.com\/fr\/wp-json\/wp\/v2\/types\/post"}],"author":[{"embeddable":true,"href":"https:\/\/www.europesays.com\/fr\/wp-json\/wp\/v2\/users\/2"}],"replies":[{"embeddable":true,"href":"https:\/\/www.europesays.com\/fr\/wp-json\/wp\/v2\/comments?post=472436"}],"version-history":[{"count":0,"href":"https:\/\/www.europesays.com\/fr\/wp-json\/wp\/v2\/posts\/472436\/revisions"}],"wp:featuredmedia":[{"embeddable":true,"href":"https:\/\/www.europesays.com\/fr\/wp-json\/wp\/v2\/media\/472437"}],"wp:attachment":[{"href":"https:\/\/www.europesays.com\/fr\/wp-json\/wp\/v2\/media?parent=472436"}],"wp:term":[{"taxonomy":"category","embeddable":true,"href":"https:\/\/www.europesays.com\/fr\/wp-json\/wp\/v2\/categories?post=472436"},{"taxonomy":"post_tag","embeddable":true,"href":"https:\/\/www.europesays.com\/fr\/wp-json\/wp\/v2\/tags?post=472436"}],"curies":[{"name":"wp","href":"https:\/\/api.w.org\/{rel}","templated":true}]}}