{"id":472438,"date":"2025-10-18T12:19:11","date_gmt":"2025-10-18T12:19:11","guid":{"rendered":"https:\/\/www.europesays.com\/fr\/472438\/"},"modified":"2025-10-18T12:19:11","modified_gmt":"2025-10-18T12:19:11","slug":"tennis-atp-vienne-retour-en-europe-manque-terence-atmane-balaye-en-moins-dune-heure","status":"publish","type":"post","link":"https:\/\/www.europesays.com\/fr\/472438\/","title":{"rendered":"Tennis. ATP &#8211; Vienne &#8211; Retour en Europe manqu\u00e9 : Terence Atmane balay\u00e9 en moins d&rsquo;une heure"},"content":{"rendered":"<p>Le <a href=\"https:\/\/www.tennisactu.net\/..\/news-atp-vienne-terence-atmane-effectue-son-retour-en-europe-ce-samedi-119567.html\" rel=\"nofollow noopener\" target=\"_blank\">retour de<\/a><strong><a href=\"https:\/\/www.tennisactu.net\/..\/news-atp-vienne-terence-atmane-effectue-son-retour-en-europe-ce-samedi-119567.html\" rel=\"nofollow noopener\" target=\"_blank\"> Terence Atmane<\/a>,<\/strong> ce samedi \u00e0 <strong>Vienne<\/strong>, a tourn\u00e9 court : le Fran\u00e7ais, 66e au classement ATP, s&rsquo;est inclin\u00e9 d\u00e8s le premier tour des qualifications contre l&rsquo;Am\u00e9ricain<strong> Mackenzie McDonald<\/strong>. Et le Nordiste n&rsquo;a pas vu le jour dans cette rencontre. Apr\u00e8s avoir tenu dans la premi\u00e8re manche (3-3), il a perdu pied et conc\u00e9d\u00e9 neuf des dix jeux suivants (6-3, 6-1). R\u00e9sultat : un revers en 59 minutes, et aucune chance d&rsquo;\u00eatre rep\u00each\u00e9 en cas d&rsquo;\u00e9ventuels forfaits.<\/p>\n<p>Vid\u00e9o &#8211; Franck Paque parlait de Terence Atmane avec Tennis Actu Lire la suite de l&rsquo;article&#13;<\/p>\n<p>\u00a0<\/p>\n<p>&#13;<br \/>\n<a href=\"https:\/\/www.atptour.com\/en\/scores\/current\/vienna\/337\/draws\" rel=\"nofollow noopener\" target=\"_blank\">Retrouvez le tableau des qualifications de l&rsquo;ATP 500 de Vienne en cliquant ICI<\/a>&#13;<\/p>\n<p style=\"text-align: center;\">\u00a0<\/p>\n<p>&#13;<br \/>\nMoutet dans le tableau, Sinner en star&#13;<\/p>\n<p>La t\u00eate de s\u00e9rie 1 des qualifications est\u00a0<strong>Marton Fucsovics<\/strong>. En indoor, le Hongrois sait briller. Il commencera contre l&rsquo;Australien\u00a0<strong>Tristan Schoolkate<\/strong>. Notons qu&rsquo;un seul Fran\u00e7ais est directement dans le tableau :\u00a0<strong>Corentin Moutet<\/strong>.<strong> Jannik Sinner<\/strong>\u00a0sera la star de l&rsquo;\u00e9preuve.\u00a0<strong>Alexander Zverev<\/strong>\u00a0l&rsquo;accompagnera.<\/p>\n","protected":false},"excerpt":{"rendered":"Le retour de Terence Atmane, ce samedi \u00e0 Vienne, a tourn\u00e9 court : le Fran\u00e7ais, 66e au classement&hellip;\n","protected":false},"author":2,"featured_media":472439,"comment_status":"","ping_status":"","sticky":false,"template":"","format":"standard","meta":{"footnotes":""},"categories":[1586],"tags":[47,11,4169,59586,1777,674,1011,27,955,12,25,1467,4170],"class_list":{"0":"post-472438","1":"post","2":"type-post","3":"status-publish","4":"format-standard","5":"has-post-thumbnail","7":"category-europe","8":"tag-actualite","9":"tag-actualites","10":"tag-atp","11":"tag-atp-vienne","12":"tag-eu","13":"tag-europe","14":"tag-fr","15":"tag-france","16":"tag-match","17":"tag-news","18":"tag-republique-francaise","19":"tag-tennis","20":"tag-wta"},"share_on_mastodon":{"url":"https:\/\/pubeurope.com\/@fr\/115395137652003174","error":""},"_links":{"self":[{"href":"https:\/\/www.europesays.com\/fr\/wp-json\/wp\/v2\/posts\/472438","targetHints":{"allow":["GET"]}}],"collection":[{"href":"https:\/\/www.europesays.com\/fr\/wp-json\/wp\/v2\/posts"}],"about":[{"href":"https:\/\/www.europesays.com\/fr\/wp-json\/wp\/v2\/types\/post"}],"author":[{"embeddable":true,"href":"https:\/\/www.europesays.com\/fr\/wp-json\/wp\/v2\/users\/2"}],"replies":[{"embeddable":true,"href":"https:\/\/www.europesays.com\/fr\/wp-json\/wp\/v2\/comments?post=472438"}],"version-history":[{"count":0,"href":"https:\/\/www.europesays.com\/fr\/wp-json\/wp\/v2\/posts\/472438\/revisions"}],"wp:featuredmedia":[{"embeddable":true,"href":"https:\/\/www.europesays.com\/fr\/wp-json\/wp\/v2\/media\/472439"}],"wp:attachment":[{"href":"https:\/\/www.europesays.com\/fr\/wp-json\/wp\/v2\/media?parent=472438"}],"wp:term":[{"taxonomy":"category","embeddable":true,"href":"https:\/\/www.europesays.com\/fr\/wp-json\/wp\/v2\/categories?post=472438"},{"taxonomy":"post_tag","embeddable":true,"href":"https:\/\/www.europesays.com\/fr\/wp-json\/wp\/v2\/tags?post=472438"}],"curies":[{"name":"wp","href":"https:\/\/api.w.org\/{rel}","templated":true}]}}