{"id":472442,"date":"2025-10-18T12:22:13","date_gmt":"2025-10-18T12:22:13","guid":{"rendered":"https:\/\/www.europesays.com\/fr\/472442\/"},"modified":"2025-10-18T12:22:13","modified_gmt":"2025-10-18T12:22:13","slug":"ce-qui-a-change-la-donne-cest-la-suspension-de-la-reforme-des-retraites","status":"publish","type":"post","link":"https:\/\/www.europesays.com\/fr\/472442\/","title":{"rendered":"\u00abCe qui a chang\u00e9 la donne, c\u2019est la suspension de la r\u00e9forme des retraites\u00bb"},"content":{"rendered":"<p>\n    <strong>ENTRETIEN \u2013\u00a0<\/strong>Pour \u00c9ric Dor, directeur des \u00e9tudes \u00e9conomiques \u00e0 l\u2019I\u00c9SEG School of Management, la d\u00e9cision de S&amp;P annonc\u00e9e vendredi soir ne devrait pas, \u00e0 court terme, avoir d\u2019impact sur la capacit\u00e9 de la France \u00e0 emprunter sur les march\u00e9s. M\u00eame si Paris n\u2019est \u00abpas \u00e0 l\u2019abri\u00bb d\u2019un sc\u00e9nario noir.<\/p>\n<p class=\"fig-paragraph\">Encore une mauvaise nouvelle pour l\u2019\u00e9conomie fran\u00e7aise. Alors que sa prochaine d\u00e9cision \u00e9tait attendue le 28 novembre prochain, l\u2019agence de notation S&amp;P a d\u00e9cid\u00e9 de l\u2019anticiper, en\u00a0<a href=\"http:\/\/www.lefigaro.fr\/conjoncture\/dette-s-p-degrade-a-son-tour-la-france-et-sanctionne-sans-attendre-la-derive-des-finances-publiques-20251018\" target=\"_blank\" data-fig-type=\"NewsFlash\" rel=\"noopener\" data-gtm-custom-categorie=\"navigation\" data-gtm-custom-action=\"crossclick\" data-gtm-custom-label=\"Contextuel\" data-gtm-event=\"customEventSPE\" data-fig-domain=\"LEFIGARO\">d\u00e9gradant la note souveraine de la France vendredi soir<\/a>, la faisant passer de AA- \u00e0 A+ (avec perspective stable). \u00abMalgr\u00e9 la pr\u00e9sentation cette semaine du projet de budget 2026 au Parlement, l\u2019incertitude pesant sur les finances publiques fran\u00e7aises reste \u00e9lev\u00e9e\u00bb, a-t-elle justifi\u00e9. Pour Eric Dor, directeur des \u00e9tudes \u00e9conomiques \u00e0 l\u2019I\u00c9SEG School of Management, la raison est \u00e0 chercher du c\u00f4t\u00e9 de la\u00a0<a href=\"http:\/\/www.lefigaro.fr\/politique\/suspension-de-la-reforme-des-retraites-edouard-philippe-juge-la-concession-de-sebastien-lecornu-aux-socialistes-trop-importante-20251016\" data-fig-type=\"NewsFlash\" data-gtm-custom-categorie=\"navigation\" data-gtm-custom-action=\"crossclick\" data-gtm-custom-label=\"Contextuel\" data-gtm-event=\"customEventSPE\" data-fig-domain=\"LEFIGARO\" target=\"_blank\" rel=\"noopener\">suspension de la r\u00e9forme des retraites<\/a>, annonc\u00e9e par S\u00e9bastien Lecornu cette semaine.<\/p>\n<p class=\"fig-premium-paywall__infos\">\n        Cet article est r\u00e9serv\u00e9 aux abonn\u00e9s.        Il vous reste 89% \u00e0 d\u00e9couvrir.\n    <\/p>\n<p>                <img  data- alt=\"Le Figaro\" class=\"fig-img--complete fig-img\"\/><\/p>\n<p class=\"fig-premium-paywall__title\">Vous avez envie de lire la suite ?<\/p>\n<p class=\"fig-premium-paywall__subtitle\">D\u00e9bloquez tous les articles imm\u00e9diatement.<\/p>\n<p class=\"fig-premium-paywall__connect\">\n                D\u00e9j\u00e0 abonn\u00e9\u00a0?                <a class=\"fig-premium-paywall__connect-link\" href=\"https:\/\/connect.lefigaro.fr\/login?client=horizon_web&amp;type=main&amp;redirect_uri=https%3A%2F%2Fwww.lefigaro.fr%2Fconjoncture%2Fdegradation-de-la-note-de-la-france-ce-qui-a-change-la-donne-c-est-la-suspension-de-la-reforme-des-retraites-20251018\" data-js-gtm=\"{&quot;customCategorie&quot;: &quot;conversion&quot;, &quot;customAction&quot;: &quot;before_Landing_Connexion_paywall_manuel&quot;, &quot;customLabel&quot;: &quot;bGVmaWdhcm8uZnJfXzFmMGFiZmVjLTQ4MjQtNjE4YS05YWRjLTczM2NjZDc0MjdmM19fQXJ0aWNsZQ==_D\u00e9gradation de la note de la France\u00a0: \u00abCe qui a chang\u00e9 la donne, c\u2019est la suspension de la r\u00e9forme des retraites\u00bb_1441&quot;, &quot;customIDSPE&quot;: &quot;bGVmaWdhcm8uZnJfXzFmMGFiZmVjLTQ4MjQtNjE4YS05YWRjLTczM2NjZDc0MjdmM19fQXJ0aWNsZQ==&quot;, &quot;event&quot;: &quot;customEventSPE&quot;}\" target=\"_blank\" rel=\"noopener\"><br \/>\n                    Connectez-vous<br \/>\n                <\/a>\n            <\/p>\n","protected":false},"excerpt":{"rendered":"ENTRETIEN \u2013\u00a0Pour \u00c9ric Dor, directeur des \u00e9tudes \u00e9conomiques \u00e0 l\u2019I\u00c9SEG School of Management, la d\u00e9cision de S&amp;P annonc\u00e9e&hellip;\n","protected":false},"author":2,"featured_media":472443,"comment_status":"","ping_status":"","sticky":false,"template":"","format":"standard","meta":{"footnotes":""},"categories":[2],"tags":[11,22510,1011,27,12,25,9910,59587],"class_list":{"0":"post-472442","1":"post","2":"type-post","3":"status-publish","4":"format-standard","5":"has-post-thumbnail","7":"category-actualites","8":"tag-actualites","9":"tag-agences-de-notation","10":"tag-fr","11":"tag-france","12":"tag-news","13":"tag-republique-francaise","14":"tag-retraites","15":"tag-sp"},"share_on_mastodon":{"url":"https:\/\/pubeurope.com\/@fr\/115395149412854506","error":""},"_links":{"self":[{"href":"https:\/\/www.europesays.com\/fr\/wp-json\/wp\/v2\/posts\/472442","targetHints":{"allow":["GET"]}}],"collection":[{"href":"https:\/\/www.europesays.com\/fr\/wp-json\/wp\/v2\/posts"}],"about":[{"href":"https:\/\/www.europesays.com\/fr\/wp-json\/wp\/v2\/types\/post"}],"author":[{"embeddable":true,"href":"https:\/\/www.europesays.com\/fr\/wp-json\/wp\/v2\/users\/2"}],"replies":[{"embeddable":true,"href":"https:\/\/www.europesays.com\/fr\/wp-json\/wp\/v2\/comments?post=472442"}],"version-history":[{"count":0,"href":"https:\/\/www.europesays.com\/fr\/wp-json\/wp\/v2\/posts\/472442\/revisions"}],"wp:featuredmedia":[{"embeddable":true,"href":"https:\/\/www.europesays.com\/fr\/wp-json\/wp\/v2\/media\/472443"}],"wp:attachment":[{"href":"https:\/\/www.europesays.com\/fr\/wp-json\/wp\/v2\/media?parent=472442"}],"wp:term":[{"taxonomy":"category","embeddable":true,"href":"https:\/\/www.europesays.com\/fr\/wp-json\/wp\/v2\/categories?post=472442"},{"taxonomy":"post_tag","embeddable":true,"href":"https:\/\/www.europesays.com\/fr\/wp-json\/wp\/v2\/tags?post=472442"}],"curies":[{"name":"wp","href":"https:\/\/api.w.org\/{rel}","templated":true}]}}