{"id":472450,"date":"2025-10-18T12:27:12","date_gmt":"2025-10-18T12:27:12","guid":{"rendered":"https:\/\/www.europesays.com\/fr\/472450\/"},"modified":"2025-10-18T12:27:12","modified_gmt":"2025-10-18T12:27:12","slug":"une-legende-du-club-encore-laissee-de-cote-son-cas-interpelle","status":"publish","type":"post","link":"https:\/\/www.europesays.com\/fr\/472450\/","title":{"rendered":"une l\u00e9gende du club encore laiss\u00e9e de c\u00f4t\u00e9, son cas interpelle"},"content":{"rendered":"<p>Au Stade Toulousain plus qu\u2019ailleurs, les statuts importent peu. Cyril Baille l\u2019apprend \u00e0 ses d\u00e9pens ces derniers mois. Figure incontournable du club rouge et noir, o\u00f9 il a disput\u00e9 l\u2019int\u00e9gralit\u00e9 de sa carri\u00e8re, le pilier gauche en est d\u00e9j\u00e0 une l\u00e9gende, avec ses cinq Boucliers de Brennus et ses deux Champions Cup. N\u00e9anmoins, depuis sa grave blessure \u00e0 la cheville en demi-finale 2024 face \u00e0 La Rochelle, Baille peine \u00e0 retrouver son meilleur niveau.<\/p>\n<p>Baille n\u2019a plus jou\u00e9 depuis la 3\u00e8me journ\u00e9e<\/p>\n<p>Rodrigue Neti semble lui \u00eatre pass\u00e9 devant dans la hi\u00e9rarchie et a disput\u00e9 les derni\u00e8res phases finales dans la peau d\u2019un titulaire. Plus inqui\u00e9tant encore, il est r\u00e9guli\u00e8rement absent des feuilles de match en ce d\u00e9but de saison, comme ce samedi face \u00e0 Pau, o\u00f9 le staff lui pr\u00e9f\u00e8re Ainu\u2019u ou Bertrand.<\/p>\n<blockquote class=\"twitter-tweet\">\n<p dir=\"ltr\" lang=\"fr\">\ud83d\udce3 La compo est l\u00e0 \ud83d\udd34\u26ab\ufe0f<\/p>\n<p>Direction le B\u00e9arn pour un nouveau d\u00e9fi face \u00e0 la Section Paloise \ud83c\udfc9\ud83d\udd25 <a href=\"https:\/\/t.co\/vnUPrGmmrq\" rel=\"nofollow\">pic.twitter.com\/vnUPrGmmrq<\/a><\/p>\n<p>\u2014 Stade Toulousain (@StadeToulousain) <a href=\"https:\/\/twitter.com\/StadeToulousain\/status\/1979214937814700071?ref_src=twsrc%5Etfw\" rel=\"nofollow noopener\" target=\"_blank\">October 17, 2025<\/a><\/p>\n<\/blockquote>\n<p>Apr\u00e8s avoir d\u00e9but\u00e9 sur le banc face \u00e0 Clermont et Perpignan lors des deux premi\u00e8res journ\u00e9es, il avait \u00e9t\u00e9 titularis\u00e9 contre Montpellier. Comme l\u2019ensemble de l\u2019\u00e9quipe et plus particuli\u00e8rement la premi\u00e8re-ligne, <a href=\"https:\/\/www.quinzemondial.com\/top-14\/stade-toulousain-baille-ramos-aldegheriles-cadres-ont-symbolise-la-deroute-des-rouge-et-noir-818922\" rel=\"nofollow noopener\" target=\"_blank\">il avait subi un calvaire<\/a> en conqu\u00eate directe et avait livr\u00e9 une prestation inqui\u00e9tante. Depuis, Cyril Baille n\u2019est plus apparu sur les pelouses, contrairement \u00e0 Dorian Aldegheri ou Julien Marchand, de retour ce samedi. De quoi entretenir le doute \u00e0 quelques semaines de l\u2019annonce de la liste de Fabien Galthi\u00e9. Cyril Baille devra monter en puissance pour ne pas louper le train.<\/p>\n<p>Partagez cette info avec vos amis et vos proches en cliquant ici<br \/>Pour r\u00e9sumer<\/p>\n<p>Un grand nom du Stade Toulousain est une nouvelle fois absent de la feuille de match pour le d\u00e9placement \u00e0 Pau. Une habitude qui se r\u00e9p\u00e8te ces derniers temps pour cet international fran\u00e7ais, dans le dur et plus apparu depuis la troisi\u00e8me journ\u00e9e.<\/p>\n<p> <img decoding=\"async\" width=\"76\" height=\"76\" loading=\"lazy\" src=\"https:\/\/www.europesays.com\/fr\/wp-content\/uploads\/2025\/04\/avatar-quinze.png\" alt=\"Arnaud D\u00e9chelotte\"\/><script async src=\"https:\/\/platform.twitter.com\/widgets.js\" charset=\"utf-8\"><\/script><\/p>\n","protected":false},"excerpt":{"rendered":"Au Stade Toulousain plus qu\u2019ailleurs, les statuts importent peu. Cyril Baille l\u2019apprend \u00e0 ses d\u00e9pens ces derniers mois.&hellip;\n","protected":false},"author":2,"featured_media":472451,"comment_status":"","ping_status":"","sticky":false,"template":"","format":"standard","meta":{"footnotes":""},"categories":[1416],"tags":[1011,27,479,1468,60,476,478],"class_list":{"0":"post-472450","1":"post","2":"type-post","3":"status-publish","4":"format-standard","5":"has-post-thumbnail","7":"category-rugby","8":"tag-fr","9":"tag-france","10":"tag-rugby","11":"tag-rugby-football","12":"tag-sports","13":"tag-stade-toulousain","14":"tag-top-14"},"share_on_mastodon":{"url":"https:\/\/pubeurope.com\/@fr\/115395169731564494","error":""},"_links":{"self":[{"href":"https:\/\/www.europesays.com\/fr\/wp-json\/wp\/v2\/posts\/472450","targetHints":{"allow":["GET"]}}],"collection":[{"href":"https:\/\/www.europesays.com\/fr\/wp-json\/wp\/v2\/posts"}],"about":[{"href":"https:\/\/www.europesays.com\/fr\/wp-json\/wp\/v2\/types\/post"}],"author":[{"embeddable":true,"href":"https:\/\/www.europesays.com\/fr\/wp-json\/wp\/v2\/users\/2"}],"replies":[{"embeddable":true,"href":"https:\/\/www.europesays.com\/fr\/wp-json\/wp\/v2\/comments?post=472450"}],"version-history":[{"count":0,"href":"https:\/\/www.europesays.com\/fr\/wp-json\/wp\/v2\/posts\/472450\/revisions"}],"wp:featuredmedia":[{"embeddable":true,"href":"https:\/\/www.europesays.com\/fr\/wp-json\/wp\/v2\/media\/472451"}],"wp:attachment":[{"href":"https:\/\/www.europesays.com\/fr\/wp-json\/wp\/v2\/media?parent=472450"}],"wp:term":[{"taxonomy":"category","embeddable":true,"href":"https:\/\/www.europesays.com\/fr\/wp-json\/wp\/v2\/categories?post=472450"},{"taxonomy":"post_tag","embeddable":true,"href":"https:\/\/www.europesays.com\/fr\/wp-json\/wp\/v2\/tags?post=472450"}],"curies":[{"name":"wp","href":"https:\/\/api.w.org\/{rel}","templated":true}]}}