{"id":472453,"date":"2025-10-18T12:30:19","date_gmt":"2025-10-18T12:30:19","guid":{"rendered":"https:\/\/www.europesays.com\/fr\/472453\/"},"modified":"2025-10-18T12:30:19","modified_gmt":"2025-10-18T12:30:19","slug":"bagnaia-et-binder-penalises-sur-la-grille-au-gp-daustralie","status":"publish","type":"post","link":"https:\/\/www.europesays.com\/fr\/472453\/","title":{"rendered":"Bagnaia et Binder p\u00e9nalis\u00e9s sur la grille au GP d&rsquo;Australie"},"content":{"rendered":"<p><a href=\"https:\/\/fr.motorsport.com\/driver\/pecco-bagnaia\/109394\/\" target=\"_blank\" rel=\"noopener\">Pecco Bagnaia<\/a> et <a href=\"https:\/\/fr.motorsport.com\/driver\/brad-binder\/109383\/\" target=\"_blank\" rel=\"noopener\">Brad Binder<\/a> \u00e9taient tous les deux sous enqu\u00eate pour avoir g\u00ean\u00e9 des rivaux lors des qualifications \u00e0 Phillip Island. Les deux seront sanctionn\u00e9s sur la grille de d\u00e9part de la course principale.<\/p>\n<p>Bagnaia a g\u00ean\u00e9 <a href=\"https:\/\/fr.motorsport.com\/driver\/marco-bezzecchi\/441839\/\" target=\"_blank\" rel=\"noopener\">Marco Bezzecchi<\/a> au virage 4 au d\u00e9but de la Q2. Le pilote Aprilia a manifest\u00e9 son m\u00e9contentement et a aussi sembl\u00e9 ralenti par <a href=\"https:\/\/fr.motorsport.com\/driver\/luca-marini\/201098\/\" target=\"_blank\" rel=\"noopener\">Luca Marini<\/a>, mais aucune enqu\u00eate n&rsquo;a \u00e9t\u00e9 lanc\u00e9e sur le pilote Honda.<\/p>\n<p>\u00a0<\/p>\n<p>L&rsquo;incident de Binder est survenu en Q1, quand il a g\u00ean\u00e9 <a href=\"https:\/\/fr.motorsport.com\/driver\/johann-zarco\/96107\/\" target=\"_blank\" rel=\"noopener\">Johann Zarco<\/a> au virage 7, privant le Fran\u00e7ais de son dernier tour, et d&rsquo;une potentielle chance d&rsquo;atteindre la Q2. Dans les deux cas, les commissaires de course reprochent \u00e0 Bagnaia et Binder d&rsquo;avoir \u00e9t\u00e9 \u00ab\u00a0lents sur la trajectoire\u00a0\u00bb et d&rsquo;avoir \u00ab\u00a0g\u00ean\u00e9 un autre pilote\u00a0\u00bb.<\/p>\n<p>\u00a0<\/p>\n<p>Il s&rsquo;agit de la premi\u00e8re infraction de ce type pour Bagnaia comme pour Binder, ce qui entra\u00eene donc une p\u00e9nalit\u00e9 de trois places pour chacun. Bagnaia passe de la 11e \u00e0 la place 14e place, et Binder de la 13e \u00e0 la 16e.<\/p>\n<p>Ces deux sanctions ne seront appliqu\u00e9es que pour la course de dimanche, et pas pour le sprint de ce samedi. Il en va de m\u00eame pour le double <a href=\"https:\/\/fr.motorsport.com\/motogp\/news\/penalite-long-lap-definition-fonctionnement-explications\/6516270\/\" target=\"_blank\" rel=\"noopener\">long-lap<\/a> inflig\u00e9 <a href=\"https:\/\/fr.motorsport.com\/motogp\/news\/bezzecchi-penalise-australie-accrochage-marquez\/10767755\/\" target=\"_blank\" rel=\"noopener\">\u00e0 Marco Bezzecchi<\/a>, que le pilote Aprilia ne devra respecter que dans la course de dimanche, dont l&rsquo;horaire de d\u00e9part a \u00e9t\u00e9 repouss\u00e9.<\/p>\n<p>Lire aussi :<\/p>\n<\/p>\n<p>            Votre avis nous int\u00e9resse !<\/p>\n<p class=\"mt-auto\">Qu&rsquo;aimeriez-vous voir sur Motorsport.com ?<\/p>\n<p>            <a href=\"#\" class=\"ms-link text-link font-bold\">R\u00e9pondez \u00e0 notre enqu\u00eate de 5 minutes.<\/a><\/p>\n<p class=\"mt-1 font-info text-body\">&#8211; L&rsquo;\u00e9quipe Motorsport.com<\/p>\n","protected":false},"excerpt":{"rendered":"Pecco Bagnaia et Brad Binder \u00e9taient tous les deux sous enqu\u00eate pour avoir g\u00ean\u00e9 des rivaux lors des&hellip;\n","protected":false},"author":2,"featured_media":472454,"comment_status":"","ping_status":"","sticky":false,"template":"","format":"standard","meta":{"footnotes":""},"categories":[1413],"tags":[59588,3376,4950,1011,27,56962,1457,1456,1458,4951,56963,3068,60],"class_list":{"0":"post-472453","1":"post","2":"type-post","3":"status-publish","4":"format-standard","5":"has-post-thumbnail","7":"category-moto","8":"tag-bagnaia-et-binder-pu00e9nalisu00e9s-sur-la-grille-au-gp-daustralie","9":"tag-brad-binder","10":"tag-ducati-team","11":"tag-fr","12":"tag-france","13":"tag-gp-daustralie","14":"tag-moto","15":"tag-motocycle","16":"tag-motogp","17":"tag-pecco-bagnaia","18":"tag-phillip-island-grand-prix-circuit","19":"tag-red-bull-ktm-factory-racing","20":"tag-sports"},"share_on_mastodon":{"url":"https:\/\/pubeurope.com\/@fr\/115395181121728876","error":""},"_links":{"self":[{"href":"https:\/\/www.europesays.com\/fr\/wp-json\/wp\/v2\/posts\/472453","targetHints":{"allow":["GET"]}}],"collection":[{"href":"https:\/\/www.europesays.com\/fr\/wp-json\/wp\/v2\/posts"}],"about":[{"href":"https:\/\/www.europesays.com\/fr\/wp-json\/wp\/v2\/types\/post"}],"author":[{"embeddable":true,"href":"https:\/\/www.europesays.com\/fr\/wp-json\/wp\/v2\/users\/2"}],"replies":[{"embeddable":true,"href":"https:\/\/www.europesays.com\/fr\/wp-json\/wp\/v2\/comments?post=472453"}],"version-history":[{"count":0,"href":"https:\/\/www.europesays.com\/fr\/wp-json\/wp\/v2\/posts\/472453\/revisions"}],"wp:featuredmedia":[{"embeddable":true,"href":"https:\/\/www.europesays.com\/fr\/wp-json\/wp\/v2\/media\/472454"}],"wp:attachment":[{"href":"https:\/\/www.europesays.com\/fr\/wp-json\/wp\/v2\/media?parent=472453"}],"wp:term":[{"taxonomy":"category","embeddable":true,"href":"https:\/\/www.europesays.com\/fr\/wp-json\/wp\/v2\/categories?post=472453"},{"taxonomy":"post_tag","embeddable":true,"href":"https:\/\/www.europesays.com\/fr\/wp-json\/wp\/v2\/tags?post=472453"}],"curies":[{"name":"wp","href":"https:\/\/api.w.org\/{rel}","templated":true}]}}