{"id":472455,"date":"2025-10-18T12:31:13","date_gmt":"2025-10-18T12:31:13","guid":{"rendered":"https:\/\/www.europesays.com\/fr\/472455\/"},"modified":"2025-10-18T12:31:13","modified_gmt":"2025-10-18T12:31:13","slug":"apple-soffre-les-droits-americains-de-la-f1-pour-700-millions-de-dollars-bientot-la-france","status":"publish","type":"post","link":"https:\/\/www.europesays.com\/fr\/472455\/","title":{"rendered":"Apple s&rsquo;offre les droits am\u00e9ricains de la F1 pour 700\u00a0millions de dollars, bient\u00f4t la France\u00a0?"},"content":{"rendered":"<p class=\"ed__a-p ed__bdy__l\">Alors que le film F1 doit arriver sur le service de streaming Apple TV (et <a href=\"https:\/\/www.lesnumeriques.com\/cine-svod\/apple-tv-change-de-nom-et-vous-ne-devinerez-jamais-comment-n243930.html\" title=\"Apple TV+ change de nom, et vous ne devinerez jamais comment\" rel=\"nofollow noopener\" target=\"_blank\">non plus Apple TV+<\/a>) le 12 d\u00e9cembre prochain, Apple semble toujours plus appr\u00e9cier le sport (automobile). En t\u00e9moigne son dernier investissement outre-Atlantique\u00a0: un deal de 5 ans \u00e0 partir de l&rsquo;ann\u00e9e prochaine pour diffuser la Formule 1 \u00e0 la place de ESPN. Ce changement de mains augure bien de possibles changements \u00e0 venir dans le monde du sport et de sa diffusion.<\/p>\n<p>La F1 chez Apple : le d\u00e9but d&rsquo;un changement plus g\u00e9n\u00e9ral ?<\/p>\n<p class=\"ed__a-p ed__bdy__l\">L&rsquo;annonce a \u00e9t\u00e9 faite par Apple \u00e0 la veille du <a href=\"https:\/\/www.lesnumeriques.com\/evenement-sportif\/grand-prix-f1-des-etats-unis-2025-programme-tv-complet-et-horaires-n244017.html\" title=\"Grand Prix F1 des \u00c9tats-Unis 2025\u00a0: programme TV complet et horaires\" rel=\"nofollow noopener\" target=\"_blank\">Grand Prix des \u00c9tats-Unis<\/a>. Si la valeur exacte du ch\u00e8que sign\u00e9 par Apple n&rsquo;a pas \u00e9t\u00e9 d\u00e9voil\u00e9e, les <a href=\"https:\/\/www.lesnumeriques.com\/evenement-sportif\/f1-en-streaming-l-offre-titanesque-d-apple-pour-devenir-diffuseur-exclusif-n213641.html\" title=\"F1 en streaming : l&#039;offre titanesque d&#039;Apple pour devenir diffuseur exclusif\" rel=\"nofollow noopener\" target=\"_blank\">derni\u00e8res rumeurs parlaient d&rsquo;un investissement massif<\/a>.<\/p>\n<p>            Publicit\u00e9, votre contenu continue ci-dessous<\/p>\n<p>        Publicit\u00e9<\/p>\n<p class=\"ed__a-p ed__bdy__l\">D&rsquo;apr\u00e8s CNBC, Apple aurait accept\u00e9 de payer 140 millions de dollars par an, contre les 90 millions d&rsquo;ESPN. Un investissement qui prouve, si cela \u00e9tait encore n\u00e9cessaire, l&rsquo;app\u00e9tence grandissante d&rsquo;Apple et des services de streaming pour la diffusion du sport en direct.<\/p>\n<p class=\"ed__a-p ed__bdy__l\"><img loading=\"lazy\" decoding=\"async\" src=\"data:image\/svg+xml,%3Csvg xmlns='http:\/\/www.w3.org\/2000\/svg'%3E%3C\/svg%3E\" draggable=\"false\" width=\"980\" height=\"551\" class=\"ed__title-xxs\" alt=\"Apple + F1\" style=\"background-color: #f2f2f2; aspect-ratio:980\/551;\"\/><\/p>\n<p>Les services de SVoD aiment toujours plus le sport.<\/p>\n<p>\u00a9 Apple<\/p>\n<\/p>\n<p class=\"ed__a-p ed__bdy__l\">Reste d\u00e9sormais \u00e0 savoir si Apple cherchera \u00e0 \u00e9tendre ses droits de diffusion de la F1 en-dehors des \u00c9tats-Unis, y compris en France, o\u00f9 Canal+ doit conserver les droits exclusifs jusqu&rsquo;en 2029. De plus, alors que <a href=\"https:\/\/www.lesnumeriques.com\/evenement-sportif\/la-ligue-des-champions-2027-2030-sera-t-elle-sur-netflix-prime-video-ou-apple-tv-n243747.html\" title=\"La Ligue des champions 2027-2030 sera-t-elle sur Netflix, Prime Video ou Apple TV+\u00a0?\" rel=\"nofollow noopener\" target=\"_blank\">le statut de diffusion de la Ligue des Champions 2027-2030 est actuellement dans la balance chez plusieurs plateformes de streaming<\/a>, sommes-nous t\u00e9moins du v\u00e9ritable d\u00e9but de la bascule ?<\/p>\n<p class=\"ed__a-p ed__bdy__l\">La diffusion du sport \u00e0 la t\u00e9l\u00e9vision est-elle en train de vivre ses derni\u00e8res ann\u00e9es, reprise par les services de SVoD ? Peut-\u00eatre bien, et la chasse gard\u00e9e de Canal+ pourrait \u00e9galement bien toucher \u00e0 sa fin. L&rsquo;\u00e9t\u00e9 dernier, la diffusion des JO sur HBO Max \u00e9tait d&rsquo;d&rsquo;ailleurs un bon premier indicateur. Affaire \u00e0 suivre, donc&#8230;<\/p>\n<p>                    <a aria-label=\"Apple Apple TV+\" href=\"https:\/\/www.lesnumeriques.com\/cine-svod\/apple-abonnement-apple-tv-p69883.html\" rel=\"nofollow noopener\" target=\"_blank\">Apple Apple TV+<\/a><\/p>\n<p>                                                <a href=\"https:\/\/www.lesnumeriques.com\/cine-svod\/apple-abonnement-apple-tv-p69883.html\" title=\"Apple Apple TV+\" rel=\"nofollow noopener\" target=\"_blank\"><\/p>\n<p>            <img loading=\"lazy\" decoding=\"async\" src=\"data:image\/svg+xml,%3Csvg xmlns='http:\/\/www.w3.org\/2000\/svg'%3E%3C\/svg%3E\" draggable=\"false\" width=\"452\" height=\"254\" class=\"ed__title-xxs\" alt=\"Apple Apple TV+\"\/><\/p>\n<p>                <\/a><\/p>\n<p>            En l&rsquo;absence d&rsquo;offres d\u00e9couvrez<\/p>\n<p>                Voir plus d&rsquo;offres\n        <\/p>\n<p>\n\tLes liens pr\u00e9sent\u00e9s ci-dessus pourraient ne pas fonctionner en pr\u00e9sence d&rsquo;un bloqueur de publicit\u00e9s.\n<\/p>\n<p>            Publicit\u00e9, votre contenu continue ci-dessous<\/p>\n<p>        Publicit\u00e9<\/p>\n<p class=\"ed__a-p ed__bdy__l\">Envie de faire encore plus d&rsquo;\u00e9conomies ? D\u00e9couvrez <a href=\"https:\/\/www.lesnumeriques.com\/codes-promo.html\" rel=\"nofollow noopener\" target=\"_blank\">nos codes promo<\/a> s\u00e9lectionn\u00e9s pour vous.<\/p>\n","protected":false},"excerpt":{"rendered":"Alors que le film F1 doit arriver sur le service de streaming Apple TV (et non plus Apple&hellip;\n","protected":false},"author":2,"featured_media":472456,"comment_status":"","ping_status":"","sticky":false,"template":"","format":"standard","meta":{"footnotes":""},"categories":[1412],"tags":[1451,1452,1453,1454,1455,1011,27,60],"class_list":{"0":"post-472455","1":"post","2":"type-post","3":"status-publish","4":"format-standard","5":"has-post-thumbnail","7":"category-f1","8":"tag-f1","9":"tag-formula-1","10":"tag-formula1","11":"tag-formule-1","12":"tag-formule1","13":"tag-fr","14":"tag-france","15":"tag-sports"},"share_on_mastodon":{"url":"https:\/\/pubeurope.com\/@fr\/115395184838528252","error":""},"_links":{"self":[{"href":"https:\/\/www.europesays.com\/fr\/wp-json\/wp\/v2\/posts\/472455","targetHints":{"allow":["GET"]}}],"collection":[{"href":"https:\/\/www.europesays.com\/fr\/wp-json\/wp\/v2\/posts"}],"about":[{"href":"https:\/\/www.europesays.com\/fr\/wp-json\/wp\/v2\/types\/post"}],"author":[{"embeddable":true,"href":"https:\/\/www.europesays.com\/fr\/wp-json\/wp\/v2\/users\/2"}],"replies":[{"embeddable":true,"href":"https:\/\/www.europesays.com\/fr\/wp-json\/wp\/v2\/comments?post=472455"}],"version-history":[{"count":0,"href":"https:\/\/www.europesays.com\/fr\/wp-json\/wp\/v2\/posts\/472455\/revisions"}],"wp:featuredmedia":[{"embeddable":true,"href":"https:\/\/www.europesays.com\/fr\/wp-json\/wp\/v2\/media\/472456"}],"wp:attachment":[{"href":"https:\/\/www.europesays.com\/fr\/wp-json\/wp\/v2\/media?parent=472455"}],"wp:term":[{"taxonomy":"category","embeddable":true,"href":"https:\/\/www.europesays.com\/fr\/wp-json\/wp\/v2\/categories?post=472455"},{"taxonomy":"post_tag","embeddable":true,"href":"https:\/\/www.europesays.com\/fr\/wp-json\/wp\/v2\/tags?post=472455"}],"curies":[{"name":"wp","href":"https:\/\/api.w.org\/{rel}","templated":true}]}}