{"id":472462,"date":"2025-10-18T12:35:12","date_gmt":"2025-10-18T12:35:12","guid":{"rendered":"https:\/\/www.europesays.com\/fr\/472462\/"},"modified":"2025-10-18T12:35:12","modified_gmt":"2025-10-18T12:35:12","slug":"il-a-imagine-et-concu-une-maison-avec-des-conteneurs","status":"publish","type":"post","link":"https:\/\/www.europesays.com\/fr\/472462\/","title":{"rendered":"il a imagin\u00e9 et con\u00e7u une maison avec des conteneurs"},"content":{"rendered":"<p>Elle se fond parfaitement dans le paysage, \u00e0 savoir la p\u00e9pini\u00e8re qui l\u2019entoure o\u00f9 les arbres commencent \u00e0 rev\u00eatir leurs couleurs d\u2019automne. La maison conteneur est l\u2019un des h\u00e9bergements insolites propos\u00e9s par <a href=\"https:\/\/www.estrepublicain.fr\/insolite\/2025\/08\/18\/hebergements-insolites-une-nuit-dans-une-pagode-asiatique-ou-un-chalet-canadien-c-est-possible-a-la-pepiniere\" target=\"_blank\" rel=\"noopener\">Fanny et Greg Grihier, route de Champey \u00e0 Pont-\u00e0-Mousson.<\/a> \u00a0Son am\u00e9nagement est pratiquement termin\u00e9, il ne reste plus qu\u2019\u00e0 la meubler avant de pouvoir la mettre en location.<\/p>\n<p>C\u2019est pourquoi David Grosse, architecte mussipontain \u00e0 la t\u00eate de l\u2019agence Dix7 Architecture, se propose de la faire visiter dans le cadre des Journ\u00e9es nationales de l\u2019architecture. Il a particip\u00e9 \u00e0 l\u2019aventure, de la conception jusqu\u2019au permis de construire, en parfaite compl\u00e9mentarit\u00e9 avec son propri\u00e9taire Greg Grihier qui a r\u00e9alis\u00e9 sa construction.<\/p>\n<p>  Cinq conteneurs recycl\u00e9s<\/p>\n<p>Tout est parti de <a href=\"https:\/\/www.estrepublicain.fr\/insolite\/2021\/01\/08\/des-containers-de-marine-recycles-en-maison-d-habitation\" target=\"_blank\" rel=\"noopener\">cinq conteneurs achet\u00e9s au port d\u2019Anvers.<\/a> \u00ab\u00a0Greg Grihier m\u2019a contact\u00e9 car il voulait les r\u00e9utiliser\u00a0\u00bb, raconte David Grosse. Le projet global d\u2019h\u00e9bergement touristique a d\u00e9marr\u00e9 en 2019. Il y a eu la maison en rondins et la pagode asiatique d\u2019abord. La maison conteneur sera la troisi\u00e8me sur le site. Comme elle est destin\u00e9e au tourisme, les conteneurs peuvent \u00eatre apparents \u00e0 l\u2019ext\u00e9rieur. Dans le cas d\u2019une maison priv\u00e9e, ceux-ci devraient \u00eatre recouverts d\u2019un bardage.<\/p>\n<p>\u00ab\u00a0Ici, on a donc isol\u00e9 \u00e0 l\u2019int\u00e9rieur\u00a0\u00bb, explique l\u2019architecte. Le chauffage est assur\u00e9 par une pompe \u00e0 chaleur air\/air. Des morceaux de conteneur sont \u00e9galement apparents \u00e0 l\u2019int\u00e9rieur.<\/p>\n<p>  Comme une maison classique<\/p>\n<p>La maison de 140 m2  accueille une cuisine et un espace de vie au rez-de-chauss\u00e9e ainsi qu\u2019une premi\u00e8re chambre avec terrasse. \u00c0 l\u2019\u00e9tage, deux suites ont \u00e9t\u00e9 cr\u00e9\u00e9es de chaque c\u00f4t\u00e9 de la mont\u00e9e d\u2019escalier et une grande terrasse sur le toit permet de profiter de l\u2019ext\u00e9rieur.<\/p>\n<p>\u00ab\u00a0Cela ressemble \u00e0 une maison classique avec les m\u00eames exigences de confort\u00a0\u00bb, partage l\u2019architecte. C\u2019est ce qu\u2019ont exprim\u00e9 les visiteurs, particuliers ou professionnels, qui l\u2019ont d\u00e9couverte ce vendredi \u00e0 l\u2019occasion des visites organis\u00e9es. Il est encore possible de la d\u00e9couvrir, toute la journ\u00e9e de samedi. \u00ab\u00a0C\u2019est une construction qui sort du quotidien\u00a0\u00bb, ajoute celui qui n\u2019en conna\u00eet qu\u2019une petite vingtaine dans la r\u00e9gion. \u00ab\u00a0Il faut que \u00e7a soit une vraie envie d\u2019avoir ce type de maison. L\u2019argument de la vitesse d\u2019ex\u00e9cution peut jouer. En revanche, celui du prix n\u2019est pas valable\u00a0\u00bb, poursuit-il. Alors, un petit tour dans la maison conteneur, avant qu\u2019elle ne soit occup\u00e9e, \u00e7a vous tente\u00a0?<\/p>\n","protected":false},"excerpt":{"rendered":"Elle se fond parfaitement dans le paysage, \u00e0 savoir la p\u00e9pini\u00e8re qui l\u2019entoure o\u00f9 les arbres commencent \u00e0&hellip;\n","protected":false},"author":2,"featured_media":472463,"comment_status":"","ping_status":"","sticky":false,"template":"","format":"standard","meta":{"footnotes":""},"categories":[1358],"tags":[1348,1384,1385,1386,58,33,1706,59,1011,27,1908,10422,10423,104],"class_list":{"0":"post-472462","1":"post","2":"type-post","3":"status-publish","4":"format-standard","5":"has-post-thumbnail","7":"category-arts-et-design","8":"tag-arts","9":"tag-arts-and-design","10":"tag-arts-et-design","11":"tag-design","12":"tag-divertissement","13":"tag-economie","14":"tag-edition-pont-a-mousson","15":"tag-entertainment","16":"tag-fr","17":"tag-france","18":"tag-logement","19":"tag-pont-a-mousson","20":"tag-pont-a-mousson-ville-54c","21":"tag-societe"},"share_on_mastodon":{"url":"https:\/\/pubeurope.com\/@fr\/115395200609075789","error":""},"_links":{"self":[{"href":"https:\/\/www.europesays.com\/fr\/wp-json\/wp\/v2\/posts\/472462","targetHints":{"allow":["GET"]}}],"collection":[{"href":"https:\/\/www.europesays.com\/fr\/wp-json\/wp\/v2\/posts"}],"about":[{"href":"https:\/\/www.europesays.com\/fr\/wp-json\/wp\/v2\/types\/post"}],"author":[{"embeddable":true,"href":"https:\/\/www.europesays.com\/fr\/wp-json\/wp\/v2\/users\/2"}],"replies":[{"embeddable":true,"href":"https:\/\/www.europesays.com\/fr\/wp-json\/wp\/v2\/comments?post=472462"}],"version-history":[{"count":0,"href":"https:\/\/www.europesays.com\/fr\/wp-json\/wp\/v2\/posts\/472462\/revisions"}],"wp:featuredmedia":[{"embeddable":true,"href":"https:\/\/www.europesays.com\/fr\/wp-json\/wp\/v2\/media\/472463"}],"wp:attachment":[{"href":"https:\/\/www.europesays.com\/fr\/wp-json\/wp\/v2\/media?parent=472462"}],"wp:term":[{"taxonomy":"category","embeddable":true,"href":"https:\/\/www.europesays.com\/fr\/wp-json\/wp\/v2\/categories?post=472462"},{"taxonomy":"post_tag","embeddable":true,"href":"https:\/\/www.europesays.com\/fr\/wp-json\/wp\/v2\/tags?post=472462"}],"curies":[{"name":"wp","href":"https:\/\/api.w.org\/{rel}","templated":true}]}}