{"id":472464,"date":"2025-10-18T12:36:10","date_gmt":"2025-10-18T12:36:10","guid":{"rendered":"https:\/\/www.europesays.com\/fr\/472464\/"},"modified":"2025-10-18T12:36:10","modified_gmt":"2025-10-18T12:36:10","slug":"une-reflexion-sur-lempathie-lauteur-carhaisien-patrice-thomere-publie-le-livre-reparer","status":"publish","type":"post","link":"https:\/\/www.europesays.com\/fr\/472464\/","title":{"rendered":"\u00ab\u00a0Une r\u00e9flexion sur l\u2019empathie\u00a0\u00bb\u00a0: l\u2019auteur carhaisien Patrice Thom\u00e9r\u00e9 publie le livre \u00abR\u00e9parer\u00bb"},"content":{"rendered":"<p>Comment pr\u00e9senteriez-vous votre dernier ouvrage \u00ab R\u00e9parer \u00bb ?<\/p>\n<p>C\u2019est un roman constitu\u00e9, en partie, par un montage de textes anciens et de nouvelles. L\u2019unit\u00e9 est assur\u00e9e par le suivi du personnage de Chameau. Il ne s\u2019agit pas de moi mais il a des exp\u00e9riences qui me sont arriv\u00e9es de vivre. Sans parler d\u2019autobiographie, j\u2019ai du mal \u00e0 \u00e9crire sans qu\u2019il y ait une approche un minimum personnelle.<\/p>\n<p>Com\u00e9dien, auteur, sc\u00e9nariste et m\u00eame pigiste\u2026 Pouvez-vous retracer votre carri\u00e8re ?<\/p>\n<p>J\u2019ai fait des \u00e9tudes de philosophie \u00e0 Lyon-II \u00e0 la fin des ann\u00e9es 60. Comme auteur, j\u2019ai commenc\u00e9 \u00e0 \u00e9crire une s\u00e9rie de contes et l\u00e9gendes de Bretagne, mais aussi du Berry aux \u00e9ditions Nathan. J\u2019ai \u00e9galement publi\u00e9 La voie des marges (Ed. L\u2019harmattan) et \u00e9t\u00e9 pigiste pour La R\u00e9publique du Centre. Avec un collectif de sc\u00e9naristes, j\u2019ai aussi travaill\u00e9 pour la t\u00e9l\u00e9vision avec la s\u00e9rie interactive \u00ab Salut les homards \u00bb et aussi pour le cin\u00e9ma.<\/p>\n<p>Si vous ne vous identifiez pas \u00e0 Chameau, de quelle fa\u00e7on puisez-vous dans votre pass\u00e9 pour r\u00e9diger ?<\/p>\n<p>Disons que je trimbalais dans mes valises une esp\u00e8ce de passager clandestin qui serait mon p\u00e8re. Ce livre me permet de l\u2019\u00e9voquer. \u00c0 l\u2019\u00e2ge de 16 ans, en 1944, il a saut\u00e9 sur une mine dans le maquis et a perdu une jambe. J\u2019en parle parce qu\u2019il est tomb\u00e9 dans l\u2019alcool dont il n\u2019en est jamais sorti. Il a eu une vie marqu\u00e9e par le fait d\u2019avoir un statut d\u2019assist\u00e9, c\u2019est-\u00e0-dire une pension de mutil\u00e9 de guerre. Mais il n\u2019a eu aucun accompagnement r\u00e9el. Aujourd\u2019hui, on parlerait de traumatisme. C\u2019est l\u2019un des fils rouges du livre et de l\u2019id\u00e9e de r\u00e9paration. Ce livre est une r\u00e9flexion sur l\u2019empathie qui est une valeur essentielle.<\/p>\n<p>Quelles sont ces trois tentatives de r\u00e9paration que vous \u00e9voquez ?<\/p>\n<p>La premi\u00e8re est un peu autobiographique et li\u00e9e \u00e0 mon p\u00e8re. M\u00eame s\u2019il avait ses d\u00e9fauts et ne voulait pas que je fasse d\u2019\u00e9tudes, c\u2019est une forme de r\u00e9habilitation. La deuxi\u00e8me, il s\u2019agit d\u2019un SDF dans le m\u00e9tro qui essaye de r\u00e9parer un parapluie. Et puis la troisi\u00e8me, on d\u00e9croche un peu du r\u00e9cit, mais elle est importante pour moi. Je parle de la rencontre r\u00e9elle entre le po\u00e8te Paul Celan et le philosophe Martin Heidegger qui porte sur le fait que ce dernier n\u2019a jamais dit un mot sur la Shoah. Alors que les parents de Paul Celan sont morts en camp de concentration. J\u2019en profite pour ne pas \u00eatre gentil avec Heidegger ! Il y a suffisamment d\u2019\u00e9l\u00e9ments pour appuyer ma r\u00e9volte l\u00e0-dedans. Je pense qu\u2019il a essay\u00e9 d\u2019introduire la th\u00e8se du nazisme dans la philosophie. En Allemagne, il est tr\u00e8s peu lu alors qu\u2019il lui reste des admirateurs en France.<\/p>\n<p>Pratique<\/p>\n<p class=\"note\">\u00ab R\u00e9parer \u00bb, Ed. Nombre 7 (2025). En vente \u00e0 la librairie L\u2019Autre-Rive \u00e0 Berrien et \u00e0 l\u2019espace culturel Leclerc, \u00e0 Carhaix.<\/p>\n","protected":false},"excerpt":{"rendered":"Comment pr\u00e9senteriez-vous votre dernier ouvrage \u00ab R\u00e9parer \u00bb ? C\u2019est un roman constitu\u00e9, en partie, par un montage&hellip;\n","protected":false},"author":2,"featured_media":472465,"comment_status":"","ping_status":"","sticky":false,"template":"","format":"standard","meta":{"footnotes":""},"categories":[1357],"tags":[1379,40264,58,59,3321,1011,27,1380,4555],"class_list":{"0":"post-472464","1":"post","2":"type-post","3":"status-publish","4":"format-standard","5":"has-post-thumbnail","7":"category-livres","8":"tag-books","9":"tag-carhaix","10":"tag-divertissement","11":"tag-entertainment","12":"tag-finistere","13":"tag-fr","14":"tag-france","15":"tag-livres","16":"tag-local"},"share_on_mastodon":{"url":"https:\/\/pubeurope.com\/@fr\/115395204437427939","error":""},"_links":{"self":[{"href":"https:\/\/www.europesays.com\/fr\/wp-json\/wp\/v2\/posts\/472464","targetHints":{"allow":["GET"]}}],"collection":[{"href":"https:\/\/www.europesays.com\/fr\/wp-json\/wp\/v2\/posts"}],"about":[{"href":"https:\/\/www.europesays.com\/fr\/wp-json\/wp\/v2\/types\/post"}],"author":[{"embeddable":true,"href":"https:\/\/www.europesays.com\/fr\/wp-json\/wp\/v2\/users\/2"}],"replies":[{"embeddable":true,"href":"https:\/\/www.europesays.com\/fr\/wp-json\/wp\/v2\/comments?post=472464"}],"version-history":[{"count":0,"href":"https:\/\/www.europesays.com\/fr\/wp-json\/wp\/v2\/posts\/472464\/revisions"}],"wp:featuredmedia":[{"embeddable":true,"href":"https:\/\/www.europesays.com\/fr\/wp-json\/wp\/v2\/media\/472465"}],"wp:attachment":[{"href":"https:\/\/www.europesays.com\/fr\/wp-json\/wp\/v2\/media?parent=472464"}],"wp:term":[{"taxonomy":"category","embeddable":true,"href":"https:\/\/www.europesays.com\/fr\/wp-json\/wp\/v2\/categories?post=472464"},{"taxonomy":"post_tag","embeddable":true,"href":"https:\/\/www.europesays.com\/fr\/wp-json\/wp\/v2\/tags?post=472464"}],"curies":[{"name":"wp","href":"https:\/\/api.w.org\/{rel}","templated":true}]}}