{"id":472468,"date":"2025-10-18T12:38:09","date_gmt":"2025-10-18T12:38:09","guid":{"rendered":"https:\/\/www.europesays.com\/fr\/472468\/"},"modified":"2025-10-18T12:38:09","modified_gmt":"2025-10-18T12:38:09","slug":"chantal-goya-confrontee-a-un-criminel-le-temoignage-glacant-de-la-chanteuse-dans-tbt9","status":"publish","type":"post","link":"https:\/\/www.europesays.com\/fr\/472468\/","title":{"rendered":"Chantal Goya confront\u00e9e \u00e0 un criminel ? Le t\u00e9moignage gla\u00e7ant de la chanteuse dans TBT9"},"content":{"rendered":"<p><a href=\"https:\/\/www.closermag.fr\/people\/cest-personnel-le-ton-monte-en-pleine-interview-chantal-goya-refuse-devoquer-sa-condamnation-3581901\" target=\"_blank\" rel=\"noopener\"><br \/>\nL&rsquo;ic\u00f4ne de la chanson pour enfants<\/a> a fait une apparition<br \/>\nremarqu\u00e9e sur le plateau de TBT9 ce jeudi soir. Venue promouvoir<br \/>\nson nouveau disque et c\u00e9l\u00e9brer ses cinquante ann\u00e9es de carri\u00e8re,<br \/>\nl&rsquo;\u00e9pouse de Jean-Jacques Debout a captiv\u00e9 le public avec une<br \/>\nhistoire pour le moins effrayante. Elle a racont\u00e9 comment, par le<br \/>\npass\u00e9, elle s&rsquo;est retrouv\u00e9e nez \u00e0 nez avec l&rsquo;un des criminels les<br \/>\nplus recherch\u00e9s de France.<\/p>\n<p>Une rencontre nocturne inattendue<\/p>\n<p>L&rsquo;anecdote remonte \u00e0 plusieurs ann\u00e9es, lorsque <a href=\"https:\/\/www.closermag.fr\/people\/cest-la-ruine-pour-chantal-goya-et-jean-jacques-debout-cette-condamnation-a-plusieurs-millions-3576041\" target=\"_blank\" rel=\"noopener\"><br \/>\nla vedette<\/a> vivait seule \u00e0 la campagne avec ses enfants. Par un<br \/>\nsoir de minuit, l&rsquo;artiste aper\u00e7oit depuis sa demeure une voiture<br \/>\ninconnue remontant lentement l&rsquo;all\u00e9e de sa propri\u00e9t\u00e9. Le v\u00e9hicule,<br \/>\ntoutes lumi\u00e8res allum\u00e9es, longe le salon, la salle \u00e0 manger puis la<br \/>\ncuisine avant de s&rsquo;immobiliser. Une sc\u00e8ne pour le moins<br \/>\ninhabituelle qui provoque imm\u00e9diatement l&rsquo;inqui\u00e9tude de la m\u00e8re de<br \/>\nfamille.<\/p>\n<p>Lorsque le conducteur descend de son automobile, la chanteuse<br \/>\n\u00e9prouve un sentiment \u00e9trange. Elle reconna\u00eet vaguement le visage de<br \/>\ncet homme sans parvenir \u00e0 l&rsquo;identifier pr\u00e9cis\u00e9ment. <a href=\"https:\/\/www.closermag.fr\/people\/chantal-goya-volee-en-marge-dun-spectacle-elle-frappe-un-grand-coup-3560457\" target=\"_blank\" rel=\"noopener\"><br \/>\nL&rsquo;interpr\u00e8te de C&rsquo;est Guignol<\/a> se souvient : \u00ab\u00a0Et la personne<br \/>\nsort de la voiture je me dis &lsquo;je le connais&rsquo; mais je sais pas trop.<br \/>\nEt c&rsquo;est bizarre.\u00a0\u00bb Face \u00e0 cet inconnu qui semble perdu, elle<br \/>\ngarde son calme malgr\u00e9 l&rsquo;heure tardive et l&rsquo;\u00e9tranget\u00e9 de la<br \/>\nsituation.<\/p>\n<p>Un geste qui aurait pu mal tourner<\/p>\n<p>L&rsquo;individu demande alors \u00e0 la star son chemin pour rejoindre<br \/>\nDreux. Sans se m\u00e9fier outre mesure, elle prend une d\u00e9cision qui<br \/>\npara\u00eet aujourd&rsquo;hui t\u00e9m\u00e9raire : elle monte dans sa propre voiture<br \/>\npour guider le myst\u00e9rieux visiteur jusqu&rsquo;\u00e0 la bonne direction.<br \/>\nL&rsquo;homme repart ensuite dans la nuit, laissant la chanteuse perplexe<br \/>\nquant \u00e0 cette visite nocturne inhabituelle.<\/p>\n<p>Ce n&rsquo;est que le jour suivant que la v\u00e9rit\u00e9 \u00e9clate au grand jour.<br \/>\nR\u00e9my Gramache lui apprend l&rsquo;identit\u00e9 r\u00e9elle de son visiteur<br \/>\nnocturne : Jacques Mesrine, figure embl\u00e9matique du grand banditisme<br \/>\nfran\u00e7ais ayant s\u00e9vi en France mais \u00e9galement au Qu\u00e9bec et en<br \/>\nEspagne.<\/p>\n<p>Le criminel \u00e9tait en r\u00e9alit\u00e9 un ancien camarade de classe de son<br \/>\ncompagnon \u00e0 l&rsquo;\u00e9cole de Juilly. <a href=\"https:\/\/www.closermag.fr\/tv_tele_realite\/vous-avez-du-courage-chantal-goya-coupe-la-chique-a-lea-salame-sur-son-passe-traumatique-3527574\" target=\"_blank\" rel=\"noopener\"><br \/>\nL&rsquo;interpr\u00e8te de Tu m&rsquo;as trop menti<\/a> explique sur le plateau :<br \/>\n\u00ab\u00a0Jean-Jacques (son mari) quand il est arriv\u00e9 tout petit \u00e0<br \/>\nl&rsquo;\u00e9cole de Juilly, \u00e0 Juilly son meilleur ami c&rsquo;\u00e9tait Wilhem et il y<br \/>\na Jacques Mesrine qui \u00e9tait l\u00e0 aussi. Ils sont devenus tr\u00e8s<br \/>\namis.\u00a0\u00bb<\/p>\n","protected":false},"excerpt":{"rendered":"L&rsquo;ic\u00f4ne de la chanson pour enfants a fait une apparition remarqu\u00e9e sur le plateau de TBT9 ce jeudi&hellip;\n","protected":false},"author":2,"featured_media":472469,"comment_status":"","ping_status":"","sticky":false,"template":"","format":"standard","meta":{"footnotes":""},"categories":[1355],"tags":[14397,58,59,1011,27,1361,873],"class_list":{"0":"post-472468","1":"post","2":"type-post","3":"status-publish","4":"format-standard","5":"has-post-thumbnail","7":"category-musique","8":"tag-chantal-goya","9":"tag-divertissement","10":"tag-entertainment","11":"tag-fr","12":"tag-france","13":"tag-music","14":"tag-musique"},"share_on_mastodon":{"url":"https:\/\/pubeurope.com\/@fr\/115395213426638088","error":""},"_links":{"self":[{"href":"https:\/\/www.europesays.com\/fr\/wp-json\/wp\/v2\/posts\/472468","targetHints":{"allow":["GET"]}}],"collection":[{"href":"https:\/\/www.europesays.com\/fr\/wp-json\/wp\/v2\/posts"}],"about":[{"href":"https:\/\/www.europesays.com\/fr\/wp-json\/wp\/v2\/types\/post"}],"author":[{"embeddable":true,"href":"https:\/\/www.europesays.com\/fr\/wp-json\/wp\/v2\/users\/2"}],"replies":[{"embeddable":true,"href":"https:\/\/www.europesays.com\/fr\/wp-json\/wp\/v2\/comments?post=472468"}],"version-history":[{"count":0,"href":"https:\/\/www.europesays.com\/fr\/wp-json\/wp\/v2\/posts\/472468\/revisions"}],"wp:featuredmedia":[{"embeddable":true,"href":"https:\/\/www.europesays.com\/fr\/wp-json\/wp\/v2\/media\/472469"}],"wp:attachment":[{"href":"https:\/\/www.europesays.com\/fr\/wp-json\/wp\/v2\/media?parent=472468"}],"wp:term":[{"taxonomy":"category","embeddable":true,"href":"https:\/\/www.europesays.com\/fr\/wp-json\/wp\/v2\/categories?post=472468"},{"taxonomy":"post_tag","embeddable":true,"href":"https:\/\/www.europesays.com\/fr\/wp-json\/wp\/v2\/tags?post=472468"}],"curies":[{"name":"wp","href":"https:\/\/api.w.org\/{rel}","templated":true}]}}