{"id":472476,"date":"2025-10-18T12:42:12","date_gmt":"2025-10-18T12:42:12","guid":{"rendered":"https:\/\/www.europesays.com\/fr\/472476\/"},"modified":"2025-10-18T12:42:12","modified_gmt":"2025-10-18T12:42:12","slug":"une-maladie-grave-et-une-operation-chirurgicale-comment-va-lactrice","status":"publish","type":"post","link":"https:\/\/www.europesays.com\/fr\/472476\/","title":{"rendered":"une \u00ab\u00a0maladie grave\u00a0\u00bb et une op\u00e9ration chirurgicale, comment va l&rsquo;actrice\u00a0?"},"content":{"rendered":"<p class=\"app_entry_lead\">\n<p>                    <a title=\"\u00a0\u00a9\u00a0Thierry Orban\/ABACAPRESS.COM\" href=\"https:\/\/www.europesays.com\/fr\/wp-content\/uploads\/2025\/10\/81590276.jpg\" class=\"fancy\"><\/p>\n<p>                            <img loading=\"lazy\" decoding=\"async\" src=\"https:\/\/www.europesays.com\/fr\/wp-content\/uploads\/2025\/10\/81590276.jpg\" alt=\"Brigitte Bardot hospitalis\u00e9e\u00a0: une &quot;maladie grave&quot; et une op\u00e9ration chirurgicale, comment va l'actrice\u00a0?\" width=\"1500\" height=\"1000\"\/><\/p>\n<p>                    <\/a><\/p>\n<p>                L&rsquo;actrice fran\u00e7aise est hospitalis\u00e9e depuis trois semaines \u00e0 Toulon, o\u00f9 elle aurait subi une intervention chirurgicale en raison d&rsquo;une \u00ab\u00a0maladie grave\u00a0\u00bb.<\/p>\n<p><a href=\"https:\/\/www.linternaute.fr\/cinema\/biographie\/1773522-brigitte-bardot-quel-est-son-etat-de-sante-apres-l-intervention-des-pompiers\/\" title=\"Brigitte Bardot\" rel=\"nofollow noopener\" target=\"_blank\">Brigitte Bardot<\/a> inqui\u00e8te ses fans. L&rsquo;actrice fran\u00e7aise, consid\u00e9r\u00e9e comme l&rsquo;une des derni\u00e8res l\u00e9gendes du cin\u00e9ma hexagonal, est hospitalis\u00e9e depuis trois semaines dans un h\u00f4pital priv\u00e9 de Toulon. Selon les informations de Var Matin, elle aurait d&rsquo;ailleurs subi une intervention chirurgicale li\u00e9e \u00e0 une \u00ab\u00a0maladie grave\u00a0\u00bb. La nature de cette maladie n&rsquo;a toutefois pas \u00e9t\u00e9 pr\u00e9cis\u00e9e.<\/p>\n<p>Son \u00e9tat de sant\u00e9 reste suffisamment \u00ab\u00a0pr\u00e9occupant\u00a0\u00bb selon les informations rapport\u00e9es par plusieurs m\u00e9dias r\u00e9gionaux. Var Matin pr\u00e9cise qu&rsquo;elle pourrait probablement sortir de l&rsquo;h\u00f4pital dans les prochains jours. Elle serait alors en convalescence \u00e0 la Madrague, sa maison de <a href=\"https:\/\/www.linternaute.fr\/sortir\/guides-de-france\/1456318-saint-tropez-visiter-que-faire-plages-restaurant-guide\/\" title=\"Saint-Tropez\" rel=\"nofollow noopener\" target=\"_blank\">Saint-Tropez<\/a>. Un r\u00e9tablissement semble donc en bonne voie.<\/p>\n<p>Cela n&rsquo;est pas la premi\u00e8re frayeur que Brigitte Bardot, surnomm\u00e9e B.B., fait \u00e0 ses fans. Ic\u00f4ne du cin\u00e9ma des ann\u00e9es 1950 \u00e0 1960, l&rsquo;actrice fran\u00e7aise vit retir\u00e9e de la vie publique \u00e0 Saint-Tropez, son lieu de vie depuis de nombreuses ann\u00e9es.Depuis la disparition de <a href=\"https:\/\/www.linternaute.fr\/cinema\/biographie\/1414397-jean-paul-belmondo-son-fils-paul-evoque-le-deuil-difficile-de-son-pere\/\" title=\"Jean-Paul Belmondo\" rel=\"nofollow noopener\" target=\"_blank\">Jean-Paul Belmondo<\/a>, Jean-Louis Trintignant, Claudia Cardinale ou encore Alain Delon, la star du M\u00e9pris et de Et Dieu&#8230; cr\u00e9a la femme fait figure de derni\u00e8re survivante de l&rsquo;\u00e2ge d&rsquo;or du cin\u00e9ma fran\u00e7ais des ann\u00e9es 1950 \u00e0 1970.<\/p>\n<p>En 2023, les pompiers \u00e9taient d\u00e9j\u00e0 intervenus \u00e0 son domicile car l&rsquo;actrice, aujourd&rsquo;hui \u00e2g\u00e9e de 91 ans, souffrait alors de \u00ab\u00a0difficult\u00e9s respiratoires\u00a0\u00bb. Pourtant, celle qui a consacr\u00e9 la seconde partie de sa vie \u00e0 la protection des animaux \u00e0 travers sa Fondation s&rsquo;\u00e9tait montr\u00e9e rassurante derni\u00e8rement au sujet de son \u00e9tat de sant\u00e9. En mai dernier aupr\u00e8s de BFM TV que \u00ab\u00a0\u00e7a va tr\u00e8s bien\u00a0\u00bb, m\u00eame si elle \u00ab\u00a0ne supporte plus les canicules\u00a0\u00bb. En revanche, elle a perdu de nombreux proches, comme \u00a0son ami le journaliste Christian Brincourt ou son ami d&rsquo;enfance Pierre Coville.<\/p>\n<p>Derni\u00e8res mises \u00e0 jour<\/p>\n<p><a name=\"post1760786273\"\/>13:17 &#8211; \u00ab\u00a0Brigitte. Tu n\u2019as pas id\u00e9e des centaines de milliers de gens qui t\u2019aiment<\/p>\n<p>Peu apr\u00e8s la publication de ce communiqu\u00e9 annon\u00e7ant la sortie de l\u2019h\u00f4pital de Brigitte Bardot, Henry-Jean Servat, ami fid\u00e8le et biographe de la star, a partag\u00e9 un message sur le r\u00e9seau social X. \u00ab\u00a0Brigitte. Tu n\u2019as pas id\u00e9e des centaines de milliers de gens qui t\u2019aiment, pensent \u00e0 toi, prient pour toi. Et je ne parle pas de ceux qui, \u00e0 quatre pattes, \u00e0 poils, \u00e0 plumes, te ch\u00e9rissent comme personne, jamais, n\u2019a \u00e9t\u00e9 et ne sera ch\u00e9ri par le peuple animal\u00a0\u00bb, a-t-il \u00e9crit.<\/p>\n<blockquote class=\"twitter-tweet\"><p>&#13;<\/p>\n<p dir=\"ltr\" lang=\"fr\">Brigitte. Tu n&rsquo;as pas id\u00e9e des centaines de milliers de gens qui t&rsquo;aiment, pensent \u00e0 toi, prient pour toi. Et je ne parle pas de ceux qui, \u00e0 quatre pattes, \u00e0 poils, \u00e0 plumes, te ch\u00e9rissent comme personne, jamais, n&rsquo;a \u00e9t\u00e9 et ne sera ch\u00e9ri par le peuple animal. <a href=\"https:\/\/t.co\/CGIPUN0HVj\" rel=\"nofollow\">pic.twitter.com\/CGIPUN0HVj<\/a><\/p>\n<p>&#13;<br \/>\n\u2014 Henry-Jean Servat (@HenryJeanServat) <a href=\"https:\/\/twitter.com\/HenryJeanServat\/status\/1979209268575236405?ref_src=twsrc%5Etfw\" rel=\"nofollow noopener\" target=\"_blank\">October 17, 2025<\/a><\/p><\/blockquote>\n<p>&#13;<\/p>\n<p><a name=\"post1760778664\"\/>11:11 &#8211; Pourquoi Brigitte Bardot \u00e9tait-elle \u00e0 l&rsquo;h\u00f4pital ?<\/p>\n<p>Brigitte Bardot a \u00e9t\u00e9 hospitalis\u00e9e pour une intervention chirurgicale qui n&rsquo;a pas \u00e9t\u00e9 pr\u00e9cis\u00e9e avant de rentrer chez elle vendredi 17 octobre. Son entourage proche a confi\u00e9 \u00e0 Var Matin qu&rsquo;elle se trouvait dans \u00ab\u00a0certain \u00e9tat de faiblesse apr\u00e8s un \u00e9t\u00e9 caniculaire difficile\u00a0\u00bb. L&rsquo;actrice avait d\u00e9j\u00e0 \u00e9t\u00e9 hospitalis\u00e9e en 2023 pour une \u00ab\u00a0d\u00e9tresse respiratoire\u00a0\u00bb, mais, l\u00e0 encore, elle n&rsquo;avait pas donn\u00e9 davantage de d\u00e9tails sur sa maladie.\u00a0<\/p>\n<p><a name=\"post1760769920\"\/>08:45 &#8211; Brigitte Bardot rassure ses fans sur sa sant\u00e9<\/p>\n<p>Dans un communiqu\u00e9 de presse publi\u00e9 vendredi 17 octobre, Brigitte Bardot s&rsquo;est montr\u00e9e rassurante sur son \u00e9tat de sant\u00e9. Elle a affirm\u00e9 avoir \u00e9t\u00e9 \u00ab\u00a0bri\u00e8vement hospitalis\u00e9e\u00a0\u00bb \u00e0 l&rsquo;h\u00f4pital priv\u00e9 Saint-Jean \u00e0 Toulon pour \u00ab\u00a0subir une l\u00e9g\u00e8re intervention chirurgicale qui s&rsquo;est d\u00e9roul\u00e9e de mani\u00e8re particuli\u00e8rement satisfaisante\u00a0\u00bb. Son entourage a fait savoir que Brigitte Bardot se reposait chez elle et qu&rsquo;elle ne r\u00e9pondrait \u00e0 aucune sollicitation.\u00a0<\/p>\n<p>                    <script async src=\"https:\/\/platform.twitter.com\/widgets.js\" charset=\"utf-8\"><\/script><\/p>\n","protected":false},"excerpt":{"rendered":"L&rsquo;actrice fran\u00e7aise est hospitalis\u00e9e depuis trois semaines \u00e0 Toulon, o\u00f9 elle aurait subi une intervention chirurgicale en raison&hellip;\n","protected":false},"author":2,"featured_media":472477,"comment_status":"","ping_status":"","sticky":false,"template":"","format":"standard","meta":{"footnotes":""},"categories":[8],"tags":[20224,59589,51761,58,59,51763,1011,27,51767,59590],"class_list":{"0":"post-472476","1":"post","2":"type-post","3":"status-publish","4":"format-standard","5":"has-post-thumbnail","7":"category-divertissement","8":"tag-brigitte-bardot","9":"tag-cms-linternaute-9030703","10":"tag-controller-content","11":"tag-divertissement","12":"tag-entertainment","13":"tag-format-papier","14":"tag-fr","15":"tag-france","16":"tag-parallaxeinfeed","17":"tag-star-cinema"},"share_on_mastodon":{"url":"https:\/\/pubeurope.com\/@fr\/115395228607888745","error":""},"_links":{"self":[{"href":"https:\/\/www.europesays.com\/fr\/wp-json\/wp\/v2\/posts\/472476","targetHints":{"allow":["GET"]}}],"collection":[{"href":"https:\/\/www.europesays.com\/fr\/wp-json\/wp\/v2\/posts"}],"about":[{"href":"https:\/\/www.europesays.com\/fr\/wp-json\/wp\/v2\/types\/post"}],"author":[{"embeddable":true,"href":"https:\/\/www.europesays.com\/fr\/wp-json\/wp\/v2\/users\/2"}],"replies":[{"embeddable":true,"href":"https:\/\/www.europesays.com\/fr\/wp-json\/wp\/v2\/comments?post=472476"}],"version-history":[{"count":0,"href":"https:\/\/www.europesays.com\/fr\/wp-json\/wp\/v2\/posts\/472476\/revisions"}],"wp:featuredmedia":[{"embeddable":true,"href":"https:\/\/www.europesays.com\/fr\/wp-json\/wp\/v2\/media\/472477"}],"wp:attachment":[{"href":"https:\/\/www.europesays.com\/fr\/wp-json\/wp\/v2\/media?parent=472476"}],"wp:term":[{"taxonomy":"category","embeddable":true,"href":"https:\/\/www.europesays.com\/fr\/wp-json\/wp\/v2\/categories?post=472476"},{"taxonomy":"post_tag","embeddable":true,"href":"https:\/\/www.europesays.com\/fr\/wp-json\/wp\/v2\/tags?post=472476"}],"curies":[{"name":"wp","href":"https:\/\/api.w.org\/{rel}","templated":true}]}}