{"id":472497,"date":"2025-10-18T12:54:11","date_gmt":"2025-10-18T12:54:11","guid":{"rendered":"https:\/\/www.europesays.com\/fr\/472497\/"},"modified":"2025-10-18T12:54:11","modified_gmt":"2025-10-18T12:54:11","slug":"extension-de-ligne-1-montpellier-referme-un-angle-mort-et-souvre-en-arc-en-ciel","status":"publish","type":"post","link":"https:\/\/www.europesays.com\/fr\/472497\/","title":{"rendered":"Extension de ligne 1 : Montpellier referme un angle mort et s&rsquo;ouvre en arc-en-ciel\ufffc"},"content":{"rendered":"<p>Jusqu\u2019\u00e0 pr\u00e9sent, la gare Sud de France constituait une anomalie dans la carte de la mobilit\u00e9 m\u00e9tropolitaine : un n\u0153ud ferroviaire strat\u00e9gique, mais isol\u00e9 du tramway. Il fallait navettes, voitures ou patience en bus pour rejoindre le centre. Le prolongement de la ligne 1, estim\u00e9 \u00e0 50 millions d\u2019euros, comprend une station suppl\u00e9mentaire et trois minutes de trajet en plus depuis Odysseum.<\/p>\n","protected":false},"excerpt":{"rendered":"Jusqu\u2019\u00e0 pr\u00e9sent, la gare Sud de France constituait une anomalie dans la carte de la mobilit\u00e9 m\u00e9tropolitaine :&hellip;\n","protected":false},"author":2,"featured_media":472498,"comment_status":"","ping_status":"","sticky":false,"template":"","format":"standard","meta":{"footnotes":""},"categories":[9599],"tags":[1111,11,1777,674,1011,27,2208,12,2680,25],"class_list":{"0":"post-472497","1":"post","2":"type-post","3":"status-publish","4":"format-standard","5":"has-post-thumbnail","7":"category-montpellier","8":"tag-actu","9":"tag-actualites","10":"tag-eu","11":"tag-europe","12":"tag-fr","13":"tag-france","14":"tag-montpellier","15":"tag-news","16":"tag-occitanie","17":"tag-republique-francaise"},"share_on_mastodon":{"url":"https:\/\/pubeurope.com\/@fr\/115395275296015373","error":""},"_links":{"self":[{"href":"https:\/\/www.europesays.com\/fr\/wp-json\/wp\/v2\/posts\/472497","targetHints":{"allow":["GET"]}}],"collection":[{"href":"https:\/\/www.europesays.com\/fr\/wp-json\/wp\/v2\/posts"}],"about":[{"href":"https:\/\/www.europesays.com\/fr\/wp-json\/wp\/v2\/types\/post"}],"author":[{"embeddable":true,"href":"https:\/\/www.europesays.com\/fr\/wp-json\/wp\/v2\/users\/2"}],"replies":[{"embeddable":true,"href":"https:\/\/www.europesays.com\/fr\/wp-json\/wp\/v2\/comments?post=472497"}],"version-history":[{"count":0,"href":"https:\/\/www.europesays.com\/fr\/wp-json\/wp\/v2\/posts\/472497\/revisions"}],"wp:featuredmedia":[{"embeddable":true,"href":"https:\/\/www.europesays.com\/fr\/wp-json\/wp\/v2\/media\/472498"}],"wp:attachment":[{"href":"https:\/\/www.europesays.com\/fr\/wp-json\/wp\/v2\/media?parent=472497"}],"wp:term":[{"taxonomy":"category","embeddable":true,"href":"https:\/\/www.europesays.com\/fr\/wp-json\/wp\/v2\/categories?post=472497"},{"taxonomy":"post_tag","embeddable":true,"href":"https:\/\/www.europesays.com\/fr\/wp-json\/wp\/v2\/tags?post=472497"}],"curies":[{"name":"wp","href":"https:\/\/api.w.org\/{rel}","templated":true}]}}