{"id":472499,"date":"2025-10-18T12:55:19","date_gmt":"2025-10-18T12:55:19","guid":{"rendered":"https:\/\/www.europesays.com\/fr\/472499\/"},"modified":"2025-10-18T12:55:19","modified_gmt":"2025-10-18T12:55:19","slug":"en-images-revivez-le-premier-trajet-du-tramway-montpellierain-jusqua-la-gare-sud-de-france","status":"publish","type":"post","link":"https:\/\/www.europesays.com\/fr\/472499\/","title":{"rendered":"EN IMAGES &#8211; Revivez le premier trajet du tramway montpelli\u00e9rain jusqu&rsquo;\u00e0 la gare Sud de France"},"content":{"rendered":"<p>L&rsquo;extension de la ligne 1 du tramway de Montpellier, entre Odysseum et la gare Sud de France, a \u00e9t\u00e9 mise en service ce samedi \u00e0 midi. Les deux gares montpelli\u00e9raines sont d\u00e9sormais reli\u00e9es par un m\u00eame tram en seulement 20 minutes.<\/p>\n<p>\u00c7a y est, le tramway va jusqu&rsquo;\u00e0 la gare Sud de France \u00e0 Montpellier\u00a0! Sept ans apr\u00e8s l&rsquo;ouverture de cette gare, en 2018, l&rsquo;extension de la ligne 1 depuis Odysseum a \u00e9t\u00e9 inaugur\u00e9e ce samedi midi. Finies les navettes et les changements de ligne, on peut d\u00e9sormais <strong>relier les deux gares montpelli\u00e9raines en une vingtaine de minutes<\/strong>. Un soulagement pour les 3 800 voyageurs attendus chaque jour.<\/p>\n<p>Les tout premiers passagers du tram \u00e0 la gare \u00e9taient d&rsquo;ailleurs unanimes. \u00ab\u00a0C&rsquo;est super, on va pouvoir venir prendre le train \u00e0 Sud de France plus souvent. Jusqu&rsquo;\u00e0 maintenant on privil\u00e9giait vraiment la gare Saint-Roch.\u00a0\u00bb Il y avait <strong>plus de 500 personnes<\/strong> sur le parvis de la gare Sud de France pour assister aux premiers passages du tram ce samedi.<\/p>\n<p>\u00ab\u00a0La fin d&rsquo;une anomalie\u00a0\u00bb<\/p>\n<p>\u00ab\u00a0Cette gare Sud de France est tr\u00e8s importante car l&rsquo;enjeu c&rsquo;est de relier Paris \u00e0 Madrid, rappelle le maire de Montpellier Micha\u00ebl Delafosse. La gare a ouvert, des entreprises se sont install\u00e9es, mais il n&rsquo;y avait toujours pas le tramway. Il fallait r\u00e9parer cette anomalie et c&rsquo;est ce que nous avons fait\u00a0! Ce n&rsquo;est que 1,3 kms mais \u00e7a veut dire beaucoup\u00a0!\u00a0\u00bb<\/p>\n<p>Le tramway ne sera d&rsquo;ailleurs <strong>pas le seul moyen de transport<\/strong> propos\u00e9 \u00e0 la gare Sud de France. \u00ab\u00a0On aura aussi bient\u00f4t l&rsquo;extension de la ligne 15 de bus, des v\u00e9lo-lignes, une deuxi\u00e8me station de taxis, d\u00e9taille\u00a0la vice-pr\u00e9sidente de la m\u00e9tropole en charge des mobilit\u00e9s Julie Fr\u00eache. C&rsquo;est vraiment une offre multimodale.\u00a0\u00bb<\/p>\n<p>L&rsquo;extension de la ligne 1 a co\u00fbt\u00e9 <strong>50 millions d&rsquo;euros<\/strong> \u00e0 la m\u00e9tropole de Montpellier, la r\u00e9gion Occitanie et l&rsquo;Etat.<\/p>\n<p>\u00c0 lire aussi   <img decoding=\"async\" src=\"https:\/\/www.europesays.com\/fr\/wp-content\/uploads\/2025\/10\/1760792119_902_560x315\" alt=\"A partir de 12h ce samedi 18 octobre 2025, la ligne 1 du tramway de Montpellier ira jusqu'\u00e0 la gare Sud de France, nouveau terminus\" style=\"--_image-preview:url('data:image\/jpeg;base64,\/9j\/2wBDACgcHiMeGSgjISMtKygwPGRBPDc3PHtYXUlkkYCZlo+AjIqgtObDoKrarYqMyP\/L2u71\/\/\/\/m8H\/\/\/\/6\/+b9\/\/j\/2wBDASstLTw1PHZBQXb4pYyl+Pj4+Pj4+Pj4+Pj4+Pj4+Pj4+Pj4+Pj4+Pj4+Pj4+Pj4+Pj4+Pj4+Pj4+Pj4+Pj4+Pj\/wAARCAAXACoDASIAAhEBAxEB\/8QAFwABAQEBAAAAAAAAAAAAAAAAAAMBAv\/EABgQAQEBAQEAAAAAAAAAAAAAAAABAhES\/8QAFQEBAQAAAAAAAAAAAAAAAAAAAQD\/xAAUEQEAAAAAAAAAAAAAAAAAAAAA\/9oADAMBAAIRAxEAPwCfSU4cQUzpXOkIpmoryt6nK66Ch5Z5AgmXUgJO40AX\/9k=');\" loading=\"lazy\" fetchpriority=\"low\" aria-hidden=\"true\" class=\"svelte-1pnmlwx rounded\" onload=\"this.__e=event\" onerror=\"this.__e=event\"\/><img loading=\"lazy\" decoding=\"async\" class=\"VisualPreview svelte-1rldrkz\" src=\"data:image\/jpeg;base64,\/9j\/2wBDACgcHiMeGSgjISMtKygwPGRBPDc3PHtYXUlkkYCZlo+AjIqgtObDoKrarYqMyP\/L2u71\/\/\/\/m8H\/\/\/\/6\/+b9\/\/j\/2wBDASstLTw1PHZBQXb4pYyl+Pj4+Pj4+Pj4+Pj4+Pj4+Pj4+Pj4+Pj4+Pj4+Pj4+Pj4+Pj4+Pj4+Pj4+Pj4+Pj4+Pj\/wAARCAAfACoDASIAAhEBAxEB\/8QAFwABAQEBAAAAAAAAAAAAAAAAAgEDAP\/EABgQAQEBAQEAAAAAAAAAAAAAAAABEQIS\/8QAFwEBAQEBAAAAAAAAAAAAAAAAAgEDAP\/EABYRAQEBAAAAAAAAAAAAAAAAAAARAf\/aAAwDAQACEQMRAD8Aepalo2tazhelnTLXSqjeVdZSlqOGjWmJeQp6xrjvI4WBqyloxSg1\/9k=\" alt=\"La premi\u00e8re rame arriv\u00e9e \u00e0 la station Sud de France.\" width=\"600\" height=\"450\"\/>  La premi\u00e8re rame arriv\u00e9e \u00e0 la station Sud de France. \u00a9 Radio France &#8211; Thomas Pinaroli<img loading=\"lazy\" decoding=\"async\" class=\"VisualPreview svelte-1rldrkz\" src=\"data:image\/jpeg;base64,\/9j\/2wBDACgcHiMeGSgjISMtKygwPGRBPDc3PHtYXUlkkYCZlo+AjIqgtObDoKrarYqMyP\/L2u71\/\/\/\/m8H\/\/\/\/6\/+b9\/\/j\/2wBDASstLTw1PHZBQXb4pYyl+Pj4+Pj4+Pj4+Pj4+Pj4+Pj4+Pj4+Pj4+Pj4+Pj4+Pj4+Pj4+Pj4+Pj4+Pj4+Pj4+Pj\/wAARCAAfACoDASIAAhEBAxEB\/8QAGAAAAwEBAAAAAAAAAAAAAAAAAAEDAgT\/xAAYEAEBAQEBAAAAAAAAAAAAAAAAEhEBAv\/EABcBAQEBAQAAAAAAAAAAAAAAAAABAgP\/xAAVEQEBAAAAAAAAAAAAAAAAAAAAEf\/aAAwDAQACEQMRAD8ApoT56OnSsxvRrFFRUimnqVCirEOe2rc3PTfPTCrUVJ0NUUoUno0H\/9k=\" alt=\"La station gare Sud de France.\" width=\"600\" height=\"450\"\/>  La station gare Sud de France. \u00a9 Radio France &#8211; Thomas Pinaroli<img loading=\"lazy\" decoding=\"async\" class=\"VisualPreview svelte-1rldrkz\" src=\"data:image\/jpeg;base64,\/9j\/2wBDACgcHiMeGSgjISMtKygwPGRBPDc3PHtYXUlkkYCZlo+AjIqgtObDoKrarYqMyP\/L2u71\/\/\/\/m8H\/\/\/\/6\/+b9\/\/j\/2wBDASstLTw1PHZBQXb4pYyl+Pj4+Pj4+Pj4+Pj4+Pj4+Pj4+Pj4+Pj4+Pj4+Pj4+Pj4+Pj4+Pj4+Pj4+Pj4+Pj4+Pj\/wAARCAAfACoDASIAAhEBAxEB\/8QAFwABAQEBAAAAAAAAAAAAAAAAAgMAAf\/EABcQAQEBAQAAAAAAAAAAAAAAAAABEQL\/xAAXAQEBAQEAAAAAAAAAAAAAAAABAAMC\/8QAFhEBAQEAAAAAAAAAAAAAAAAAABEB\/9oADAMBAAIRAxEAPwDutoa2miFan1WtC11miOUSbDRFnKeD1GbRPqhaXaaBwsHlTFU\/\/9k=\" alt=\"La vice-pr\u00e9sidente de la m\u00e9tropole Julie Fr\u00eache (\u00e0 gauche), le maire de Montpellier Micha\u00ebl Delafosse et le pr\u00e9sident de la TAM Renaud Calvat (\u00e0 droite).\" width=\"600\" height=\"450\"\/>  La vice-pr\u00e9sidente de la m\u00e9tropole Julie Fr\u00eache (\u00e0 gauche), le maire de Montpellier Micha\u00ebl Delafosse et le pr\u00e9sident de la TAM Renaud Calvat (\u00e0 droite). \u00a9 Radio France &#8211; Thomas Pinaroli<img loading=\"lazy\" decoding=\"async\" class=\"VisualPreview svelte-1rldrkz\" src=\"data:image\/jpeg;base64,\/9j\/2wBDACgcHiMeGSgjISMtKygwPGRBPDc3PHtYXUlkkYCZlo+AjIqgtObDoKrarYqMyP\/L2u71\/\/\/\/m8H\/\/\/\/6\/+b9\/\/j\/2wBDASstLTw1PHZBQXb4pYyl+Pj4+Pj4+Pj4+Pj4+Pj4+Pj4+Pj4+Pj4+Pj4+Pj4+Pj4+Pj4+Pj4+Pj4+Pj4+Pj4+Pj\/wAARCAAfACoDASIAAhEBAxEB\/8QAFwAAAwEAAAAAAAAAAAAAAAAAAQIDAP\/EABgQAQEBAQEAAAAAAAAAAAAAAAARAQIS\/8QAFwEBAAMAAAAAAAAAAAAAAAAAAAECA\/\/EABURAQEAAAAAAAAAAAAAAAAAAAAR\/9oADAMBAAIRAxEAPwCdAtGtKyg1qVipNR9J1qUhc6NmoZ0pzqi0UwYHJ4khNwqu4WBH\/9k=\" alt=\"Le maire de Montpellier Micha\u00ebl Delafosse rappelle les chiffres-cl\u00e9s de l'extension du tramway.\" width=\"600\" height=\"450\"\/>  Le maire de Montpellier Micha\u00ebl Delafosse rappelle les chiffres-cl\u00e9s de l&rsquo;extension du tramway. \u00a9 Radio France &#8211; Thomas Pinaroli<img loading=\"lazy\" decoding=\"async\" class=\"VisualPreview svelte-1rldrkz\" src=\"data:image\/jpeg;base64,\/9j\/2wBDACgcHiMeGSgjISMtKygwPGRBPDc3PHtYXUlkkYCZlo+AjIqgtObDoKrarYqMyP\/L2u71\/\/\/\/m8H\/\/\/\/6\/+b9\/\/j\/2wBDASstLTw1PHZBQXb4pYyl+Pj4+Pj4+Pj4+Pj4+Pj4+Pj4+Pj4+Pj4+Pj4+Pj4+Pj4+Pj4+Pj4+Pj4+Pj4+Pj4+Pj\/wAARCAAfACoDASIAAhEBAxEB\/8QAFwABAQEBAAAAAAAAAAAAAAAAAgEAA\/\/EABcQAQEBAQAAAAAAAAAAAAAAAAABEQL\/xAAXAQADAQAAAAAAAAAAAAAAAAAAAQID\/8QAFhEBAQEAAAAAAAAAAAAAAAAAAAER\/9oADAMBAAIRAxEAPwDnrDKUqkK1ralolTYloraK5U4nNOVy5OM2xalqWjaCwtTR1tPRj\/\/Z\" alt=\"Une rame aux couleurs de l'inauguration.\" width=\"600\" height=\"450\"\/>  Une rame aux couleurs de l&rsquo;inauguration. \u00a9 Radio France &#8211; Thomas Pinaroli<\/p>\n","protected":false},"excerpt":{"rendered":"L&rsquo;extension de la ligne 1 du tramway de Montpellier, entre Odysseum et la gare Sud de France, a&hellip;\n","protected":false},"author":2,"featured_media":472500,"comment_status":"","ping_status":"","sticky":false,"template":"","format":"standard","meta":{"footnotes":""},"categories":[9599],"tags":[1111,11,1777,674,1011,27,2208,12,2680,25],"class_list":{"0":"post-472499","1":"post","2":"type-post","3":"status-publish","4":"format-standard","5":"has-post-thumbnail","7":"category-montpellier","8":"tag-actu","9":"tag-actualites","10":"tag-eu","11":"tag-europe","12":"tag-fr","13":"tag-france","14":"tag-montpellier","15":"tag-news","16":"tag-occitanie","17":"tag-republique-francaise"},"share_on_mastodon":{"url":"https:\/\/pubeurope.com\/@fr\/115395279619161604","error":""},"_links":{"self":[{"href":"https:\/\/www.europesays.com\/fr\/wp-json\/wp\/v2\/posts\/472499","targetHints":{"allow":["GET"]}}],"collection":[{"href":"https:\/\/www.europesays.com\/fr\/wp-json\/wp\/v2\/posts"}],"about":[{"href":"https:\/\/www.europesays.com\/fr\/wp-json\/wp\/v2\/types\/post"}],"author":[{"embeddable":true,"href":"https:\/\/www.europesays.com\/fr\/wp-json\/wp\/v2\/users\/2"}],"replies":[{"embeddable":true,"href":"https:\/\/www.europesays.com\/fr\/wp-json\/wp\/v2\/comments?post=472499"}],"version-history":[{"count":0,"href":"https:\/\/www.europesays.com\/fr\/wp-json\/wp\/v2\/posts\/472499\/revisions"}],"wp:featuredmedia":[{"embeddable":true,"href":"https:\/\/www.europesays.com\/fr\/wp-json\/wp\/v2\/media\/472500"}],"wp:attachment":[{"href":"https:\/\/www.europesays.com\/fr\/wp-json\/wp\/v2\/media?parent=472499"}],"wp:term":[{"taxonomy":"category","embeddable":true,"href":"https:\/\/www.europesays.com\/fr\/wp-json\/wp\/v2\/categories?post=472499"},{"taxonomy":"post_tag","embeddable":true,"href":"https:\/\/www.europesays.com\/fr\/wp-json\/wp\/v2\/tags?post=472499"}],"curies":[{"name":"wp","href":"https:\/\/api.w.org\/{rel}","templated":true}]}}