{"id":472506,"date":"2025-10-18T13:00:12","date_gmt":"2025-10-18T13:00:12","guid":{"rendered":"https:\/\/www.europesays.com\/fr\/472506\/"},"modified":"2025-10-18T13:00:12","modified_gmt":"2025-10-18T13:00:12","slug":"une-personne-blessee-dans-une-collision-en-ille-et-vilaine-un-conducteur-en-fuite","status":"publish","type":"post","link":"https:\/\/www.europesays.com\/fr\/472506\/","title":{"rendered":"Une personne bless\u00e9e dans une collision en Ille-et-Vilaine\u00a0: un conducteur en fuite"},"content":{"rendered":"<p>Ce vendredi soir, vers 22 h 50, un accident s\u2019est produit sur la D69 l\u2019axe reliant La Chapelle-Bou\u00ebxic \u00e0 Baulon. Selon les premiers \u00e9l\u00e9ments de l\u2019enqu\u00eate, un v\u00e9hicule se serait d\u00e9port\u00e9 sur la voie de circulation de gauche, \u00e0 la sortie de virage, au moment o\u00f9 arrivait une autre voiture en sens inverse. Dans le choc, une conductrice \u00e2g\u00e9e de 38 ans a \u00e9t\u00e9 bless\u00e9e. Les pompiers arriv\u00e9s sur place ont d\u00fb utiliser des moyens de d\u00e9sincarc\u00e9ration pour secourir la victime qui a \u00e9t\u00e9 transport\u00e9e vers le CHR Pontchaillou. L\u2019autre conducteur a, lui, pris la fuite apr\u00e8s la collision. Une enqu\u00eate de gendarmerie a \u00e9t\u00e9 ouverte sur ces faits.<\/p>\n","protected":false},"excerpt":{"rendered":"Ce vendredi soir, vers 22 h 50, un accident s\u2019est produit sur la D69 l\u2019axe reliant La Chapelle-Bou\u00ebxic&hellip;\n","protected":false},"author":2,"featured_media":472507,"comment_status":"","ping_status":"","sticky":false,"template":"","format":"standard","meta":{"footnotes":""},"categories":[2821],"tags":[1111,11,829,765,1777,674,118,1011,27,848,12,584,25],"class_list":{"0":"post-472506","1":"post","2":"type-post","3":"status-publish","4":"format-standard","5":"has-post-thumbnail","7":"category-rennes","8":"tag-actu","9":"tag-actualites","10":"tag-bretagne","11":"tag-en-continu","12":"tag-eu","13":"tag-europe","14":"tag-faits-divers","15":"tag-fr","16":"tag-france","17":"tag-ille-et-vilaine","18":"tag-news","19":"tag-rennes","20":"tag-republique-francaise"},"share_on_mastodon":{"url":"https:\/\/pubeurope.com\/@fr\/115395298959549340","error":""},"_links":{"self":[{"href":"https:\/\/www.europesays.com\/fr\/wp-json\/wp\/v2\/posts\/472506","targetHints":{"allow":["GET"]}}],"collection":[{"href":"https:\/\/www.europesays.com\/fr\/wp-json\/wp\/v2\/posts"}],"about":[{"href":"https:\/\/www.europesays.com\/fr\/wp-json\/wp\/v2\/types\/post"}],"author":[{"embeddable":true,"href":"https:\/\/www.europesays.com\/fr\/wp-json\/wp\/v2\/users\/2"}],"replies":[{"embeddable":true,"href":"https:\/\/www.europesays.com\/fr\/wp-json\/wp\/v2\/comments?post=472506"}],"version-history":[{"count":0,"href":"https:\/\/www.europesays.com\/fr\/wp-json\/wp\/v2\/posts\/472506\/revisions"}],"wp:featuredmedia":[{"embeddable":true,"href":"https:\/\/www.europesays.com\/fr\/wp-json\/wp\/v2\/media\/472507"}],"wp:attachment":[{"href":"https:\/\/www.europesays.com\/fr\/wp-json\/wp\/v2\/media?parent=472506"}],"wp:term":[{"taxonomy":"category","embeddable":true,"href":"https:\/\/www.europesays.com\/fr\/wp-json\/wp\/v2\/categories?post=472506"},{"taxonomy":"post_tag","embeddable":true,"href":"https:\/\/www.europesays.com\/fr\/wp-json\/wp\/v2\/tags?post=472506"}],"curies":[{"name":"wp","href":"https:\/\/api.w.org\/{rel}","templated":true}]}}