{"id":472510,"date":"2025-10-18T13:02:12","date_gmt":"2025-10-18T13:02:12","guid":{"rendered":"https:\/\/www.europesays.com\/fr\/472510\/"},"modified":"2025-10-18T13:02:12","modified_gmt":"2025-10-18T13:02:12","slug":"kehl-ivre-un-automobiliste-prend-trois-fois-la-fuite-pour-echapper-a-un-controle-des-policiers-allemands","status":"publish","type":"post","link":"https:\/\/www.europesays.com\/fr\/472510\/","title":{"rendered":"Kehl. Ivre, un automobiliste prend trois fois la fuite pour \u00e9chapper \u00e0 un contr\u00f4le des policiers allemands"},"content":{"rendered":"<p>Un automobiliste a pris trois fois la fuite devant la police, jeudi 16\u00a0octobre, a indiqu\u00e9 la police allemande. La police f\u00e9d\u00e9rale voulait contr\u00f4ler la voiture de l\u2019homme au poste fronti\u00e8re de Kehl-Europabr\u00fccke. L\u2019homme a franchi le contr\u00f4le frontalier sans s\u2019arr\u00eater et s\u2019est enfui. La police a finalement rep\u00e9r\u00e9 la voiture dans la zone urbaine de Kehl et a voulu la contr\u00f4ler \u00e0 nouveau. Le conducteur a repris la fuite, mais est entr\u00e9 en collision avec deux v\u00e9hicules en stationnement. Lui et son passager ont ensuite pris la fuite \u00e0 pied.<\/p>\n<p>Taux d&rsquo;alcool\u00e9mie de 1,6 grammes<\/p>\n<p>L\u2019homme de 25 ans a finalement \u00e9t\u00e9 arr\u00eat\u00e9 par la police. En raison du risque de fuite, il a \u00e9t\u00e9 menott\u00e9. Son passager a r\u00e9ussi \u00e0 s\u2019enfuir, mais a perdu ses papiers d\u2019identit\u00e9. Un alcootest a r\u00e9v\u00e9l\u00e9 un taux d\u2019alcool\u00e9mie de 1,6\u00a0g chez le conducteur. De plus, il ne poss\u00e8de pas de permis de conduire.<\/p>\n<p>Une proc\u00e9dure a \u00e9t\u00e9 engag\u00e9e contre cet homme pour mise en danger de la circulation routi\u00e8re, conduite en \u00e9tat d\u2019ivresse, conduite sans permis, non-respect de l\u2019ordre de s\u2019arr\u00eater donn\u00e9 par des agents de police et non-soumission au contr\u00f4le frontalier. Le montant total des dommages est estim\u00e9 \u00e0 50\u00a0000\u00a0euros.<\/p>\n","protected":false},"excerpt":{"rendered":"Un automobiliste a pris trois fois la fuite devant la police, jeudi 16\u00a0octobre, a indiqu\u00e9 la police allemande.&hellip;\n","protected":false},"author":2,"featured_media":472511,"comment_status":"","ping_status":"","sticky":false,"template":"","format":"standard","meta":{"footnotes":""},"categories":[2820],"tags":[1111,11,672,2389,2649,271,272,2880,1777,674,274,107,1011,27,775,12,25,1806,640,2879],"class_list":{"0":"post-472510","1":"post","2":"type-post","3":"status-publish","4":"format-standard","5":"has-post-thumbnail","7":"category-strasbourg","8":"tag-actu","9":"tag-actualites","10":"tag-allemagne","11":"tag-alsace","12":"tag-bas-rhin","13":"tag-crime","14":"tag-delit-et-contravention","15":"tag-edition-strasbourg","16":"tag-eu","17":"tag-europe","18":"tag-faits-divers-justice","19":"tag-fil-info","20":"tag-fr","21":"tag-france","22":"tag-grand-est","23":"tag-news","24":"tag-republique-francaise","25":"tag-rheinblick","26":"tag-strasbourg","27":"tag-strasbourg-ville"},"share_on_mastodon":{"url":"https:\/\/pubeurope.com\/@fr\/115395306843373688","error":""},"_links":{"self":[{"href":"https:\/\/www.europesays.com\/fr\/wp-json\/wp\/v2\/posts\/472510","targetHints":{"allow":["GET"]}}],"collection":[{"href":"https:\/\/www.europesays.com\/fr\/wp-json\/wp\/v2\/posts"}],"about":[{"href":"https:\/\/www.europesays.com\/fr\/wp-json\/wp\/v2\/types\/post"}],"author":[{"embeddable":true,"href":"https:\/\/www.europesays.com\/fr\/wp-json\/wp\/v2\/users\/2"}],"replies":[{"embeddable":true,"href":"https:\/\/www.europesays.com\/fr\/wp-json\/wp\/v2\/comments?post=472510"}],"version-history":[{"count":0,"href":"https:\/\/www.europesays.com\/fr\/wp-json\/wp\/v2\/posts\/472510\/revisions"}],"wp:featuredmedia":[{"embeddable":true,"href":"https:\/\/www.europesays.com\/fr\/wp-json\/wp\/v2\/media\/472511"}],"wp:attachment":[{"href":"https:\/\/www.europesays.com\/fr\/wp-json\/wp\/v2\/media?parent=472510"}],"wp:term":[{"taxonomy":"category","embeddable":true,"href":"https:\/\/www.europesays.com\/fr\/wp-json\/wp\/v2\/categories?post=472510"},{"taxonomy":"post_tag","embeddable":true,"href":"https:\/\/www.europesays.com\/fr\/wp-json\/wp\/v2\/tags?post=472510"}],"curies":[{"name":"wp","href":"https:\/\/api.w.org\/{rel}","templated":true}]}}