{"id":472512,"date":"2025-10-18T13:03:11","date_gmt":"2025-10-18T13:03:11","guid":{"rendered":"https:\/\/www.europesays.com\/fr\/472512\/"},"modified":"2025-10-18T13:03:11","modified_gmt":"2025-10-18T13:03:11","slug":"strasbourg-chez-apollonia-joseph-bey-fait-entendre-le-murmure-des-ames","status":"publish","type":"post","link":"https:\/\/www.europesays.com\/fr\/472512\/","title":{"rendered":"Strasbourg. Chez Apollonia, Joseph Bey fait entendre le murmure des \u00e2mes"},"content":{"rendered":"<p>Il est question de pr\u00e9sences et d\u2019absences, dans la nouvelle exposition en cours d\u2019installation \u00e0 l\u2019espace Apollonia. De disparus qui murmurent \u00e0 l\u2019oreille des vivants\u00a0; de traces infimes et de travers\u00e9es intimes\u00a0; d\u2019\u00e2mes errantes.<\/p>\n<p>Directeur de la structure associative sise \u00e0 l\u2019entr\u00e9e de la Robertsau, Dimitri Konstantinidis a convi\u00e9 du 25\u00a0octobre au 7\u00a0d\u00e9cembre l\u2019artiste mulhousien Joseph Bey \u00e0 exposer sur ses cimaises.<\/p>\n<p>D\u2019une rive \u00e0 l\u2019autre, il navigue, int\u00e9grant dans sa d\u00e9marche la m\u00e9moire, le spirituel et l\u2019invisible. \u00ab\u00a0Mon travail cherche \u00e0 rendre tangible ce qui persiste au-del\u00e0 de la vie\u00a0\u00bb, r\u00e9sume-t-il. Le projet Murmure des \u00e2mes puise ainsi ses racines dans un p\u00e8lerinage sur l\u2019\u00eele japonaise de Shikoku, <a href=\"https:\/\/www.dna.fr\/edition-de-colmar\/2018\/03\/02\/des-noirs-pas-si-noirs\" target=\"_blank\" rel=\"nofollow noopener\">o\u00f9 Joseph Bey<\/a> a parcouru pendant deux mois les 88 temples d\u00e9di\u00e9s \u00e0 Kobo-Daishi, le fondateur du bouddhisme Shingon.<\/p>\n<p>Ce contenu est bloqu\u00e9 car vous n&rsquo;avez pas accept\u00e9 les cookies et autres traceurs.<\/p>\n<p>En cliquant sur \u00ab J\u2019accepte \u00bb, les cookies et autres traceurs seront d\u00e9pos\u00e9s et vous pourrez visualiser les contenus  (<a href=\"\" class=\"consentModule_policy\" target=\"_blank\" title=\"Consulter la politique de protection des donn\u00e9es du fournisseur\">plus d&rsquo;informations<\/a>).<\/p>\n<p>En cliquant sur \u00ab J\u2019accepte tous les cookies \u00bb, vous autorisez des d\u00e9p\u00f4ts de cookies et autres traceurs pour le stockage de vos donn\u00e9es sur nos sites et applications \u00e0 des fins de personnalisation et de ciblage publicitaire.<\/p>\n<p class=\"consentModule_secondaryText\">Vous gardez la possibilit\u00e9 de retirer votre consentement \u00e0 tout moment en consultant notre <a href=\"https:\/\/www.dna.fr\/protection-des-donnees\" target=\"_blank\" title=\"Consulter notre politique de protection des donn\u00e9es\" rel=\"nofollow noopener\">politique de protection des donn\u00e9es<\/a>. <br \/>&#13;<br \/>\n            <a href=\"https:\/\/www.dna.fr\/culture-loisirs\/2025\/10\/18\/javascript:Didomi.notice.show()\" class=\"consentModule_cmp\" rel=\"nofollow noopener\" target=\"_blank\">G\u00e9rer mes choix<\/a>&#13;\n        <\/p>\n<p>&#13;<br \/>\n                        J&rsquo;accepte&#13;<br \/>\n            J&rsquo;accepte tous les cookies&#13;\n        <\/p>\n<p>\u00ab\u00a0Cela faisait longtemps qu\u2019on parlait de cette exposition. Le moment \u00e9tait venu\u00a0\u00bb, estime Dimitri Konstantinidis. Pens\u00e9e comme une d\u00e9ambulation, vivants et morts y cohabitent, l\u2019ombre des uns nimbant les corps des autres, \u00e9mergeant des couches d\u2019affiches de r\u00e9cup\u00e9ration sur lesquelles l\u2019artiste appose des pigments avant de venir les gratter, \u00e0 l\u2019image d\u2019un palimpseste.<\/p>\n<p>D\u00e8s l\u2019entr\u00e9e, une imposante installation d\u2019habits suspendus accueille le visiteur. Au sein de cette \u201cFor\u00eat enchant\u00e9e\u201d , \u00ab\u00a0chaque v\u00eatement, porteur d\u2019une m\u00e9moire intime, devient le t\u00e9moin muet d\u2019une pr\u00e9sence, une trace offerte au regard de tous\u00a0\u00bb. Si les premiers \u00ab\u00a0arbres\u00a0\u00bb ont d\u00e9j\u00e0 pouss\u00e9 \u2013 merci au partenariat avec Terre des Hommes, qui r\u00e9cup\u00e9rera les v\u00eatements \u00e0 l\u2019issue de l\u2019exposition \u2013, il reste de la place pour ceux que sont invit\u00e9s \u00e0 ramener les visiteurs d\u00e9sireux de contribuer. \u00ab\u00a0On peut apporter les v\u00eatements d\u00e8s ce lundi, et m\u00eame par la suite, quand l\u2019exposition aura d\u00e9marr\u00e9\u00a0\u00bb, pr\u00e9cise Dimitri Konstantinidis. <a href=\"https:\/\/www.dna.fr\/culture-loisirs\/2024\/03\/14\/philippe-jacq-tisse-sa-toile-et-sa-vision-du-monde\" target=\"_blank\" rel=\"nofollow noopener\">Apr\u00e8s la magnifique exposition de Philippe Jacq l\u2019an dernier,<\/a> voil\u00e0 donc une nouvelle occasion pour Apollonia de revisiter l\u2019usage des tissus.<\/p>\n<p>Au fond de la galerie associative, les couleurs se font moins vivres et la verticalit\u00e9 des premiers tableaux grand format c\u00e8de la place \u00e0 l\u2019horizontalit\u00e9 et aux gisants. Pour passer d\u2019une rive \u00e0 l\u2019autre, il faut suivre la mar\u00e9e des bateaux calcin\u00e9s. Quelque 400 petites embarcations noires, voguant toutes dans la m\u00eame direction, \u00e9voquent ici les d\u00e9parts et les migrations\u00a0; mais aussi la fragilit\u00e9 des travers\u00e9es humaines, attir\u00e9es comme un aimant vers la m\u00eame fin\u2026 Qui n\u2019en est peut-\u00eatre pas tout \u00e0 fait une.<\/p>\n<p class=\"note\">Murmure des \u00e2mes , de Joseph Bey, du 25\u00a0octobre au 7\u00a0d\u00e9cembre, \u00e0 l\u2019espace Apollonia, 23, rue Boecklin \u00e0 Strasbourg, du mardi au dimanche, de 14\u00a0h \u00e0 18\u00a0h. Vernissage vendredi 24\u00a0octobre \u00e0 18\u00a0h\u00a030. Entr\u00e9e libre. D\u00e9p\u00f4t des dons du lundi au vendredi, de 11\u00a0h \u00e0 17\u00a0h.<\/p>\n","protected":false},"excerpt":{"rendered":"Il est question de pr\u00e9sences et d\u2019absences, dans la nouvelle exposition en cours d\u2019installation \u00e0 l\u2019espace Apollonia. De&hellip;\n","protected":false},"author":2,"featured_media":472513,"comment_status":"","ping_status":"","sticky":false,"template":"","format":"standard","meta":{"footnotes":""},"categories":[2820],"tags":[1111,11,1687,2880,1777,674,2271,107,1011,27,775,12,25,104,640,2879,1631],"class_list":{"0":"post-472512","1":"post","2":"type-post","3":"status-publish","4":"format-standard","5":"has-post-thumbnail","7":"category-strasbourg","8":"tag-actu","9":"tag-actualites","10":"tag-culture-loisirs","11":"tag-edition-strasbourg","12":"tag-eu","13":"tag-europe","14":"tag-exposition-arts-plastiques","15":"tag-fil-info","16":"tag-fr","17":"tag-france","18":"tag-grand-est","19":"tag-news","20":"tag-republique-francaise","21":"tag-societe","22":"tag-strasbourg","23":"tag-strasbourg-ville","24":"tag-vie-associative"},"share_on_mastodon":{"url":"https:\/\/pubeurope.com\/@fr\/115395310611198873","error":""},"_links":{"self":[{"href":"https:\/\/www.europesays.com\/fr\/wp-json\/wp\/v2\/posts\/472512","targetHints":{"allow":["GET"]}}],"collection":[{"href":"https:\/\/www.europesays.com\/fr\/wp-json\/wp\/v2\/posts"}],"about":[{"href":"https:\/\/www.europesays.com\/fr\/wp-json\/wp\/v2\/types\/post"}],"author":[{"embeddable":true,"href":"https:\/\/www.europesays.com\/fr\/wp-json\/wp\/v2\/users\/2"}],"replies":[{"embeddable":true,"href":"https:\/\/www.europesays.com\/fr\/wp-json\/wp\/v2\/comments?post=472512"}],"version-history":[{"count":0,"href":"https:\/\/www.europesays.com\/fr\/wp-json\/wp\/v2\/posts\/472512\/revisions"}],"wp:featuredmedia":[{"embeddable":true,"href":"https:\/\/www.europesays.com\/fr\/wp-json\/wp\/v2\/media\/472513"}],"wp:attachment":[{"href":"https:\/\/www.europesays.com\/fr\/wp-json\/wp\/v2\/media?parent=472512"}],"wp:term":[{"taxonomy":"category","embeddable":true,"href":"https:\/\/www.europesays.com\/fr\/wp-json\/wp\/v2\/categories?post=472512"},{"taxonomy":"post_tag","embeddable":true,"href":"https:\/\/www.europesays.com\/fr\/wp-json\/wp\/v2\/tags?post=472512"}],"curies":[{"name":"wp","href":"https:\/\/api.w.org\/{rel}","templated":true}]}}